{"id":4055,"date":"2023-02-28T18:34:28","date_gmt":"2023-02-28T21:34:28","guid":{"rendered":"https:\/\/focotocantinense.com.br\/?p=4055"},"modified":"2023-02-28T18:36:46","modified_gmt":"2023-02-28T21:36:46","slug":"hospital-dom-orione-empossa-gestao-da-cipa-2023","status":"publish","type":"post","link":"https:\/\/focotocantinense.com.br\/?p=4055","title":{"rendered":"Hospital Dom Orione empossa gest\u00e3o da CIPA 2023"},"content":{"rendered":"\n<p><\/p>\n\n\n\n<p><strong>Por Rodrigo Martins&nbsp;<\/strong><\/p>\n\n\n\n<p>Na tarde desta ter\u00e7a-feira, 28 de fevereiro, o Hospital Dom Orione deu posse aos novos membros da Comiss\u00e3o Interna de Preven\u00e7\u00e3o de Acidentes (CIPA). Al\u00e9m de contribuir para a preserva\u00e7\u00e3o da vida e promo\u00e7\u00e3o da sa\u00fade do trabalhador, a comiss\u00e3o atua na preven\u00e7\u00e3o de acidentes e doen\u00e7as decorrentes do trabalho.<\/p>\n\n\n\n<p>O diretor presidente do Hospital Dom Orione, Padre Bruno Rodrigues, proferiu a ben\u00e7\u00e3o sobre os membros da comiss\u00e3o e destacou a import\u00e2ncia do papel de cada um. \u201cContamos com a atua\u00e7\u00e3o de cada cipeiro para que o ambiente de trabalho no nosso hospital seja cada vez mais seguro para todos os nossos colaboradores\u201d, destacou.<\/p>\n\n\n\n<p>Os membros da CIPA passaram por um treinamento de 16 horas que tratou sobre assuntos como o estudo do ambiente e das condi\u00e7\u00f5es de trabalho, no\u00e7\u00f5es sobre acidentes e doen\u00e7as no trabalho, organiza\u00e7\u00e3o da CIPA, dentre outros. A equipe \u00e9 composta por 28 colaboradores, sendo 14 indicados pela diretoria e 14 por elei\u00e7\u00e3o entre e tem mandato de um ano.<\/p>\n\n\n\n<figure class=\"wp-block-image size-full is-resized\"><img loading=\"lazy\" decoding=\"async\" src=\"https:\/\/focotocantinense.com.br\/wp-content\/uploads\/2023\/02\/ccc-4.jpg\" alt=\"\" class=\"wp-image-4056\" width=\"392\" height=\"267\" srcset=\"https:\/\/focotocantinense.com.br\/wp-content\/uploads\/2023\/02\/ccc-4.jpg 690w, https:\/\/focotocantinense.com.br\/wp-content\/uploads\/2023\/02\/ccc-4-300x204.jpg 300w, https:\/\/focotocantinense.com.br\/wp-content\/uploads\/2023\/02\/ccc-4-110x75.jpg 110w\" sizes=\"auto, (max-width: 392px) 100vw, 392px\" \/><\/figure>\n\n\n\n<p><strong>Membros da CIPA<\/strong><\/p>\n\n\n\n<p>Emerson Alves da Silva \u2013 Presidente<\/p>\n\n\n\n<p>Gislene da Silva Costa Farias \u2013 Vice-presidente<\/p>\n\n\n\n<p>Acrizio Maciel dos Santos Aguiar<\/p>\n\n\n\n<p>Ant\u00f4nio Miranda do Nascimento<\/p>\n\n\n\n<p>Arthur Vin\u00edcius Ara\u00fajo Leite<\/p>\n\n\n\n<p>Beatriz Guida Ramos<\/p>\n\n\n\n<p>Doriv\u00e2nia Alves de Carvalho<\/p>\n\n\n\n<p>Edinalva Meneses Jardim<\/p>\n\n\n\n<p>Elen Karlene Batista Ferreira Sousa<\/p>\n\n\n\n<p>Eliane de Sousa Costa<\/p>\n\n\n\n<p>Gilberto Magno Ribeiro Junior<\/p>\n\n\n\n<p>Halex Junior de Oliveira Braga<\/p>\n\n\n\n<p>Jackson Bezerra de Carvalho<\/p>\n\n\n\n<p>Jamin Rocha de Ara\u00fajo<\/p>\n\n\n\n<p>Jardelia Sousa Dias<\/p>\n\n\n\n<p>Jardenir de Sousa Brito<\/p>\n\n\n\n<p>Joelma Alves Lustosa<\/p>\n\n\n\n<p>Leidiane Pereira Lima Sousa<\/p>\n\n\n\n<p>Maria Aparecida Maia Dourado<\/p>\n\n\n\n<p>Maria Luciene Carlos de Oliveira<\/p>\n\n\n\n<p>Osvaldo Nascimento de S\u00e1 Filho<\/p>\n\n\n\n<p>Priscilla da Silva Medeiros<\/p>\n\n\n\n<p>Rafael Dias da Silva<\/p>\n\n\n\n<p>Raylania de Souza Bezerra Reis<\/p>\n\n\n\n<p>Ros\u00e2ngela Silva Pereira<\/p>\n\n\n\n<p>Tahwanna Luz Alves Neves<\/p>\n\n\n\n<p>Welison Trindade Pardim<\/p>\n\n\n\n<p>Weslley Nunes Lima<\/p>\n\n\n\n<figure class=\"wp-block-image\"><img decoding=\"async\" src=\"http:\/\/n1to.com.br\/img\/uploads\/xxxxxxxxxxxxxxxxxxxxx.jpg\" alt=\"\"\/><\/figure>\n\n\n\n<figure class=\"wp-block-image\"><a href=\"https:\/\/www.instagram.com\/viniciusmartinsto\/\" target=\"_blank\" rel=\"noreferrer noopener\"><img decoding=\"async\" src=\"https:\/\/www.n1to.com.br\/img\/cache\/720x105\/80\/crop\/Imagem-eef442e8e75cae0362296529067458d6.png\" alt=\"\" title=\"Vin\u00edcius Martins - Consultor de Pol\u00edticas P\u00fablicas\"\/><\/a><\/figure>\n","protected":false},"excerpt":{"rendered":"<p>Por Rodrigo Martins&nbsp; Na tarde desta ter\u00e7a-feira, 28 de fevereiro, o Hospital Dom Orione deu posse aos novos membros da Comiss\u00e3o Interna de Preven\u00e7\u00e3o de Acidentes (CIPA). Al\u00e9m de contribuir para a preserva\u00e7\u00e3o da vida e promo\u00e7\u00e3o da sa\u00fade do trabalhador, a comiss\u00e3o atua na preven\u00e7\u00e3o de acidentes e doen\u00e7as decorrentes do trabalho. O diretor &hellip;<\/p>\n","protected":false},"author":5,"featured_media":4056,"comment_status":"open","ping_status":"open","sticky":false,"template":"","format":"standard","meta":{"footnotes":""},"categories":[45],"tags":[],"class_list":["post-4055","post","type-post","status-publish","format-standard","has-post-thumbnail","","category-araguaina"],"_links":{"self":[{"href":"https:\/\/focotocantinense.com.br\/index.php?rest_route=\/wp\/v2\/posts\/4055","targetHints":{"allow":["GET"]}}],"collection":[{"href":"https:\/\/focotocantinense.com.br\/index.php?rest_route=\/wp\/v2\/posts"}],"about":[{"href":"https:\/\/focotocantinense.com.br\/index.php?rest_route=\/wp\/v2\/types\/post"}],"author":[{"embeddable":true,"href":"https:\/\/focotocantinense.com.br\/index.php?rest_route=\/wp\/v2\/users\/5"}],"replies":[{"embeddable":true,"href":"https:\/\/focotocantinense.com.br\/index.php?rest_route=%2Fwp%2Fv2%2Fcomments&post=4055"}],"version-history":[{"count":4,"href":"https:\/\/focotocantinense.com.br\/index.php?rest_route=\/wp\/v2\/posts\/4055\/revisions"}],"predecessor-version":[{"id":4060,"href":"https:\/\/focotocantinense.com.br\/index.php?rest_route=\/wp\/v2\/posts\/4055\/revisions\/4060"}],"wp:featuredmedia":[{"embeddable":true,"href":"https:\/\/focotocantinense.com.br\/index.php?rest_route=\/wp\/v2\/media\/4056"}],"wp:attachment":[{"href":"https:\/\/focotocantinense.com.br\/index.php?rest_route=%2Fwp%2Fv2%2Fmedia&parent=4055"}],"wp:term":[{"taxonomy":"category","embeddable":true,"href":"https:\/\/focotocantinense.com.br\/index.php?rest_route=%2Fwp%2Fv2%2Fcategories&post=4055"},{"taxonomy":"post_tag","embeddable":true,"href":"https:\/\/focotocantinense.com.br\/index.php?rest_route=%2Fwp%2Fv2%2Ftags&post=4055"}],"curies":[{"name":"wp","href":"https:\/\/api.w.org\/{rel}","templated":true}]}}