{"id":4050,"date":"2023-02-28T17:50:54","date_gmt":"2023-02-28T20:50:54","guid":{"rendered":"https:\/\/focotocantinense.com.br\/?p=4050"},"modified":"2023-02-28T17:52:52","modified_gmt":"2023-02-28T20:52:52","slug":"diogo-borges-e-mais-22-prefeitos-formam-a-nova-diretoria-da-atm-apos-solenidade-de-posse","status":"publish","type":"post","link":"https:\/\/focotocantinense.com.br\/?p=4050","title":{"rendered":"Diogo Borges e mais 22 prefeitos formam a nova diretoria da ATM ap\u00f3s solenidade de posse"},"content":{"rendered":"\n<p>A Associa\u00e7\u00e3o Tocantinense de Munic\u00edpios (ATM) empossou os novos membros da diretoria e conselhos Deliberativo e Fiscal, bi\u00eanio 2023\/2024, durante solenidade de posse ocorrida nesta ter\u00e7a-feira, 28 de fevereiro, no audit\u00f3rio da entidade, em Palmas. Com a presen\u00e7a de autoridades pol\u00edticas e institucionais, a cerim\u00f4nia reconduziu o prefeito de Talism\u00e3, Diogo Borges, ao cargo de presidente, no qual ocupou em 2021 e 2022.<\/p>\n\n\n\n<p>A mesa de honra da solenidade de posse teve a presen\u00e7a do governador do Estado, Wanderlei Barbosa, do presidente da Assembleia Legislativa, Am\u00e9lio Cayres, do presidente da Federa\u00e7\u00e3o das Associa\u00e7\u00f5es de Munic\u00edpios do Par\u00e1 (FAMEP) e prefeito de Santar\u00e9m, Franciso N\u00e9lio Aguiar da Silva, que no ato representou o presidente da Confedera\u00e7\u00e3o Nacional de Munic\u00edpios (CNM), Paulo Ziulkoski e do presidente da Uni\u00e3o dos vereadores do Estado do Tocantins (UVET), Terciliano Gomes.<\/p>\n\n\n\n<p>Independ\u00eancia&nbsp;\u2013 O presidente empossado, Diogo Borges, disse em discurso que a ATM \u00e9 uma institui\u00e7\u00e3o independente e livre, cuja principal miss\u00e3o \u00e9 contribuir com o desenvolvimento dos Munic\u00edpios e, principalmente, cuidar das pessoas.&nbsp;<em>\u201cEssa \u00e9 uma das nossas principais bandeiras, favorecer o crescimento dos Munic\u00edpios, pois assim estaremos cuidando dos mun\u00edcipes. \u00c9 investindo fortemente nos Munic\u00edpios que o Tocantins dar\u00e1 certo\u201d,<\/em>&nbsp;disse.<\/p>\n\n\n\n<p>Diretoria \u2013&nbsp;Al\u00e9m de Diogo Borges, o grupo \u00e9 formado pelo prefeito Moacir Oliveira (Rio dos Bois) e pela prefeita Enfermeira Nezita (Monte Santo) na condi\u00e7\u00e3o de 1\u00b0 e 2\u00b0 vice-presidentes, respectivamente. O primeiro diretor Administrativo ser\u00e1 o prefeito Paulo Roberto (Taguatinga) e o segundo diretor Administrativo ser\u00e1 o prefeito Pastor Jo\u00e3o (Mateiros).<\/p>\n\n\n\n<p>Integram ainda a diretoria os prefeitos Alexandre Farias (S\u00edtio Novo do Tocantins) e Adriano de Moraes (S\u00e3o Sebasti\u00e3o do Tocantins) na condi\u00e7\u00e3o de 1\u00b0 e 2\u00b0 diretor financeiro, respectivamente. Al\u00e9m disso, mais 16 prefeitos est\u00e3o presentes na chapa, na condi\u00e7\u00e3o de membros titulares e suplentes dos conselhos Deliberativo e Fiscal. (Veja a lista completa abaixo).<\/p>\n\n\n\n<p><strong><em>Homenagens<\/em><\/strong><\/p>\n\n\n\n<p>Durante a solenidade de posse, dois ex-presidentes da ATM foram homenageados pela entidade municipalista. Em mem\u00f3ria, o ex-prefeito de Brasil\u00e2ndia do Tocantins, Jo\u00e3o Em\u00eddio de Miranda, foi lembrado pelos relevantes servi\u00e7os em prol do municipalismo tocantinense, sendo agraciado com placa de agradecimento, repassada a senhora Margarida Maria Felipe de Miranda, irm\u00e3 de Jo\u00e3o Em\u00eddio, falecido em 08 de fevereiro deste ano.<\/p>\n\n\n\n<p>Ex-presidente da ATM nos bi\u00eanios 2017\/2018 e 2019\/2020, o ex-prefeito de Pedro Afonso, Jairo Mariano, tamb\u00e9m recebeu placa de agradecimento pela condu\u00e7\u00e3o da ATM e pelo fortalecimento do municipalismo no Tocantins. Jairo foi vice-presidente da CNM e atualmente \u00e9 secret\u00e1rio de Estado da Governadoria.<\/p>\n\n\n\n<p><strong><em>Governador \u2013<\/em><\/strong>&nbsp;Durante seu discurso, o governador Wanderlei Barbosa refor\u00e7ou a import\u00e2ncia de zelar pela boa rela\u00e7\u00e3o entre os entes federativos, principalmente no que tange o repasse de recursos<em>. \u201cN\u00f3s procuramos de todas as maneiras facilitar que os recursos constitucionais cheguem o quanto antes. N\u00e3o \u00e9 necess\u00e1rio que o prefeito venha at\u00e9 n\u00f3s para fazer essa solicita\u00e7\u00e3o\u201d,<\/em>&nbsp;disse o governador.<\/p>\n\n\n\n<p><strong><em>Presen\u00e7as \u2013<\/em><\/strong>&nbsp;Estiveram presentes na solenidade os deputados Estaduais Eduardo Fortes, Gutierres Torquato, Jair Farias, Luciano Oliveira e Vanda Monteiro, al\u00e9m de representantes das demais institui\u00e7\u00f5es parceiras da ATM, como Caixa Econ\u00f4mica Federal e Ordem dos Advogados do Brasil, seccional Tocantins. Um v\u00eddeo com pronunciamento do senador Eduardo Gomes (TO) tamb\u00e9m foi exibido durante a posse, no qual o parlamentar deseja boa sorte a nova diretoria.<\/p>\n\n\n\n<p><strong><em>Perfil&nbsp;\u2013<\/em><\/strong>&nbsp;Diogo Borges de Ara\u00fajo Costa \u00e9 prefeito reeleito de Talism\u00e3, com a segunda maior vota\u00e7\u00e3o proporcional nas elei\u00e7\u00f5es municipais de 2020 no Tocantins. Natural de Porangatu, Goi\u00e1s, Diogo formou-se em Hist\u00f3ria, na Universidade Estadual de Goi\u00e1s \u2013 UEG. Atualmente \u00e9 presidente da ATM e membro do Conselho Fiscal da Confedera\u00e7\u00e3o Nacional de Munic\u00edpios (CNM).<\/p>\n\n\n\n<p><strong><em>ATM&nbsp;\u2013<\/em><\/strong>&nbsp;A Associa\u00e7\u00e3o Tocantinense de Munic\u00edpios foi fundada em Miracema do Tocantins em 1989, com sede em Palmas, constitu\u00edda pelos munic\u00edpios associados do Estado do Tocantins, atrav\u00e9s do representante do Poder Executivo (prefeito).<\/p>\n\n\n\n<p>Tem o objetivo de congregar os munic\u00edpios tocantinenses e difundir a sua doutrina municipalista, ampliando e fortalecendo suas capacidades administrativas, econ\u00f4micas, culturais e sociais.<\/p>\n\n\n\n<p>Atualmente, a ATM possu\u00ed 130 filiados, o que corresponde a mais de 90% dos munic\u00edpios tocantinenses presentes no quadro de associados.<\/p>\n\n\n\n<figure class=\"wp-block-gallery has-nested-images columns-default is-cropped wp-block-gallery-1 is-layout-flex wp-block-gallery-is-layout-flex\">\n<figure class=\"wp-block-image size-large\"><img loading=\"lazy\" decoding=\"async\" width=\"1000\" height=\"516\" data-id=\"4051\" src=\"https:\/\/focotocantinense.com.br\/wp-content\/uploads\/2023\/02\/AAA-26.jpg\" alt=\"\" class=\"wp-image-4051\" srcset=\"https:\/\/focotocantinense.com.br\/wp-content\/uploads\/2023\/02\/AAA-26.jpg 1000w, https:\/\/focotocantinense.com.br\/wp-content\/uploads\/2023\/02\/AAA-26-300x155.jpg 300w, https:\/\/focotocantinense.com.br\/wp-content\/uploads\/2023\/02\/AAA-26-768x396.jpg 768w\" sizes=\"auto, (max-width: 1000px) 100vw, 1000px\" \/><\/figure>\n<\/figure>\n\n\n\n<figure class=\"wp-block-image\"><a href=\"https:\/\/www.instagram.com\/viniciusmartinsto\/\" target=\"_blank\" rel=\"noreferrer noopener\"><img decoding=\"async\" src=\"https:\/\/www.n1to.com.br\/img\/cache\/720x105\/80\/crop\/Imagem-eef442e8e75cae0362296529067458d6.png\" alt=\"\" title=\"Vin\u00edcius Martins - Consultor de Pol\u00edticas P\u00fablicas\"\/><\/a><\/figure>\n\n\n\n<figure class=\"wp-block-image is-resized\"><a href=\"https:\/\/www.instagram.com\/mutucacast\/\" target=\"_blank\" rel=\"noreferrer noopener\"><img loading=\"lazy\" decoding=\"async\" src=\"https:\/\/www.n1to.com.br\/img\/cache\/380x280\/80\/crop\/Imagem-e7214b7e48a41e43e545ec7063ee81e8.jpeg\" alt=\"\" width=\"731\" height=\"539\" title=\"MUTUCA CAST\"\/><\/a><\/figure>\n","protected":false},"excerpt":{"rendered":"<p>A Associa\u00e7\u00e3o Tocantinense de Munic\u00edpios (ATM) empossou os novos membros da diretoria e conselhos Deliberativo e Fiscal, bi\u00eanio 2023\/2024, durante solenidade de posse ocorrida nesta ter\u00e7a-feira, 28 de fevereiro, no audit\u00f3rio da entidade, em Palmas. Com a presen\u00e7a de autoridades pol\u00edticas e institucionais, a cerim\u00f4nia reconduziu o prefeito de Talism\u00e3, Diogo Borges, ao cargo de &hellip;<\/p>\n","protected":false},"author":5,"featured_media":4051,"comment_status":"open","ping_status":"open","sticky":false,"template":"","format":"standard","meta":{"footnotes":""},"categories":[37],"tags":[],"class_list":["post-4050","post","type-post","status-publish","format-standard","has-post-thumbnail","","category-palmas"],"_links":{"self":[{"href":"https:\/\/focotocantinense.com.br\/index.php?rest_route=\/wp\/v2\/posts\/4050","targetHints":{"allow":["GET"]}}],"collection":[{"href":"https:\/\/focotocantinense.com.br\/index.php?rest_route=\/wp\/v2\/posts"}],"about":[{"href":"https:\/\/focotocantinense.com.br\/index.php?rest_route=\/wp\/v2\/types\/post"}],"author":[{"embeddable":true,"href":"https:\/\/focotocantinense.com.br\/index.php?rest_route=\/wp\/v2\/users\/5"}],"replies":[{"embeddable":true,"href":"https:\/\/focotocantinense.com.br\/index.php?rest_route=%2Fwp%2Fv2%2Fcomments&post=4050"}],"version-history":[{"count":2,"href":"https:\/\/focotocantinense.com.br\/index.php?rest_route=\/wp\/v2\/posts\/4050\/revisions"}],"predecessor-version":[{"id":4053,"href":"https:\/\/focotocantinense.com.br\/index.php?rest_route=\/wp\/v2\/posts\/4050\/revisions\/4053"}],"wp:featuredmedia":[{"embeddable":true,"href":"https:\/\/focotocantinense.com.br\/index.php?rest_route=\/wp\/v2\/media\/4051"}],"wp:attachment":[{"href":"https:\/\/focotocantinense.com.br\/index.php?rest_route=%2Fwp%2Fv2%2Fmedia&parent=4050"}],"wp:term":[{"taxonomy":"category","embeddable":true,"href":"https:\/\/focotocantinense.com.br\/index.php?rest_route=%2Fwp%2Fv2%2Fcategories&post=4050"},{"taxonomy":"post_tag","embeddable":true,"href":"https:\/\/focotocantinense.com.br\/index.php?rest_route=%2Fwp%2Fv2%2Ftags&post=4050"}],"curies":[{"name":"wp","href":"https:\/\/api.w.org\/{rel}","templated":true}]}}