{"id":4047,"date":"2023-02-27T20:35:30","date_gmt":"2023-02-27T23:35:30","guid":{"rendered":"https:\/\/focotocantinense.com.br\/?p=4047"},"modified":"2023-02-27T20:36:43","modified_gmt":"2023-02-27T23:36:43","slug":"policia-civil-promove-a-incineracao-de-mais-de-120-kg-de-substancias-entorpecentes-em-guarai","status":"publish","type":"post","link":"https:\/\/focotocantinense.com.br\/?p=4047","title":{"rendered":"Pol\u00edcia Civil promove a incinera\u00e7\u00e3o de mais de 120 kg de subst\u00e2ncias entorpecentes em Guara\u00ed"},"content":{"rendered":"\n<p>Uma grande quantidade de drogas, entre maconha, coca\u00edna e crack, foi incinerada pela Pol\u00edcia Civil do Tocantins (PC-TO), na manh\u00e3 desta segunda-feira, 27, na cidade de Guara\u00ed, regi\u00e3o centro norte do Estado. A a\u00e7\u00e3o que resultou na destrui\u00e7\u00e3o do entorpecente ocorreu em uma cer\u00e2mica de Guara\u00ed e foi realizada pela 5\u00aa Delegacia Regional de Pol\u00edcia Civil (5\u00aa DRPC), e coordenada pelo delegado regional, Adriano Carrasco.<\/p>\n\n\n\n<p>Durante o procedimento, que foi devidamente autorizado pelo Poder Judici\u00e1rio e acompanhado pela Per\u00edcia Oficial, Vigil\u00e2ncia Sanit\u00e1ria e Integrantes do Minist\u00e9rio P\u00fablico, foram incinerados 44,27 kg de coca\u00edna, 28,66 kg de crack, bem como 53,9 kg de maconha, totalizando mais de 126,8 kg de drogas, que s\u00e3o provenientes de apreens\u00f5es realizadas pela Pol\u00edcia Civil, pela Pol\u00edcia Rodovi\u00e1ria Federal e pela Pol\u00edcia Militar, nas imedia\u00e7\u00f5es das cidades de Guara\u00ed e Pedro Afonso, ao longo das \u00faltimas semanas.<\/p>\n\n\n\n<p>Para o delegado Adriano Carrasco, o procedimento de incinera\u00e7\u00e3o do entorpecente \u00e9 de grande import\u00e2ncia, uma vez que as drogas n\u00e3o mais ser\u00e3o comercializadas e consumidas em Guara\u00ed e regi\u00e3o. \u201cA\u00e7\u00e3o muito significativa que visa erradicar o tr\u00e1fico de drogas em nossa cidade e que tanto mal causa \u00e0 sociedade, j\u00e1 que o tr\u00e1fico, al\u00e9m de destruir fam\u00edlias, causa depend\u00eancia e \u00e9 porta de entrada para a pr\u00e1tica de crimes contra o patrim\u00f4nio e, em casos mais extremos, mesmo crimes contra a vida\u201d, frisou o delegado.<\/p>\n\n\n\n<figure class=\"wp-block-image\"><img decoding=\"async\" src=\"https:\/\/central.to.gov.br\/image\/319943?w=670&amp;h=383\" alt=\"\"\/><\/figure>\n\n\n\n<figure class=\"wp-block-image\"><a href=\"https:\/\/www.instagram.com\/viniciusmartinsto\/\" target=\"_blank\" rel=\"noreferrer noopener\"><img decoding=\"async\" src=\"https:\/\/www.n1to.com.br\/img\/cache\/720x105\/80\/crop\/Imagem-eef442e8e75cae0362296529067458d6.png\" alt=\"\" title=\"Vin\u00edcius Martins - Consultor de Pol\u00edticas P\u00fablicas\"\/><\/a><\/figure>\n\n\n\n<figure class=\"wp-block-image is-resized\"><a href=\"https:\/\/www.instagram.com\/mutucacast\/\" target=\"_blank\" rel=\"noreferrer noopener\"><img loading=\"lazy\" decoding=\"async\" src=\"https:\/\/www.n1to.com.br\/img\/cache\/380x280\/80\/crop\/Imagem-e7214b7e48a41e43e545ec7063ee81e8.jpeg\" alt=\"\" width=\"837\" height=\"617\" title=\"MUTUCA CAST\"\/><\/a><\/figure>\n","protected":false},"excerpt":{"rendered":"<p>Uma grande quantidade de drogas, entre maconha, coca\u00edna e crack, foi incinerada pela Pol\u00edcia Civil do Tocantins (PC-TO), na manh\u00e3 desta segunda-feira, 27, na cidade de Guara\u00ed, regi\u00e3o centro norte do Estado. A a\u00e7\u00e3o que resultou na destrui\u00e7\u00e3o do entorpecente ocorreu em uma cer\u00e2mica de Guara\u00ed e foi realizada pela 5\u00aa Delegacia Regional de Pol\u00edcia &hellip;<\/p>\n","protected":false},"author":5,"featured_media":4048,"comment_status":"open","ping_status":"open","sticky":false,"template":"","format":"standard","meta":{"footnotes":""},"categories":[79],"tags":[],"class_list":["post-4047","post","type-post","status-publish","format-standard","has-post-thumbnail","","category-guarai"],"_links":{"self":[{"href":"https:\/\/focotocantinense.com.br\/index.php?rest_route=\/wp\/v2\/posts\/4047","targetHints":{"allow":["GET"]}}],"collection":[{"href":"https:\/\/focotocantinense.com.br\/index.php?rest_route=\/wp\/v2\/posts"}],"about":[{"href":"https:\/\/focotocantinense.com.br\/index.php?rest_route=\/wp\/v2\/types\/post"}],"author":[{"embeddable":true,"href":"https:\/\/focotocantinense.com.br\/index.php?rest_route=\/wp\/v2\/users\/5"}],"replies":[{"embeddable":true,"href":"https:\/\/focotocantinense.com.br\/index.php?rest_route=%2Fwp%2Fv2%2Fcomments&post=4047"}],"version-history":[{"count":1,"href":"https:\/\/focotocantinense.com.br\/index.php?rest_route=\/wp\/v2\/posts\/4047\/revisions"}],"predecessor-version":[{"id":4049,"href":"https:\/\/focotocantinense.com.br\/index.php?rest_route=\/wp\/v2\/posts\/4047\/revisions\/4049"}],"wp:featuredmedia":[{"embeddable":true,"href":"https:\/\/focotocantinense.com.br\/index.php?rest_route=\/wp\/v2\/media\/4048"}],"wp:attachment":[{"href":"https:\/\/focotocantinense.com.br\/index.php?rest_route=%2Fwp%2Fv2%2Fmedia&parent=4047"}],"wp:term":[{"taxonomy":"category","embeddable":true,"href":"https:\/\/focotocantinense.com.br\/index.php?rest_route=%2Fwp%2Fv2%2Fcategories&post=4047"},{"taxonomy":"post_tag","embeddable":true,"href":"https:\/\/focotocantinense.com.br\/index.php?rest_route=%2Fwp%2Fv2%2Ftags&post=4047"}],"curies":[{"name":"wp","href":"https:\/\/api.w.org\/{rel}","templated":true}]}}