{"id":4042,"date":"2023-02-27T18:25:53","date_gmt":"2023-02-27T21:25:53","guid":{"rendered":"https:\/\/focotocantinense.com.br\/?p=4042"},"modified":"2023-02-27T18:27:42","modified_gmt":"2023-02-27T21:27:42","slug":"dia-d-de-vacinacao-contra-covid-19-e-realizado-em-cariri-do-tocantins-pela-secretaria-municipal-de-saude-2","status":"publish","type":"post","link":"https:\/\/focotocantinense.com.br\/?p=4042","title":{"rendered":"Dia \u201cD\u201d de vacina\u00e7\u00e3o contra Covid-19 \u00e9 realizado em Cariri do Tocantins pela Secretaria Municipal de Sa\u00fade"},"content":{"rendered":"\n<p>A Secretaria Municipal de Sa\u00fade de Cariri do Tocantins, realiza nos dias 27 e 28\/02, o Dia \u201cD\u201d de vacina\u00e7\u00e3o contra Covid-19, em atendimento a toda a popula\u00e7\u00e3o caririense, desde crian\u00e7as, adolescentes, jovens, adultos, gestantes e tamb\u00e9m pessoas idosas que residem na zona urbana e rural do munic\u00edpio.<\/p>\n\n\n\n<p>O atendimento para a aplica\u00e7\u00e3o de qualquer dose da vacina, incluindo a de refor\u00e7o e a bivalente \u00e9 realizado durante os dois dias, tanto no hor\u00e1rio da manh\u00e3, das 08h \u00e0s 11h, como no hor\u00e1rio da tarde, das 13h \u00e0s 16h, na Unidade de Sa\u00fade da Fam\u00edlia (USF) Manoel Pedro Pires Filho, localizada na Rua Julieta Zeferino de Oliveira.<\/p>\n\n\n\n<p>Para agilizar o atendimento no local, \u00e9 necess\u00e1rio apresentar documentos pessoais obrigat\u00f3rios, como o cart\u00e3o do SUS (Sistema \u00danico de Sa\u00fade), CPF (Cadastro de Pessoa F\u00edsica) e caderneta de vacina\u00e7\u00e3o; sendo que crian\u00e7as e adolescentes devem estar acompanhados por um adulto respons\u00e1vel.<\/p>\n\n\n\n<p>Com a realiza\u00e7\u00e3o do Dia \u201cD\u201d de Vacina\u00e7\u00e3o contra Covid-19, executada ao longo desta segunda-feira, 27 e ter\u00e7a-feira, 28, a Secretaria Municipal de Sa\u00fade pretende garantir maior prote\u00e7\u00e3o \u00e0 comunidade, diminuir riscos de contamina\u00e7\u00e3o e cont\u00e1gio da doen\u00e7a e prevenir, por meio da imuniza\u00e7\u00e3o em massa, o surgimento de novas variantes do Coronav\u00edrus.<\/p>\n\n\n\n<figure class=\"wp-block-image size-full is-resized\"><img loading=\"lazy\" decoding=\"async\" src=\"https:\/\/focotocantinense.com.br\/wp-content\/uploads\/2023\/02\/bbb-7.jpg\" alt=\"\" class=\"wp-image-4044\" width=\"387\" height=\"294\" srcset=\"https:\/\/focotocantinense.com.br\/wp-content\/uploads\/2023\/02\/bbb-7.jpg 679w, https:\/\/focotocantinense.com.br\/wp-content\/uploads\/2023\/02\/bbb-7-300x228.jpg 300w\" sizes=\"auto, (max-width: 387px) 100vw, 387px\" \/><\/figure>\n\n\n\n<figure class=\"wp-block-image\"><img decoding=\"async\" src=\"https:\/\/www.n1to.com.br\/img\/cache\/720x105\/80\/crop\/Imagem-eef442e8e75cae0362296529067458d6.png\" alt=\"\"\/><\/figure>\n\n\n\n<figure class=\"wp-block-image\"><a href=\"https:\/\/www.instagram.com\/mutucacast\/\" target=\"_blank\" rel=\"noreferrer noopener\"><img decoding=\"async\" src=\"https:\/\/www.n1to.com.br\/img\/cache\/380x280\/80\/crop\/Imagem-e7214b7e48a41e43e545ec7063ee81e8.jpeg\" alt=\"\" title=\"MUTUCA CAST\"\/><\/a><\/figure>\n\n\n\n<p><\/p>\n","protected":false},"excerpt":{"rendered":"<p>A Secretaria Municipal de Sa\u00fade de Cariri do Tocantins, realiza nos dias 27 e 28\/02, o Dia \u201cD\u201d de vacina\u00e7\u00e3o contra Covid-19, em atendimento a toda a popula\u00e7\u00e3o caririense, desde crian\u00e7as, adolescentes, jovens, adultos, gestantes e tamb\u00e9m pessoas idosas que residem na zona urbana e rural do munic\u00edpio. O atendimento para a aplica\u00e7\u00e3o de qualquer &hellip;<\/p>\n","protected":false},"author":5,"featured_media":4044,"comment_status":"open","ping_status":"open","sticky":false,"template":"","format":"standard","meta":{"footnotes":""},"categories":[65,1],"tags":[],"class_list":["post-4042","post","type-post","status-publish","format-standard","has-post-thumbnail","","category-cariri","category-sem-categoria"],"_links":{"self":[{"href":"https:\/\/focotocantinense.com.br\/index.php?rest_route=\/wp\/v2\/posts\/4042","targetHints":{"allow":["GET"]}}],"collection":[{"href":"https:\/\/focotocantinense.com.br\/index.php?rest_route=\/wp\/v2\/posts"}],"about":[{"href":"https:\/\/focotocantinense.com.br\/index.php?rest_route=\/wp\/v2\/types\/post"}],"author":[{"embeddable":true,"href":"https:\/\/focotocantinense.com.br\/index.php?rest_route=\/wp\/v2\/users\/5"}],"replies":[{"embeddable":true,"href":"https:\/\/focotocantinense.com.br\/index.php?rest_route=%2Fwp%2Fv2%2Fcomments&post=4042"}],"version-history":[{"count":3,"href":"https:\/\/focotocantinense.com.br\/index.php?rest_route=\/wp\/v2\/posts\/4042\/revisions"}],"predecessor-version":[{"id":4046,"href":"https:\/\/focotocantinense.com.br\/index.php?rest_route=\/wp\/v2\/posts\/4042\/revisions\/4046"}],"wp:featuredmedia":[{"embeddable":true,"href":"https:\/\/focotocantinense.com.br\/index.php?rest_route=\/wp\/v2\/media\/4044"}],"wp:attachment":[{"href":"https:\/\/focotocantinense.com.br\/index.php?rest_route=%2Fwp%2Fv2%2Fmedia&parent=4042"}],"wp:term":[{"taxonomy":"category","embeddable":true,"href":"https:\/\/focotocantinense.com.br\/index.php?rest_route=%2Fwp%2Fv2%2Fcategories&post=4042"},{"taxonomy":"post_tag","embeddable":true,"href":"https:\/\/focotocantinense.com.br\/index.php?rest_route=%2Fwp%2Fv2%2Ftags&post=4042"}],"curies":[{"name":"wp","href":"https:\/\/api.w.org\/{rel}","templated":true}]}}