{"id":4025,"date":"2023-02-27T10:46:43","date_gmt":"2023-02-27T13:46:43","guid":{"rendered":"https:\/\/focotocantinense.com.br\/?p=4025"},"modified":"2023-02-27T10:48:34","modified_gmt":"2023-02-27T13:48:34","slug":"prefeitura-de-gurupi-recebera-selo-municipio-azul-caixa-nesta-quarta-feira","status":"publish","type":"post","link":"https:\/\/focotocantinense.com.br\/?p=4025","title":{"rendered":"Prefeitura de Gurupi receber\u00e1 Selo Munic\u00edpio + Azul Caixa nesta quarta-feira"},"content":{"rendered":"\n<p>Nesta quarta-feira, 1\u00ba\/03, a Prefeitura de Gurupi receber\u00e1 o certificado do&nbsp;<em>Selo Munic\u00edpio + Azul Caixa<\/em>, um reconhecimento concedido pela Caixa Econ\u00f4mica Federal aos munic\u00edpios que se destacaram em 2022 na aplica\u00e7\u00e3o de boas pr\u00e1ticas de Governan\u00e7a e Responsabilidade Socioambiental na gest\u00e3o p\u00fablica. A solenidade est\u00e1 marcada para \u00e0s 10 horas, no audit\u00f3rio do Ipasgu, que fica no Centro Administrativo, sa\u00edda para Peixe.<\/p>\n\n\n\n<p>Gurupi \u00e9 a primeira cidade do Tocantins a obter o&nbsp;<em>Selo Munic\u00edpio + Azul Caixa<\/em>, ap\u00f3s conquistar a categoria Top\u00e1zio, com 75 pontos, e tamb\u00e9m foi destaque nacional sendo a 6\u00aa cidade do Brasil a conquistar o Selo. Com a certifica\u00e7\u00e3o, o munic\u00edpio agrega condi\u00e7\u00f5es diferenciadas na contrata\u00e7\u00e3o de servi\u00e7os e de produtos banc\u00e1rios, proporcionais ao n\u00edvel alcan\u00e7ado.<\/p>\n\n\n\n<p>O&nbsp;<em>Selo Munic\u00edpio + Azul Caixa<\/em>&nbsp;reconhece munic\u00edpios cujos indicadores, usados para a classifica\u00e7\u00e3o, apontam a ado\u00e7\u00e3o de solu\u00e7\u00f5es mais eficientes, com transpar\u00eancia e sustentabilidade, objetivando incentivar a gest\u00e3o respons\u00e1vel, a melhoria da qualidade de vida do cidad\u00e3o e a otimiza\u00e7\u00e3o do uso de recursos naturais geridos pelo governo local.<\/p>\n\n\n\n<figure class=\"wp-block-image size-full is-resized\"><img loading=\"lazy\" decoding=\"async\" src=\"https:\/\/focotocantinense.com.br\/wp-content\/uploads\/2023\/02\/3-GURUPI-FOTO-JEEFER-FERRRARI.jpg\" alt=\"\" class=\"wp-image-4027\" width=\"388\" height=\"193\" srcset=\"https:\/\/focotocantinense.com.br\/wp-content\/uploads\/2023\/02\/3-GURUPI-FOTO-JEEFER-FERRRARI.jpg 995w, https:\/\/focotocantinense.com.br\/wp-content\/uploads\/2023\/02\/3-GURUPI-FOTO-JEEFER-FERRRARI-300x150.jpg 300w, https:\/\/focotocantinense.com.br\/wp-content\/uploads\/2023\/02\/3-GURUPI-FOTO-JEEFER-FERRRARI-768x383.jpg 768w, https:\/\/focotocantinense.com.br\/wp-content\/uploads\/2023\/02\/3-GURUPI-FOTO-JEEFER-FERRRARI-660x330.jpg 660w\" sizes=\"auto, (max-width: 388px) 100vw, 388px\" \/><\/figure>\n\n\n\n<figure class=\"wp-block-image\"><a href=\"https:\/\/www.instagram.com\/viniciusmartinsto\/\" target=\"_blank\" rel=\"noreferrer noopener\"><img decoding=\"async\" src=\"https:\/\/www.n1to.com.br\/img\/cache\/720x105\/80\/crop\/Imagem-eef442e8e75cae0362296529067458d6.png\" alt=\"\" title=\"Vin\u00edcius Martins - Consultor de Pol\u00edticas P\u00fablicas\"\/><\/a><\/figure>\n","protected":false},"excerpt":{"rendered":"<p>Nesta quarta-feira, 1\u00ba\/03, a Prefeitura de Gurupi receber\u00e1 o certificado do&nbsp;Selo Munic\u00edpio + Azul Caixa, um reconhecimento concedido pela Caixa Econ\u00f4mica Federal aos munic\u00edpios que se destacaram em 2022 na aplica\u00e7\u00e3o de boas pr\u00e1ticas de Governan\u00e7a e Responsabilidade Socioambiental na gest\u00e3o p\u00fablica. A solenidade est\u00e1 marcada para \u00e0s 10 horas, no audit\u00f3rio do Ipasgu, que &hellip;<\/p>\n","protected":false},"author":5,"featured_media":4027,"comment_status":"open","ping_status":"open","sticky":false,"template":"","format":"standard","meta":{"footnotes":""},"categories":[38,1],"tags":[],"class_list":["post-4025","post","type-post","status-publish","format-standard","has-post-thumbnail","","category-gurupi","category-sem-categoria"],"_links":{"self":[{"href":"https:\/\/focotocantinense.com.br\/index.php?rest_route=\/wp\/v2\/posts\/4025","targetHints":{"allow":["GET"]}}],"collection":[{"href":"https:\/\/focotocantinense.com.br\/index.php?rest_route=\/wp\/v2\/posts"}],"about":[{"href":"https:\/\/focotocantinense.com.br\/index.php?rest_route=\/wp\/v2\/types\/post"}],"author":[{"embeddable":true,"href":"https:\/\/focotocantinense.com.br\/index.php?rest_route=\/wp\/v2\/users\/5"}],"replies":[{"embeddable":true,"href":"https:\/\/focotocantinense.com.br\/index.php?rest_route=%2Fwp%2Fv2%2Fcomments&post=4025"}],"version-history":[{"count":3,"href":"https:\/\/focotocantinense.com.br\/index.php?rest_route=\/wp\/v2\/posts\/4025\/revisions"}],"predecessor-version":[{"id":4029,"href":"https:\/\/focotocantinense.com.br\/index.php?rest_route=\/wp\/v2\/posts\/4025\/revisions\/4029"}],"wp:featuredmedia":[{"embeddable":true,"href":"https:\/\/focotocantinense.com.br\/index.php?rest_route=\/wp\/v2\/media\/4027"}],"wp:attachment":[{"href":"https:\/\/focotocantinense.com.br\/index.php?rest_route=%2Fwp%2Fv2%2Fmedia&parent=4025"}],"wp:term":[{"taxonomy":"category","embeddable":true,"href":"https:\/\/focotocantinense.com.br\/index.php?rest_route=%2Fwp%2Fv2%2Fcategories&post=4025"},{"taxonomy":"post_tag","embeddable":true,"href":"https:\/\/focotocantinense.com.br\/index.php?rest_route=%2Fwp%2Fv2%2Ftags&post=4025"}],"curies":[{"name":"wp","href":"https:\/\/api.w.org\/{rel}","templated":true}]}}