{"id":4016,"date":"2023-02-26T18:02:11","date_gmt":"2023-02-26T21:02:11","guid":{"rendered":"https:\/\/focotocantinense.com.br\/?p=4016"},"modified":"2023-02-26T18:02:48","modified_gmt":"2023-02-26T21:02:48","slug":"prefeitura-de-gurupi-revitaliza-unidade-basica-de-saude-pr-moises-martins-da-rocha-sol-nascente","status":"publish","type":"post","link":"https:\/\/focotocantinense.com.br\/?p=4016","title":{"rendered":"<strong>Prefeitura de Gurupi revitaliza Unidade B\u00e1sica de Sa\u00fade Pr. Mois\u00e9s Martins da Rocha \u2013 Sol Nascente<\/strong>"},"content":{"rendered":"\n<p>Durante mais um dia de visita\u00e7\u00e3o aos pr\u00e9dios da sa\u00fade municipal, a prefeita Josi Nunes e o secret\u00e1rio municipal de sa\u00fade Sinvaldo Moraes estiveram na Unidade B\u00e1sica de Sa\u00fade (UBS) Pr. Mois\u00e9s Martins da Rocha \u2013 no setor Sol Nascente. A unidade est\u00e1 recebendo manuten\u00e7\u00f5es, inclusive o forro danificado em fun\u00e7\u00e3o das chuvas. Al\u00e9m disso, tamb\u00e9m houve conserto da parte el\u00e9trica, limpeza de calhas e os reparos internos e pintura tamb\u00e9m j\u00e1 come\u00e7aram. A gest\u00e3o da prefeita Josi Nunes diante de tais situa\u00e7\u00f5es est\u00e1 resolvendo estes problemas.<\/p>\n\n\n\n<p>\u201cPara melhor atender a comunidade e rapidamente organizar os servi\u00e7os da UBS, resolvemos fazer ainda melhor. Iniciamos um processo de revitaliza\u00e7\u00e3o da UBS, juntamente com os servi\u00e7os de manuten\u00e7\u00f5es das outras unidades. Estamos desenvolvendo um grande trabalho de revitaliza\u00e7\u00e3o de todos os pr\u00e9dios da sa\u00fade.&nbsp;Al\u00e9m&nbsp;da&nbsp;UBS Sol Nascente, outras 14 UBSs est\u00e3o passando por este processo . Com isso, o objetivo \u00e9 trazer mais comodidade e conforto para os nossos usu\u00e1rios da sa\u00fade p\u00fablica municipal. Tenho este compromisso desde quando era parlamentar e seguimos neste direcionamento\u201d, explicou a prefeita Josi Nunes.<\/p>\n\n\n\n<p>Tanto para quem trabalha na UBS, quanto para quem precisa de atendimento, ver o local recebendo os reparos foi motivo de muita satisfa\u00e7\u00e3o.<\/p>\n\n\n\n<p>\u201cCom certeza que estas manuten\u00e7\u00f5es aqui na UBS s\u00e3o muito importantes! Quanto mais benef\u00edcio \u00e0 popula\u00e7\u00e3o melhor! Eu sempre me consulto aqui e vejo que a sa\u00fade aqui t\u00e1 melhorando muito. A se sente melhor em andar num ambiente mais agrad\u00e1vel\u201d, disse seu Lu\u00eds Ant\u00f4nio Costa Pereira que estava buscando rem\u00e9dios para mulher dele que tamb\u00e9m \u00e9 atendida pela UBS.<\/p>\n\n\n\n<p>\u201c\u00c9 muito importante que a estrutura f\u00edsica do pr\u00e9dio esteja com uma boa qualidade, para dar um bom acolhimento para os pacientes. Ent\u00e3o, isso vai melhorar bastante porque a gente precisa ter este local de trabalho maravilhoso como est\u00e1 ficando\u201d, ressaltou Elisangela Ven\u00e2ncio, enfermeira que presta atendimento na UBS Sol Nascente. &nbsp;<\/p>\n\n\n\n<p>\u201cA Unidade de Sa\u00fade do Sol Nascente, como outras, s\u00e3o unidades novas que foram constru\u00eddas na gest\u00e3o anterior e que tamb\u00e9m precisam passar por manuten\u00e7\u00e3o e n\u00f3s estamos focando, neste primeiro momento, nas unidades que realmente sofreram um impacto. A do Sol Nascente com a primeira chuva que aconteceu aqui em Gurupi, por volta do m\u00eas de outubro, acabou danificando o forro de parte da unidade que chegou a cair. Mas n\u00f3s agora, nessa semana, j\u00e1 fizemos a manuten\u00e7\u00e3o do forro. Ent\u00e3o, n\u00f3s agora tamb\u00e9m estamos fazendo toda revitaliza\u00e7\u00e3o da unidade, parte da infraestrutura, do telhado, hidr\u00e1ulica, piso, parte externa, jardinagem. O local agora vai ter uma outra apar\u00eancia\u201d, refor\u00e7ou o secret\u00e1rio Sinvaldo Moraes. \u00a0\u00a0<\/p>\n\n\n\n<figure class=\"wp-block-image size-full\"><img loading=\"lazy\" decoding=\"async\" width=\"769\" height=\"513\" src=\"https:\/\/focotocantinense.com.br\/wp-content\/uploads\/2023\/02\/AAA-22.jpg\" alt=\"\" class=\"wp-image-4017\" srcset=\"https:\/\/focotocantinense.com.br\/wp-content\/uploads\/2023\/02\/AAA-22.jpg 769w, https:\/\/focotocantinense.com.br\/wp-content\/uploads\/2023\/02\/AAA-22-300x200.jpg 300w\" sizes=\"auto, (max-width: 769px) 100vw, 769px\" \/><\/figure>\n\n\n\n<figure class=\"wp-block-image\"><img decoding=\"async\" src=\"https:\/\/www.n1to.com.br\/img\/cache\/720x105\/80\/crop\/Imagem-eef442e8e75cae0362296529067458d6.png\" alt=\"\"\/><\/figure>\n","protected":false},"excerpt":{"rendered":"<p>Durante mais um dia de visita\u00e7\u00e3o aos pr\u00e9dios da sa\u00fade municipal, a prefeita Josi Nunes e o secret\u00e1rio municipal de sa\u00fade Sinvaldo Moraes estiveram na Unidade B\u00e1sica de Sa\u00fade (UBS) Pr. Mois\u00e9s Martins da Rocha \u2013 no setor Sol Nascente. A unidade est\u00e1 recebendo manuten\u00e7\u00f5es, inclusive o forro danificado em fun\u00e7\u00e3o das chuvas. Al\u00e9m disso, &hellip;<\/p>\n","protected":false},"author":5,"featured_media":4017,"comment_status":"open","ping_status":"open","sticky":false,"template":"","format":"standard","meta":{"footnotes":""},"categories":[38],"tags":[],"class_list":["post-4016","post","type-post","status-publish","format-standard","has-post-thumbnail","","category-gurupi"],"_links":{"self":[{"href":"https:\/\/focotocantinense.com.br\/index.php?rest_route=\/wp\/v2\/posts\/4016","targetHints":{"allow":["GET"]}}],"collection":[{"href":"https:\/\/focotocantinense.com.br\/index.php?rest_route=\/wp\/v2\/posts"}],"about":[{"href":"https:\/\/focotocantinense.com.br\/index.php?rest_route=\/wp\/v2\/types\/post"}],"author":[{"embeddable":true,"href":"https:\/\/focotocantinense.com.br\/index.php?rest_route=\/wp\/v2\/users\/5"}],"replies":[{"embeddable":true,"href":"https:\/\/focotocantinense.com.br\/index.php?rest_route=%2Fwp%2Fv2%2Fcomments&post=4016"}],"version-history":[{"count":2,"href":"https:\/\/focotocantinense.com.br\/index.php?rest_route=\/wp\/v2\/posts\/4016\/revisions"}],"predecessor-version":[{"id":4019,"href":"https:\/\/focotocantinense.com.br\/index.php?rest_route=\/wp\/v2\/posts\/4016\/revisions\/4019"}],"wp:featuredmedia":[{"embeddable":true,"href":"https:\/\/focotocantinense.com.br\/index.php?rest_route=\/wp\/v2\/media\/4017"}],"wp:attachment":[{"href":"https:\/\/focotocantinense.com.br\/index.php?rest_route=%2Fwp%2Fv2%2Fmedia&parent=4016"}],"wp:term":[{"taxonomy":"category","embeddable":true,"href":"https:\/\/focotocantinense.com.br\/index.php?rest_route=%2Fwp%2Fv2%2Fcategories&post=4016"},{"taxonomy":"post_tag","embeddable":true,"href":"https:\/\/focotocantinense.com.br\/index.php?rest_route=%2Fwp%2Fv2%2Ftags&post=4016"}],"curies":[{"name":"wp","href":"https:\/\/api.w.org\/{rel}","templated":true}]}}