{"id":4012,"date":"2023-02-26T17:58:30","date_gmt":"2023-02-26T20:58:30","guid":{"rendered":"https:\/\/focotocantinense.com.br\/?p=4012"},"modified":"2023-02-26T17:59:47","modified_gmt":"2023-02-26T20:59:47","slug":"comunidade-indigena-em-lagoa-da-confusao-fica-desabrigada-por-causa-das-fortes-chuvas","status":"publish","type":"post","link":"https:\/\/focotocantinense.com.br\/?p=4012","title":{"rendered":"Comunidade ind\u00edgena em Lagoa da Confus\u00e3o fica desabrigada por causa das fortes chuvas"},"content":{"rendered":"\n<p>Na manh\u00e3 desta sexta-feira, 24, o comandante-geral do Corpo de Bombeiros e Coordenador Estadual de Prote\u00e7\u00e3o e Defesa Civil, Carlos Eduardo de Souza Farias, autorizou, por meio da Defesa Civil Estadual, o envio de cinco barracas para apoiar fam\u00edlias da comunidade Ind\u00edgena Cat\u00e0mj\u00ea, que est\u00e3o sofrendo com o alagamento de suas casas ap\u00f3s as chuvas intensas em Lagoa da Confus\u00e3o, Regi\u00e3o Sudoeste do Tocantins.<br><br>Representantes da Secretaria Municipal de Governo e Assuntos ind\u00edgenas de Lagoa da Confus\u00e3o estiveram em Palmas apresentando a situa\u00e7\u00e3o ao coordenador-adjunto da Defesa Civil Estadual, tenente-coronel Erisvaldo Alves. \u201cS\u00e3o cerca de 40 fam\u00edlias que est\u00e3o impactadas com as chuvas. A ideia inicial \u00e9 levar essas fam\u00edlias para locais mais altos e seguros at\u00e9 que a situa\u00e7\u00e3o das chuvas melhore\u201d, explicou o tenente-coronel Erisvaldo Alves. A Defesa Civil Estadual continuar\u00e1 acompanhando a situa\u00e7\u00e3o juntamente com a prefeitura, dessas \u00e1reas alagadas.<br><br><strong>Situa\u00e7\u00e3o recorrente<\/strong><\/p>\n\n\n\n<p>H\u00e1 menos de 30 dias, o Corpo de Bombeiros Militar e a Defesa Civil Estadual atuaram em Lagoa da Confus\u00e3o apoiando \u00e0s autoridades locais na remo\u00e7\u00e3o fam\u00edlias ind\u00edgenas Krah\u00f4 que residem em \u00e1reas que foram alagadas com as chuvas. Na oportunidade os militares ajudaram na remo\u00e7\u00e3o das fam\u00edlias e doaram 30 colch\u00f5es aos desabrigados. Das fam\u00edlias removidas, 10 ainda est\u00e3o em aluguel social viabilizado pela prefeitura.<\/p>\n\n\n\n<figure class=\"wp-block-image\"><img decoding=\"async\" src=\"https:\/\/www.n1to.com.br\/img\/cache\/720x105\/80\/crop\/Imagem-eef442e8e75cae0362296529067458d6.png\" alt=\"\"\/><\/figure>\n\n\n\n<figure class=\"wp-block-image size-full\"><img loading=\"lazy\" decoding=\"async\" width=\"982\" height=\"518\" src=\"https:\/\/focotocantinense.com.br\/wp-content\/uploads\/2023\/02\/AAA-21.jpg\" alt=\"\" class=\"wp-image-4014\" srcset=\"https:\/\/focotocantinense.com.br\/wp-content\/uploads\/2023\/02\/AAA-21.jpg 982w, https:\/\/focotocantinense.com.br\/wp-content\/uploads\/2023\/02\/AAA-21-300x158.jpg 300w, https:\/\/focotocantinense.com.br\/wp-content\/uploads\/2023\/02\/AAA-21-768x405.jpg 768w, https:\/\/focotocantinense.com.br\/wp-content\/uploads\/2023\/02\/AAA-21-310x165.jpg 310w\" sizes=\"auto, (max-width: 982px) 100vw, 982px\" \/><\/figure>\n","protected":false},"excerpt":{"rendered":"<p>Na manh\u00e3 desta sexta-feira, 24, o comandante-geral do Corpo de Bombeiros e Coordenador Estadual de Prote\u00e7\u00e3o e Defesa Civil, Carlos Eduardo de Souza Farias, autorizou, por meio da Defesa Civil Estadual, o envio de cinco barracas para apoiar fam\u00edlias da comunidade Ind\u00edgena Cat\u00e0mj\u00ea, que est\u00e3o sofrendo com o alagamento de suas casas ap\u00f3s as chuvas &hellip;<\/p>\n","protected":false},"author":5,"featured_media":4014,"comment_status":"open","ping_status":"open","sticky":false,"template":"","format":"standard","meta":{"footnotes":""},"categories":[71],"tags":[],"class_list":["post-4012","post","type-post","status-publish","format-standard","has-post-thumbnail","","category-lagoa-da-confusao"],"_links":{"self":[{"href":"https:\/\/focotocantinense.com.br\/index.php?rest_route=\/wp\/v2\/posts\/4012","targetHints":{"allow":["GET"]}}],"collection":[{"href":"https:\/\/focotocantinense.com.br\/index.php?rest_route=\/wp\/v2\/posts"}],"about":[{"href":"https:\/\/focotocantinense.com.br\/index.php?rest_route=\/wp\/v2\/types\/post"}],"author":[{"embeddable":true,"href":"https:\/\/focotocantinense.com.br\/index.php?rest_route=\/wp\/v2\/users\/5"}],"replies":[{"embeddable":true,"href":"https:\/\/focotocantinense.com.br\/index.php?rest_route=%2Fwp%2Fv2%2Fcomments&post=4012"}],"version-history":[{"count":2,"href":"https:\/\/focotocantinense.com.br\/index.php?rest_route=\/wp\/v2\/posts\/4012\/revisions"}],"predecessor-version":[{"id":4015,"href":"https:\/\/focotocantinense.com.br\/index.php?rest_route=\/wp\/v2\/posts\/4012\/revisions\/4015"}],"wp:featuredmedia":[{"embeddable":true,"href":"https:\/\/focotocantinense.com.br\/index.php?rest_route=\/wp\/v2\/media\/4014"}],"wp:attachment":[{"href":"https:\/\/focotocantinense.com.br\/index.php?rest_route=%2Fwp%2Fv2%2Fmedia&parent=4012"}],"wp:term":[{"taxonomy":"category","embeddable":true,"href":"https:\/\/focotocantinense.com.br\/index.php?rest_route=%2Fwp%2Fv2%2Fcategories&post=4012"},{"taxonomy":"post_tag","embeddable":true,"href":"https:\/\/focotocantinense.com.br\/index.php?rest_route=%2Fwp%2Fv2%2Ftags&post=4012"}],"curies":[{"name":"wp","href":"https:\/\/api.w.org\/{rel}","templated":true}]}}