{"id":3999,"date":"2023-02-25T16:53:25","date_gmt":"2023-02-25T19:53:25","guid":{"rendered":"https:\/\/focotocantinense.com.br\/?p=3999"},"modified":"2023-02-25T16:54:21","modified_gmt":"2023-02-25T19:54:21","slug":"campanha-nacional-de-vacinacao-contra-a-covid-19-comeca-na-segunda-feira-27","status":"publish","type":"post","link":"https:\/\/focotocantinense.com.br\/?p=3999","title":{"rendered":"Campanha Nacional de Vacina\u00e7\u00e3o contra a Covid-19 come\u00e7a na segunda-feira, 27"},"content":{"rendered":"\n<p>Na segunda-feira, 27, inicia a Campanha Nacional de Vacina\u00e7\u00e3o contra a Covid-19. A Secretaria de Estado da Sa\u00fade (SES-TO) recebeu, do Minist\u00e9rio da Sa\u00fade (MS), 120 mil doses do imunizante da Pfizer\/Comirnaty bivalente para a vacina\u00e7\u00e3o e fez a distribui\u00e7\u00e3o aos 139 munic\u00edpios que devem iniciar as a\u00e7\u00f5es, a partir da data sugerida pelo \u00f3rg\u00e3o federal.<\/p>\n\n\n\n<p>Para o bom andamento da Campanha, a equipe da Ger\u00eancia Estadual de Imuniza\u00e7\u00e3o (GEI\/SES-TO) realizou, no dia 16 de fevereiro, uma capacita\u00e7\u00e3o on-line para profissionais de sa\u00fade das mais de 300 salas de vacina do Tocantins, a fim de orient\u00e1-los sobre o uso do novo imunizante.<\/p>\n\n\n\n<p>A gerente de imuniza\u00e7\u00e3o da SES-TO, Diandra Sena, afirmou que \u201ca vacina contra a covid-19 da Pfizer bivalente \u00e9 um refor\u00e7o para a popula\u00e7\u00e3o que est\u00e1 elencada nos p\u00fablicos-alvo pelo Minist\u00e9rio da Sa\u00fade. \u00c9 um booster [refor\u00e7o] que ser\u00e1 administrado durante o ano de 2023, para garantir e aumentar ainda mais a prote\u00e7\u00e3o contra a covid-19\u201d.<\/p>\n\n\n\n<p>Para o titular da SES-TO, Afonso Piva de Santana, \u201ca campanha \u00e9 mais uma forma de chamar a popula\u00e7\u00e3o para a import\u00e2ncia de completar o ciclo vacinal. Todo o trabalho que ser\u00e1 realizado no Tocantins foi cuidadosamente planejado pela equipe da Secretaria, a fim de que todos os munic\u00edpios e suas popula\u00e7\u00f5es fossem contemplados. Por isso, pedimos que a popula\u00e7\u00e3o compare\u00e7a a uma unidade de sa\u00fade e atualize o cart\u00e3o de vacina, pois este ato faz a diferen\u00e7a para uma boa sa\u00fade p\u00fablica\u201d.<\/p>\n\n\n\n<p>Para o secret\u00e1rio de Para\u00edso do Tocantins, Arll\u00e9rico Andr\u00e9 Silva, \u201ca campanha \u00e9 um aux\u00edlio no combate \u00e0 covid-19, pois identificamos que, no \u00faltimo ano, as pessoas vacinadas que pegaram novamente a doen\u00e7a ou que tiveram reinfec\u00e7\u00e3o, apresentaram sintomas leves. A nossa expectativa \u00e9 vacinar 9.313 pessoas e aproveitamos a oportunidade para convidar as pessoas que n\u00e3o completaram o esquema vacinal, que procurem a nossa unidade de refer\u00eancia\u201d.<\/p>\n\n\n\n<p><strong>O imunizante<\/strong><\/p>\n\n\n\n<p>As doses da Pfizer\/Comirnaty bivalente oferecem prote\u00e7\u00e3o contra a cepa original da covid-19 (de Wuhan) e suas variantes.<\/p>\n\n\n\n<p><strong>P\u00fablico-alvo<\/strong><\/p>\n\n\n\n<p>A Campanha \u00e9 direcionada a pessoas de 70 e mais; pessoas vivendo em institui\u00e7\u00e3o de longa perman\u00eancia a partir de 12 anos e seus trabalhadores; pessoas imunocomprometidas a partir de 12 anos de idade; ind\u00edgenas a partir de 12 anos; ribeirinhos a partir de 12 anos; quilombolas a partir de 12 anos; pessoas de 60 a 69 anos; gestantes e pu\u00e9rperas;<strong>&nbsp;<\/strong>trabalhadores da sa\u00fade; pessoas com defici\u00eancia permanente a partir de 12 anos; popula\u00e7\u00e3o privada de liberdade a partir de 18 anos; adolescentes cumprindo medidas socioeducativas menores de 18 anos e funcion\u00e1rios do sistema de priva\u00e7\u00e3o de liberdade.<\/p>\n\n\n\n<p><strong>Vacin\u00f4metro<\/strong><\/p>\n\n\n\n<p>Para facilitar o acesso da popula\u00e7\u00e3o aos dados de imuniza\u00e7\u00e3o da dose de refor\u00e7o bivalente, a SES-TO ir\u00e1 publicar a partir da ter\u00e7a-feira, 28, no Centro de Informa\u00e7\u00f5es e Decis\u00f5es Estrat\u00e9gicas em Sa\u00fade (Integra Sa\u00fade), aba espec\u00edfica com as informa\u00e7\u00f5es.<\/p>\n\n\n\n<p>Atualmente, o Integra Sa\u00fade possui os dados das doses monovalentes, que apontam que, desde o in\u00edcio da imuniza\u00e7\u00e3o contra a covid-19, em janeiro de 2021, o Tocantins j\u00e1 recebeu 3.604.045 doses. Destas, 2.808.272 foram aplicadas, o correspondente a 65,73% da popula\u00e7\u00e3o imunizada com 2\u00aa dose e dose \u00fanica e 476.425 doses de refor\u00e7o aplicadas.<\/p>\n\n\n\n<figure class=\"wp-block-image\"><img decoding=\"async\" src=\"http:\/\/n1to.com.br\/img\/uploads\/319816.jpg\" alt=\"\"\/><\/figure>\n\n\n\n<figure class=\"wp-block-image\"><a href=\"https:\/\/www.instagram.com\/viniciusmartinsto\/\" target=\"_blank\" rel=\"noreferrer noopener\"><img decoding=\"async\" src=\"https:\/\/www.n1to.com.br\/img\/cache\/720x105\/80\/crop\/Imagem-eef442e8e75cae0362296529067458d6.png\" alt=\"\" title=\"Vin\u00edcius Martins - Consultor de Pol\u00edticas P\u00fablicas\"\/><\/a><\/figure>\n\n\n\n<ul class=\"wp-block-list\">\n<li><\/li>\n<\/ul>\n","protected":false},"excerpt":{"rendered":"<p>Na segunda-feira, 27, inicia a Campanha Nacional de Vacina\u00e7\u00e3o contra a Covid-19. A Secretaria de Estado da Sa\u00fade (SES-TO) recebeu, do Minist\u00e9rio da Sa\u00fade (MS), 120 mil doses do imunizante da Pfizer\/Comirnaty bivalente para a vacina\u00e7\u00e3o e fez a distribui\u00e7\u00e3o aos 139 munic\u00edpios que devem iniciar as a\u00e7\u00f5es, a partir da data sugerida pelo \u00f3rg\u00e3o &hellip;<\/p>\n","protected":false},"author":5,"featured_media":4000,"comment_status":"open","ping_status":"open","sticky":false,"template":"","format":"standard","meta":{"footnotes":""},"categories":[37,47],"tags":[],"class_list":["post-3999","post","type-post","status-publish","format-standard","has-post-thumbnail","","category-palmas","category-paraiso"],"_links":{"self":[{"href":"https:\/\/focotocantinense.com.br\/index.php?rest_route=\/wp\/v2\/posts\/3999","targetHints":{"allow":["GET"]}}],"collection":[{"href":"https:\/\/focotocantinense.com.br\/index.php?rest_route=\/wp\/v2\/posts"}],"about":[{"href":"https:\/\/focotocantinense.com.br\/index.php?rest_route=\/wp\/v2\/types\/post"}],"author":[{"embeddable":true,"href":"https:\/\/focotocantinense.com.br\/index.php?rest_route=\/wp\/v2\/users\/5"}],"replies":[{"embeddable":true,"href":"https:\/\/focotocantinense.com.br\/index.php?rest_route=%2Fwp%2Fv2%2Fcomments&post=3999"}],"version-history":[{"count":2,"href":"https:\/\/focotocantinense.com.br\/index.php?rest_route=\/wp\/v2\/posts\/3999\/revisions"}],"predecessor-version":[{"id":4002,"href":"https:\/\/focotocantinense.com.br\/index.php?rest_route=\/wp\/v2\/posts\/3999\/revisions\/4002"}],"wp:featuredmedia":[{"embeddable":true,"href":"https:\/\/focotocantinense.com.br\/index.php?rest_route=\/wp\/v2\/media\/4000"}],"wp:attachment":[{"href":"https:\/\/focotocantinense.com.br\/index.php?rest_route=%2Fwp%2Fv2%2Fmedia&parent=3999"}],"wp:term":[{"taxonomy":"category","embeddable":true,"href":"https:\/\/focotocantinense.com.br\/index.php?rest_route=%2Fwp%2Fv2%2Fcategories&post=3999"},{"taxonomy":"post_tag","embeddable":true,"href":"https:\/\/focotocantinense.com.br\/index.php?rest_route=%2Fwp%2Fv2%2Ftags&post=3999"}],"curies":[{"name":"wp","href":"https:\/\/api.w.org\/{rel}","templated":true}]}}