{"id":3994,"date":"2023-02-24T17:10:44","date_gmt":"2023-02-24T20:10:44","guid":{"rendered":"https:\/\/focotocantinense.com.br\/?p=3994"},"modified":"2023-02-24T17:11:48","modified_gmt":"2023-02-24T20:11:48","slug":"prf-apreende-arma-de-fogo-e-municoes-em-formoso-do-araguaia","status":"publish","type":"post","link":"https:\/\/focotocantinense.com.br\/?p=3994","title":{"rendered":"PRF apreende arma de fogo e muni\u00e7\u00f5es em Formoso do Araguaia"},"content":{"rendered":"\n<p>Na tarde desta quinta-feira (23), a Pol\u00edcia Rodovi\u00e1ria Federal (PRF)&nbsp;realizou a apreens\u00e3o de uma arma de fogo e 6 muni\u00e7\u00f5es, no munic\u00edpio de Formoso do Araguaia, na regi\u00e3o sul do Estado.&nbsp;<\/p>\n\n\n\n<p>Em procedimento de fiscaliza\u00e7\u00e3o, por volta das 17 horas e 25 minutos, a equipe policial abordou um ve\u00edculo&nbsp;GM\/Chevrolet D20 C, cor vermelha, no km 456 da BR 242. O carro estava sendo conduzido por um homem de 77 anos e ao ser verificado os equipamentos obrigat\u00f3rios, foram localizados um rev\u00f3lver calibre .38-40 e 6 unidades de muni\u00e7\u00e3o calibre .38 no interior do ve\u00edculo.<\/p>\n\n\n\n<p>Diante das informa\u00e7\u00f5es obtidas, foi constatado, a princ\u00edpio, a ocorr\u00eancia de Porte ilegal de arma de fogo de uso permitido. O homem e o material il\u00edcito foram encaminhados \u00e0 Delegacia de Pol\u00edcia Civil para os procedimentos legais cab\u00edveis.<\/p>\n\n\n\n<figure class=\"wp-block-image size-large is-resized\"><img loading=\"lazy\" decoding=\"async\" src=\"https:\/\/focotocantinense.com.br\/wp-content\/uploads\/2023\/02\/aaa-18-1024x492.jpg\" alt=\"\" class=\"wp-image-3995\" width=\"387\" height=\"185\" srcset=\"https:\/\/focotocantinense.com.br\/wp-content\/uploads\/2023\/02\/aaa-18-1024x492.jpg 1024w, https:\/\/focotocantinense.com.br\/wp-content\/uploads\/2023\/02\/aaa-18-300x144.jpg 300w, https:\/\/focotocantinense.com.br\/wp-content\/uploads\/2023\/02\/aaa-18-768x369.jpg 768w, https:\/\/focotocantinense.com.br\/wp-content\/uploads\/2023\/02\/aaa-18.jpg 1041w\" sizes=\"auto, (max-width: 387px) 100vw, 387px\" \/><\/figure>\n\n\n\n<figure class=\"wp-block-image\"><a href=\"https:\/\/www.instagram.com\/viniciusmartinsto\/\" target=\"_blank\" rel=\"noreferrer noopener\"><img decoding=\"async\" src=\"https:\/\/www.n1to.com.br\/img\/cache\/720x105\/80\/crop\/Imagem-eef442e8e75cae0362296529067458d6.png\" alt=\"\" title=\"Vin\u00edcius Martins - Consultor de Pol\u00edticas P\u00fablicas\"\/><\/a><\/figure>\n","protected":false},"excerpt":{"rendered":"<p>Na tarde desta quinta-feira (23), a Pol\u00edcia Rodovi\u00e1ria Federal (PRF)&nbsp;realizou a apreens\u00e3o de uma arma de fogo e 6 muni\u00e7\u00f5es, no munic\u00edpio de Formoso do Araguaia, na regi\u00e3o sul do Estado.&nbsp; Em procedimento de fiscaliza\u00e7\u00e3o, por volta das 17 horas e 25 minutos, a equipe policial abordou um ve\u00edculo&nbsp;GM\/Chevrolet D20 C, cor vermelha, no km &hellip;<\/p>\n","protected":false},"author":5,"featured_media":3995,"comment_status":"open","ping_status":"open","sticky":false,"template":"","format":"standard","meta":{"footnotes":""},"categories":[51],"tags":[],"class_list":["post-3994","post","type-post","status-publish","format-standard","has-post-thumbnail","","category-formoso-do-araguaia"],"_links":{"self":[{"href":"https:\/\/focotocantinense.com.br\/index.php?rest_route=\/wp\/v2\/posts\/3994","targetHints":{"allow":["GET"]}}],"collection":[{"href":"https:\/\/focotocantinense.com.br\/index.php?rest_route=\/wp\/v2\/posts"}],"about":[{"href":"https:\/\/focotocantinense.com.br\/index.php?rest_route=\/wp\/v2\/types\/post"}],"author":[{"embeddable":true,"href":"https:\/\/focotocantinense.com.br\/index.php?rest_route=\/wp\/v2\/users\/5"}],"replies":[{"embeddable":true,"href":"https:\/\/focotocantinense.com.br\/index.php?rest_route=%2Fwp%2Fv2%2Fcomments&post=3994"}],"version-history":[{"count":3,"href":"https:\/\/focotocantinense.com.br\/index.php?rest_route=\/wp\/v2\/posts\/3994\/revisions"}],"predecessor-version":[{"id":3998,"href":"https:\/\/focotocantinense.com.br\/index.php?rest_route=\/wp\/v2\/posts\/3994\/revisions\/3998"}],"wp:featuredmedia":[{"embeddable":true,"href":"https:\/\/focotocantinense.com.br\/index.php?rest_route=\/wp\/v2\/media\/3995"}],"wp:attachment":[{"href":"https:\/\/focotocantinense.com.br\/index.php?rest_route=%2Fwp%2Fv2%2Fmedia&parent=3994"}],"wp:term":[{"taxonomy":"category","embeddable":true,"href":"https:\/\/focotocantinense.com.br\/index.php?rest_route=%2Fwp%2Fv2%2Fcategories&post=3994"},{"taxonomy":"post_tag","embeddable":true,"href":"https:\/\/focotocantinense.com.br\/index.php?rest_route=%2Fwp%2Fv2%2Ftags&post=3994"}],"curies":[{"name":"wp","href":"https:\/\/api.w.org\/{rel}","templated":true}]}}