{"id":3987,"date":"2023-02-24T16:41:33","date_gmt":"2023-02-24T19:41:33","guid":{"rendered":"https:\/\/focotocantinense.com.br\/?p=3987"},"modified":"2023-02-24T16:44:11","modified_gmt":"2023-02-24T19:44:11","slug":"unirg-abre-inscricoes-em-processo-seletivo-para-pedagogo","status":"publish","type":"post","link":"https:\/\/focotocantinense.com.br\/?p=3987","title":{"rendered":"UnirG abre inscri\u00e7\u00f5es em processo seletivo para pedagogo"},"content":{"rendered":"\n<p>Est\u00e3o abertas at\u00e9 01 de mar\u00e7o, as inscri\u00e7\u00f5es no processo seletivo simplificado da Universidade de Gurupi &#8211; UnirG, para o preenchimento de vaga para T\u00e9cnico Acad\u00eamico\/Administrativo tempor\u00e1rio, com forma\u00e7\u00e3o em Pedagogia.&nbsp;S\u00e3o oferecidas tr\u00eas vagas, com jornada de trabalho de 40h semanais. A remunera\u00e7\u00e3o \u00e9 de R$ 3.629,76.<\/p>\n\n\n\n<p>A sele\u00e7\u00e3o ser\u00e1 feita em tr\u00eas etapas: an\u00e1lise curricular e documental,&nbsp;prova escrita, al\u00e9m de entrevista.&nbsp;Os aprovados ir\u00e3o atuar na Pr\u00f3-reitoria de Gradua\u00e7\u00e3o da Universidade de Gurupi.&nbsp;<\/p>\n\n\n\n<figure class=\"wp-block-image size-large is-resized\"><img loading=\"lazy\" decoding=\"async\" src=\"https:\/\/focotocantinense.com.br\/wp-content\/uploads\/2023\/02\/UNIRG-FACHADA-CAMPUS-1-1024x513.jpg\" alt=\"\" class=\"wp-image-3988\" width=\"396\" height=\"197\" srcset=\"https:\/\/focotocantinense.com.br\/wp-content\/uploads\/2023\/02\/UNIRG-FACHADA-CAMPUS-1-1024x513.jpg 1024w, https:\/\/focotocantinense.com.br\/wp-content\/uploads\/2023\/02\/UNIRG-FACHADA-CAMPUS-1-300x150.jpg 300w, https:\/\/focotocantinense.com.br\/wp-content\/uploads\/2023\/02\/UNIRG-FACHADA-CAMPUS-1-660x330.jpg 660w\" sizes=\"auto, (max-width: 396px) 100vw, 396px\" \/><\/figure>\n\n\n\n<p><\/p>\n\n\n\n<p><\/p>\n\n\n\n<p><\/p>\n\n\n\n<figure class=\"wp-block-image is-resized\"><a href=\"https:\/\/www.instagram.com\/viniciusmartinsto\/\" target=\"_blank\" rel=\"noreferrer noopener\"><img loading=\"lazy\" decoding=\"async\" src=\"https:\/\/www.n1to.com.br\/img\/cache\/720x105\/80\/crop\/Imagem-eef442e8e75cae0362296529067458d6.png\" alt=\"\" width=\"616\" height=\"90\" title=\"Vin\u00edcius Martins - Consultor de Pol\u00edticas P\u00fablicas\"\/><\/a><\/figure>\n\n\n\n<p><\/p>\n\n\n\n<p><\/p>\n\n\n\n<p><\/p>\n\n\n\n<p><\/p>\n\n\n\n<p><\/p>\n\n\n\n<p><\/p>\n\n\n\n<p><\/p>\n\n\n\n<p><\/p>\n\n\n\n<p><\/p>\n\n\n\n<p><\/p>\n\n\n\n<p><\/p>\n\n\n\n<p><\/p>\n\n\n\n<p><\/p>\n\n\n\n<p><\/p>\n","protected":false},"excerpt":{"rendered":"<p>Est\u00e3o abertas at\u00e9 01 de mar\u00e7o, as inscri\u00e7\u00f5es no processo seletivo simplificado da Universidade de Gurupi &#8211; UnirG, para o preenchimento de vaga para T\u00e9cnico Acad\u00eamico\/Administrativo tempor\u00e1rio, com forma\u00e7\u00e3o em Pedagogia.&nbsp;S\u00e3o oferecidas tr\u00eas vagas, com jornada de trabalho de 40h semanais. A remunera\u00e7\u00e3o \u00e9 de R$ 3.629,76. A sele\u00e7\u00e3o ser\u00e1 feita em tr\u00eas etapas: an\u00e1lise &hellip;<\/p>\n","protected":false},"author":5,"featured_media":3988,"comment_status":"open","ping_status":"open","sticky":false,"template":"","format":"standard","meta":{"footnotes":""},"categories":[38],"tags":[],"class_list":["post-3987","post","type-post","status-publish","format-standard","has-post-thumbnail","","category-gurupi"],"_links":{"self":[{"href":"https:\/\/focotocantinense.com.br\/index.php?rest_route=\/wp\/v2\/posts\/3987","targetHints":{"allow":["GET"]}}],"collection":[{"href":"https:\/\/focotocantinense.com.br\/index.php?rest_route=\/wp\/v2\/posts"}],"about":[{"href":"https:\/\/focotocantinense.com.br\/index.php?rest_route=\/wp\/v2\/types\/post"}],"author":[{"embeddable":true,"href":"https:\/\/focotocantinense.com.br\/index.php?rest_route=\/wp\/v2\/users\/5"}],"replies":[{"embeddable":true,"href":"https:\/\/focotocantinense.com.br\/index.php?rest_route=%2Fwp%2Fv2%2Fcomments&post=3987"}],"version-history":[{"count":5,"href":"https:\/\/focotocantinense.com.br\/index.php?rest_route=\/wp\/v2\/posts\/3987\/revisions"}],"predecessor-version":[{"id":3993,"href":"https:\/\/focotocantinense.com.br\/index.php?rest_route=\/wp\/v2\/posts\/3987\/revisions\/3993"}],"wp:featuredmedia":[{"embeddable":true,"href":"https:\/\/focotocantinense.com.br\/index.php?rest_route=\/wp\/v2\/media\/3988"}],"wp:attachment":[{"href":"https:\/\/focotocantinense.com.br\/index.php?rest_route=%2Fwp%2Fv2%2Fmedia&parent=3987"}],"wp:term":[{"taxonomy":"category","embeddable":true,"href":"https:\/\/focotocantinense.com.br\/index.php?rest_route=%2Fwp%2Fv2%2Fcategories&post=3987"},{"taxonomy":"post_tag","embeddable":true,"href":"https:\/\/focotocantinense.com.br\/index.php?rest_route=%2Fwp%2Fv2%2Ftags&post=3987"}],"curies":[{"name":"wp","href":"https:\/\/api.w.org\/{rel}","templated":true}]}}