{"id":3983,"date":"2023-02-23T20:11:15","date_gmt":"2023-02-23T23:11:15","guid":{"rendered":"https:\/\/focotocantinense.com.br\/?p=3983"},"modified":"2023-02-23T20:12:05","modified_gmt":"2023-02-23T23:12:05","slug":"prf-divulga-balanco-da-operacao-carnaval-2023-no-tocantins","status":"publish","type":"post","link":"https:\/\/focotocantinense.com.br\/?p=3983","title":{"rendered":"PRF divulga balan\u00e7o da Opera\u00e7\u00e3o Carnaval 2023 no Tocantins"},"content":{"rendered":"\n<figure class=\"wp-block-image is-resized\"><img loading=\"lazy\" decoding=\"async\" src=\"https:\/\/i2.wp.com\/portaldoamaral.com.br\/wp-content\/uploads\/2023\/02\/WhatsApp-Image-2023-02-23-at-13.22.01.jpeg?fit=1200%2C1600&amp;ssl=1\" alt=\"\" width=\"396\" height=\"528\"\/><\/figure>\n\n\n\n<p>A Opera\u00e7\u00e3o Carnaval est\u00e1 inserida no Programa RODOVIDA que visa concentrar esfor\u00e7os interinstitucionais para reduzir a viol\u00eancia do tr\u00e2nsito, materializada atrav\u00e9s dos acidentes de tr\u00e2nsito, e os custos sociais dela decorrentes. Dessa forma, a Pol\u00edcia Rodovi\u00e1ria Federal (PRF) divulga o balan\u00e7o da Opera\u00e7\u00e3o Carnaval 2023 \u2013 iniciada na sexta-feira (17) e encerrada \u00e0s 23h59 desta quarta-feira (22).<\/p>\n\n\n\n<p>Com o aumento do fluxo de ve\u00edculos nas rodovias durante o per\u00edodo de Carnaval, a PRF, no Tocantins, de forma estrat\u00e9gica e por dados estat\u00edsticos, refor\u00e7ou o policiamento em locais e hor\u00e1rios com maior incid\u00eancia de acidentes graves e criminalidade. Como resultado,&nbsp; foram registrados 15 acidentes no geral, sendo constatada uma redu\u00e7\u00e3o de 85% nos acidentes graves e de 34% em rela\u00e7\u00e3o \u00e0s pessoas feridas. No que diz respeito aos acidentes com v\u00edtima fatal, foi observada uma queda de 100% em rela\u00e7\u00e3o ao ano de 2022, ou seja, nenhuma pessoa perdeu a vida nas rodovias tocantinenses no per\u00edodo deste ano.<\/p>\n\n\n\n<p>Com o refor\u00e7o do policiamento, houve um aumento de 26% no n\u00famero de pessoas fiscalizadas e 17% nos ve\u00edculos fiscalizados: foram 2.116 pessoas e 1.646 ve\u00edculos fiscalizados durante a Opera\u00e7\u00e3o Carnaval 2023. Foram lavrados 1.203 autos de infra\u00e7\u00e3o com destaque para a alcoolemia com incremento de 94%. J\u00e1 para as infra\u00e7\u00f5es relacionadas ao n\u00e3o uso do cinto de seguran\u00e7a e ultrapassagens indevidas (que tamb\u00e9m tiveram destaque), houve um aumento de 40% e redu\u00e7\u00e3o de 75%, respectivamente.<\/p>\n\n\n\n<p>A Opera\u00e7\u00e3o Carnaval teve especial foco na seguran\u00e7a vi\u00e1ria. Foram intensificados comandos de alcoolemia com a realiza\u00e7\u00e3o de 597 testes de alcoolemia em todo o estado do Tocantins \u2013 um aumento significativo de 67%. No tocante \u00e0 criminalidade, 15 pessoas foram detidas durante a Opera\u00e7\u00e3o, o que representa uma redu\u00e7\u00e3o de 66% em rela\u00e7\u00e3o ao ano anterior.<\/p>\n\n\n\n<p>Os n\u00fameros e percentuais citados nesta mat\u00e9ria s\u00e3o em rela\u00e7\u00e3o ao per\u00edodo 17\/02\/2023 a 22\/02\/2023, em compara\u00e7\u00e3o com 25\/02\/2022 a 02\/03\/2022. \u00c9 importante ressaltar que os n\u00fameros podem sofrer altera\u00e7\u00f5es devido \u00e0 compila\u00e7\u00e3o de ocorr\u00eancias em curso.<\/p>\n\n\n\n<figure class=\"wp-block-image\"><a href=\"https:\/\/www.instagram.com\/viniciusmartinsto\/\" target=\"_blank\" rel=\"noreferrer noopener\"><img decoding=\"async\" src=\"https:\/\/www.n1to.com.br\/img\/cache\/720x105\/80\/crop\/Imagem-eef442e8e75cae0362296529067458d6.png\" alt=\"\" title=\"Vin\u00edcius Martins - Consultor de Pol\u00edticas P\u00fablicas\"\/><\/a><\/figure>\n","protected":false},"excerpt":{"rendered":"<p>A Opera\u00e7\u00e3o Carnaval est\u00e1 inserida no Programa RODOVIDA que visa concentrar esfor\u00e7os interinstitucionais para reduzir a viol\u00eancia do tr\u00e2nsito, materializada atrav\u00e9s dos acidentes de tr\u00e2nsito, e os custos sociais dela decorrentes. Dessa forma, a Pol\u00edcia Rodovi\u00e1ria Federal (PRF) divulga o balan\u00e7o da Opera\u00e7\u00e3o Carnaval 2023 \u2013 iniciada na sexta-feira (17) e encerrada \u00e0s 23h59 desta &hellip;<\/p>\n","protected":false},"author":5,"featured_media":3984,"comment_status":"open","ping_status":"open","sticky":false,"template":"","format":"standard","meta":{"footnotes":""},"categories":[38],"tags":[],"class_list":["post-3983","post","type-post","status-publish","format-standard","has-post-thumbnail","","category-gurupi"],"_links":{"self":[{"href":"https:\/\/focotocantinense.com.br\/index.php?rest_route=\/wp\/v2\/posts\/3983","targetHints":{"allow":["GET"]}}],"collection":[{"href":"https:\/\/focotocantinense.com.br\/index.php?rest_route=\/wp\/v2\/posts"}],"about":[{"href":"https:\/\/focotocantinense.com.br\/index.php?rest_route=\/wp\/v2\/types\/post"}],"author":[{"embeddable":true,"href":"https:\/\/focotocantinense.com.br\/index.php?rest_route=\/wp\/v2\/users\/5"}],"replies":[{"embeddable":true,"href":"https:\/\/focotocantinense.com.br\/index.php?rest_route=%2Fwp%2Fv2%2Fcomments&post=3983"}],"version-history":[{"count":2,"href":"https:\/\/focotocantinense.com.br\/index.php?rest_route=\/wp\/v2\/posts\/3983\/revisions"}],"predecessor-version":[{"id":3986,"href":"https:\/\/focotocantinense.com.br\/index.php?rest_route=\/wp\/v2\/posts\/3983\/revisions\/3986"}],"wp:featuredmedia":[{"embeddable":true,"href":"https:\/\/focotocantinense.com.br\/index.php?rest_route=\/wp\/v2\/media\/3984"}],"wp:attachment":[{"href":"https:\/\/focotocantinense.com.br\/index.php?rest_route=%2Fwp%2Fv2%2Fmedia&parent=3983"}],"wp:term":[{"taxonomy":"category","embeddable":true,"href":"https:\/\/focotocantinense.com.br\/index.php?rest_route=%2Fwp%2Fv2%2Fcategories&post=3983"},{"taxonomy":"post_tag","embeddable":true,"href":"https:\/\/focotocantinense.com.br\/index.php?rest_route=%2Fwp%2Fv2%2Ftags&post=3983"}],"curies":[{"name":"wp","href":"https:\/\/api.w.org\/{rel}","templated":true}]}}