{"id":3979,"date":"2023-02-23T18:17:30","date_gmt":"2023-02-23T21:17:30","guid":{"rendered":"https:\/\/focotocantinense.com.br\/?p=3979"},"modified":"2023-02-23T18:18:20","modified_gmt":"2023-02-23T21:18:20","slug":"diretor-geral-do-tre-to-participa-de-reuniao-de-trabalho-que-marca-abertura-do-80o-coptrel","status":"publish","type":"post","link":"https:\/\/focotocantinense.com.br\/?p=3979","title":{"rendered":"Diretor-Geral do TRE-TO participa de reuni\u00e3o de trabalho que marca abertura do 80\u00ba COPTREL"},"content":{"rendered":"\n<figure class=\"wp-block-image size-large is-resized\"><img loading=\"lazy\" decoding=\"async\" src=\"https:\/\/focotocantinense.com.br\/wp-content\/uploads\/2023\/02\/aaa-16-1024x484.jpg\" alt=\"\" class=\"wp-image-3981\" width=\"383\" height=\"181\" srcset=\"https:\/\/focotocantinense.com.br\/wp-content\/uploads\/2023\/02\/aaa-16-1024x484.jpg 1024w, https:\/\/focotocantinense.com.br\/wp-content\/uploads\/2023\/02\/aaa-16-300x142.jpg 300w, https:\/\/focotocantinense.com.br\/wp-content\/uploads\/2023\/02\/aaa-16-768x363.jpg 768w, https:\/\/focotocantinense.com.br\/wp-content\/uploads\/2023\/02\/aaa-16.jpg 1100w\" sizes=\"auto, (max-width: 383px) 100vw, 383px\" \/><\/figure>\n\n\n\n<p>Reunidos para discutir a\u00e7\u00f5es, programas e iniciativas administrativas que resultam no aprimoramento e melhoria da gest\u00e3o e, consequentemente, a presta\u00e7\u00e3o jurisdicional da Justi\u00e7a Eleitoral no Brasil, diretores-gerais de tribunais regionais abriram na tarde desta quinta-feira, dia 23, o 80\u00ba COPTREL (Encontro do Col\u00e9gio de Presidentes dos Tribunais Regionais Eleitorais do Brasil), em S\u00e3o Lu\u00eds (MA). O encontro ocorreu na sala de reuni\u00f5es da Assembleia Legislativa do Maranh\u00e3o.<\/p>\n\n\n\n<p>Entre outros temas abordados, est\u00e3o seguran\u00e7a digital, processos de contrata\u00e7\u00e3o e biometria. O Tocantins foi representado pelo diretor-geral do TRE-TO, Jos\u00e9 Machado dos Santos. Em sua fala, ele fez quest\u00e3o de destacar a import\u00e2ncia do an\u00fancio feito pelo TSE de centralizar esfor\u00e7os em rela\u00e7\u00e3o \u00e0 seguran\u00e7a digital. A informa\u00e7\u00e3o foi dada pelo diretor-geral do TSE, Rui Moreira de Oliveira. \u201cQuero parabenizar o TSE por centralizar um programa de ciberseguran\u00e7a. H\u00e1 muito tempo v\u00ednhamos debatendo a situa\u00e7\u00e3o. \u00c9 uma atitude muito eficaz\u201d, comentou.<\/p>\n\n\n\n<p>Outro ponto destacado pelo diretor-geral do TRE-TO abordado na reuni\u00e3o foi a delibera\u00e7\u00e3o do TSE de unir os regionais em processos de contrata\u00e7\u00f5es. \u201c\u00c9 muito mais vantajoso unir os tribunais em grupos para contrata\u00e7\u00f5es. \u00c9 uma economia de escala importante para o setor p\u00fablico. Comprova que, em conjunto, podemos fazer muito pela Justi\u00e7a Eleitoral no Brasil\u201d, complementou o gestor.<\/p>\n\n\n\n<figure class=\"wp-block-image\"><a href=\"https:\/\/www.instagram.com\/viniciusmartinsto\/\" target=\"_blank\" rel=\"noreferrer noopener\"><img decoding=\"async\" src=\"https:\/\/www.n1to.com.br\/img\/cache\/720x105\/80\/crop\/Imagem-eef442e8e75cae0362296529067458d6.png\" alt=\"\" title=\"Vin\u00edcius Martins - Consultor de Pol\u00edticas P\u00fablicas\"\/><\/a><\/figure>\n","protected":false},"excerpt":{"rendered":"<p>Reunidos para discutir a\u00e7\u00f5es, programas e iniciativas administrativas que resultam no aprimoramento e melhoria da gest\u00e3o e, consequentemente, a presta\u00e7\u00e3o jurisdicional da Justi\u00e7a Eleitoral no Brasil, diretores-gerais de tribunais regionais abriram na tarde desta quinta-feira, dia 23, o 80\u00ba COPTREL (Encontro do Col\u00e9gio de Presidentes dos Tribunais Regionais Eleitorais do Brasil), em S\u00e3o Lu\u00eds (MA). &hellip;<\/p>\n","protected":false},"author":5,"featured_media":3981,"comment_status":"open","ping_status":"open","sticky":false,"template":"","format":"standard","meta":{"footnotes":""},"categories":[39],"tags":[],"class_list":["post-3979","post","type-post","status-publish","format-standard","has-post-thumbnail","","category-estado"],"_links":{"self":[{"href":"https:\/\/focotocantinense.com.br\/index.php?rest_route=\/wp\/v2\/posts\/3979","targetHints":{"allow":["GET"]}}],"collection":[{"href":"https:\/\/focotocantinense.com.br\/index.php?rest_route=\/wp\/v2\/posts"}],"about":[{"href":"https:\/\/focotocantinense.com.br\/index.php?rest_route=\/wp\/v2\/types\/post"}],"author":[{"embeddable":true,"href":"https:\/\/focotocantinense.com.br\/index.php?rest_route=\/wp\/v2\/users\/5"}],"replies":[{"embeddable":true,"href":"https:\/\/focotocantinense.com.br\/index.php?rest_route=%2Fwp%2Fv2%2Fcomments&post=3979"}],"version-history":[{"count":2,"href":"https:\/\/focotocantinense.com.br\/index.php?rest_route=\/wp\/v2\/posts\/3979\/revisions"}],"predecessor-version":[{"id":3982,"href":"https:\/\/focotocantinense.com.br\/index.php?rest_route=\/wp\/v2\/posts\/3979\/revisions\/3982"}],"wp:featuredmedia":[{"embeddable":true,"href":"https:\/\/focotocantinense.com.br\/index.php?rest_route=\/wp\/v2\/media\/3981"}],"wp:attachment":[{"href":"https:\/\/focotocantinense.com.br\/index.php?rest_route=%2Fwp%2Fv2%2Fmedia&parent=3979"}],"wp:term":[{"taxonomy":"category","embeddable":true,"href":"https:\/\/focotocantinense.com.br\/index.php?rest_route=%2Fwp%2Fv2%2Fcategories&post=3979"},{"taxonomy":"post_tag","embeddable":true,"href":"https:\/\/focotocantinense.com.br\/index.php?rest_route=%2Fwp%2Fv2%2Ftags&post=3979"}],"curies":[{"name":"wp","href":"https:\/\/api.w.org\/{rel}","templated":true}]}}