{"id":3973,"date":"2023-02-23T18:09:06","date_gmt":"2023-02-23T21:09:06","guid":{"rendered":"https:\/\/focotocantinense.com.br\/?p=3973"},"modified":"2023-02-23T18:10:25","modified_gmt":"2023-02-23T21:10:25","slug":"estao-abertas-vagas-de-estagio-remunerado-em-porto-nacional-e-luzimangues-para-estudantes-de-nivel-medio-tecnico-e-superior","status":"publish","type":"post","link":"https:\/\/focotocantinense.com.br\/?p=3973","title":{"rendered":"Est\u00e3o abertas vagas de est\u00e1gio remunerado em Porto Nacional e Luzimangues para estudantes de n\u00edvel m\u00e9dio, t\u00e9cnico e superior"},"content":{"rendered":"\n<p><\/p>\n\n\n\n<p>A Funda\u00e7\u00e3o Municipal da Juventude do munic\u00edpio de Porto Nacional, em parceria com o Instituto Euvaldo Lodi (IEL) do Tocantins, est\u00e1 oportunizando diversas vagas de est\u00e1gio remunerado para estudantes de n\u00edvel m\u00e9dio, t\u00e9cnico e superior. As bolsas variam de R$ 325,00 a R$ 925,00 mais aux\u00edlio transporte.<\/p>\n\n\n\n<p>O presidente da Funda\u00e7\u00e3o Municipal da Juventude, Murilo Ferreira, destacou a import\u00e2ncia do est\u00e1gio para os estudantes. \u201cO est\u00e1gio faz parte do processo de forma\u00e7\u00e3o de todo o curso de gradua\u00e7\u00e3o e t\u00e9cnico. Al\u00e9m disso, as vagas tamb\u00e9m abarcam o ensino m\u00e9dio, \u00e9 uma forma do estudante se preparar melhor para o mercado de trabalho, pois tem a oportunidade de colocar em pr\u00e1tica o que foi aprendido\u201d, pontuou.<\/p>\n\n\n\n<p>Os interessados podem conferir o edital do processo seletivo no site do IEL que visa a contrata\u00e7\u00e3o de estudantes devidamente matriculados nos cursos de Administra\u00e7\u00e3o, Gest\u00e3o P\u00fablica, Administra\u00e7\u00e3o P\u00fablica, Direito, Engenharia Civil, Engenharia Ambiental, Arquitetura e Urbanismo, Agronomia, Ensino M\u00e9dio, Enfermagem, Biologia, Geografia, Hist\u00f3ria, Jornalismo, Letras, Engenharia de Alimentos, Servi\u00e7o Social, Psicologia, Educa\u00e7\u00e3o F\u00edsica, Log\u00edstica, Marketing, Nutri\u00e7\u00e3o, Medicina, T\u00e9cnico em Enfermagem, T\u00e9cnico em Inform\u00e1tica, Ci\u00eancias Cont\u00e1beis, Tecnologia da Informa\u00e7\u00e3o (Ci\u00eancias da Computa\u00e7\u00e3o, Sistema de Informa\u00e7\u00e3o, An\u00e1lise de Sistema, Sistema para Internet) e Pedagogia.<\/p>\n\n\n\n<p>Aos estudantes de Medicina, poder\u00e3o participar do Processo de Credenciamento de Estagi\u00e1rios Edital NR\/TO 01\/2023 da Funda\u00e7\u00e3o Municipal da Juventude de Porto Nacional, somente os alunos que participam de algum Programa Social (PROUNI, FIES ou Bolsa Estudantil ofertada pela Institui\u00e7\u00e3o de Ensino) devidamente comprovados.<\/p>\n\n\n\n<p>As inscri\u00e7\u00f5es v\u00e3o at\u00e9 o dia 28 de fevereiro, os estudantes interessados em participar do processo seletivo dever\u00e3o encaminhar os documentos (requerimento de inscri\u00e7\u00e3o e comprovante de matr\u00edcula) para o e-mail&nbsp;<a href=\"mailto:vagasestagio@sistemafieto.com.br\" target=\"_blank\" rel=\"noreferrer noopener\">vagasestagio@<wbr>sistemafieto.com.br<\/a>, identificando o assunto: \u201cEDITAL IEL-NR TO N\u00ba 01\/2023 \u2013 PORTO NACIONAL\u201d.<\/p>\n\n\n\n<p>A sele\u00e7\u00e3o ser\u00e1 realizada por meio de an\u00e1lise documental e entrevista pessoal. As vagas ofertadas ser\u00e3o para atua\u00e7\u00e3o de atividades que ser\u00e3o desempenhadas em conformidade com os cursos contemplados em Porto Nacional e Luzimangues.<\/p>\n\n\n\n<figure class=\"wp-block-image size-full\"><img loading=\"lazy\" decoding=\"async\" width=\"986\" height=\"517\" src=\"https:\/\/focotocantinense.com.br\/wp-content\/uploads\/2023\/02\/aaa-15.jpg\" alt=\"\" class=\"wp-image-3977\" srcset=\"https:\/\/focotocantinense.com.br\/wp-content\/uploads\/2023\/02\/aaa-15.jpg 986w, https:\/\/focotocantinense.com.br\/wp-content\/uploads\/2023\/02\/aaa-15-300x157.jpg 300w, https:\/\/focotocantinense.com.br\/wp-content\/uploads\/2023\/02\/aaa-15-768x403.jpg 768w\" sizes=\"auto, (max-width: 986px) 100vw, 986px\" \/><\/figure>\n\n\n\n<figure class=\"wp-block-image\"><a href=\"https:\/\/www.instagram.com\/viniciusmartinsto\/\" target=\"_blank\" rel=\"noreferrer noopener\"><img decoding=\"async\" src=\"https:\/\/www.n1to.com.br\/img\/cache\/720x105\/80\/crop\/Imagem-eef442e8e75cae0362296529067458d6.png\" alt=\"\" title=\"Vin\u00edcius Martins - Consultor de Pol\u00edticas P\u00fablicas\"\/><\/a><\/figure>\n","protected":false},"excerpt":{"rendered":"<p>A Funda\u00e7\u00e3o Municipal da Juventude do munic\u00edpio de Porto Nacional, em parceria com o Instituto Euvaldo Lodi (IEL) do Tocantins, est\u00e1 oportunizando diversas vagas de est\u00e1gio remunerado para estudantes de n\u00edvel m\u00e9dio, t\u00e9cnico e superior. As bolsas variam de R$ 325,00 a R$ 925,00 mais aux\u00edlio transporte. O presidente da Funda\u00e7\u00e3o Municipal da Juventude, Murilo &hellip;<\/p>\n","protected":false},"author":5,"featured_media":3974,"comment_status":"open","ping_status":"open","sticky":false,"template":"","format":"standard","meta":{"footnotes":""},"categories":[46],"tags":[],"class_list":["post-3973","post","type-post","status-publish","format-standard","has-post-thumbnail","","category-porto_nacional"],"_links":{"self":[{"href":"https:\/\/focotocantinense.com.br\/index.php?rest_route=\/wp\/v2\/posts\/3973","targetHints":{"allow":["GET"]}}],"collection":[{"href":"https:\/\/focotocantinense.com.br\/index.php?rest_route=\/wp\/v2\/posts"}],"about":[{"href":"https:\/\/focotocantinense.com.br\/index.php?rest_route=\/wp\/v2\/types\/post"}],"author":[{"embeddable":true,"href":"https:\/\/focotocantinense.com.br\/index.php?rest_route=\/wp\/v2\/users\/5"}],"replies":[{"embeddable":true,"href":"https:\/\/focotocantinense.com.br\/index.php?rest_route=%2Fwp%2Fv2%2Fcomments&post=3973"}],"version-history":[{"count":3,"href":"https:\/\/focotocantinense.com.br\/index.php?rest_route=\/wp\/v2\/posts\/3973\/revisions"}],"predecessor-version":[{"id":3978,"href":"https:\/\/focotocantinense.com.br\/index.php?rest_route=\/wp\/v2\/posts\/3973\/revisions\/3978"}],"wp:featuredmedia":[{"embeddable":true,"href":"https:\/\/focotocantinense.com.br\/index.php?rest_route=\/wp\/v2\/media\/3974"}],"wp:attachment":[{"href":"https:\/\/focotocantinense.com.br\/index.php?rest_route=%2Fwp%2Fv2%2Fmedia&parent=3973"}],"wp:term":[{"taxonomy":"category","embeddable":true,"href":"https:\/\/focotocantinense.com.br\/index.php?rest_route=%2Fwp%2Fv2%2Fcategories&post=3973"},{"taxonomy":"post_tag","embeddable":true,"href":"https:\/\/focotocantinense.com.br\/index.php?rest_route=%2Fwp%2Fv2%2Ftags&post=3973"}],"curies":[{"name":"wp","href":"https:\/\/api.w.org\/{rel}","templated":true}]}}