{"id":3959,"date":"2023-02-22T21:00:45","date_gmt":"2023-02-23T00:00:45","guid":{"rendered":"https:\/\/focotocantinense.com.br\/?p=3959"},"modified":"2023-02-22T21:01:22","modified_gmt":"2023-02-23T00:01:22","slug":"governo-do-tocantins-paga-salario-de-fevereiro-aos-servidores-nesta-sexta-feira-24","status":"publish","type":"post","link":"https:\/\/focotocantinense.com.br\/?p=3959","title":{"rendered":"Governo do Tocantins paga sal\u00e1rio de fevereiro aos servidores nesta sexta-feira, 24"},"content":{"rendered":"\n<figure class=\"wp-block-image size-full is-resized\"><img loading=\"lazy\" decoding=\"async\" src=\"https:\/\/focotocantinense.com.br\/wp-content\/uploads\/2023\/02\/AAA-12.jpg\" alt=\"\" class=\"wp-image-3960\" width=\"400\" height=\"201\" srcset=\"https:\/\/focotocantinense.com.br\/wp-content\/uploads\/2023\/02\/AAA-12.jpg 1006w, https:\/\/focotocantinense.com.br\/wp-content\/uploads\/2023\/02\/AAA-12-300x151.jpg 300w, https:\/\/focotocantinense.com.br\/wp-content\/uploads\/2023\/02\/AAA-12-768x387.jpg 768w, https:\/\/focotocantinense.com.br\/wp-content\/uploads\/2023\/02\/AAA-12-660x330.jpg 660w\" sizes=\"auto, (max-width: 400px) 100vw, 400px\" \/><\/figure>\n\n\n\n<p>O Governo do Tocantins efetua, nesta sexta-feira, 24 de fevereiro, o pagamento dos servidores p\u00fablicos estaduais. A medida, de liquidar a folha sempre de forma antecipada, tem se tornado uma marca da gest\u00e3o do governador Wanderlei Barbosa. &#8220;Temos, em nossas prioridades, a decis\u00e3o de manter um firme controle das contas p\u00fablicas e assim garantir que nossos servidores continuem a receber seus sal\u00e1rios em dia e at\u00e9 de forma antecipada, como estamos fazendo todos os meses. Com isso, nossos servidores t\u00eam a garantia de que v\u00e3o poder honrar seus compromissos financeiros e fortalecer o com\u00e9rcio tocantinense&#8221;, ressalta.<\/p>\n\n\n\n<p>Com o pagamento da folha de fevereiro, o Governo do Tocantins est\u00e1 proporcionando a inser\u00e7\u00e3o de R$ 223.582.470,82 no com\u00e9rcio em todo o Estado, fazendo girar a economia tocantinense. \u201cTemos a consci\u00eancia da import\u00e2ncia da entrada desse dinheiro em circula\u00e7\u00e3o no com\u00e9rcio de todo o Tocantins. O Estado, por meio de seus servidores, est\u00e1 presente em todos os 139 munic\u00edpios tocantinenses e, desta forma, colaboramos para manter girando a economia local&#8221;, conclui o governador Wanderlei Barbosa.<\/p>\n\n\n\n<p>J\u00e1 nas primeiras horas da manh\u00e3 de sexta-feira, 24, os servidores poder\u00e3o contar com os sal\u00e1rios depositados em suas contas.<\/p>\n\n\n\n<figure class=\"wp-block-image\"><a href=\"https:\/\/www.instagram.com\/viniciusmartinsto\/\" target=\"_blank\" rel=\"noreferrer noopener\"><img decoding=\"async\" src=\"https:\/\/www.n1to.com.br\/img\/cache\/720x105\/80\/crop\/Imagem-eef442e8e75cae0362296529067458d6.png\" alt=\"\" title=\"Vin\u00edcius Martins - Consultor de Pol\u00edticas P\u00fablicas\"\/><\/a><\/figure>\n","protected":false},"excerpt":{"rendered":"<p>O Governo do Tocantins efetua, nesta sexta-feira, 24 de fevereiro, o pagamento dos servidores p\u00fablicos estaduais. A medida, de liquidar a folha sempre de forma antecipada, tem se tornado uma marca da gest\u00e3o do governador Wanderlei Barbosa. &#8220;Temos, em nossas prioridades, a decis\u00e3o de manter um firme controle das contas p\u00fablicas e assim garantir que &hellip;<\/p>\n","protected":false},"author":5,"featured_media":3960,"comment_status":"open","ping_status":"open","sticky":false,"template":"","format":"standard","meta":{"footnotes":""},"categories":[39],"tags":[],"class_list":["post-3959","post","type-post","status-publish","format-standard","has-post-thumbnail","","category-estado"],"_links":{"self":[{"href":"https:\/\/focotocantinense.com.br\/index.php?rest_route=\/wp\/v2\/posts\/3959","targetHints":{"allow":["GET"]}}],"collection":[{"href":"https:\/\/focotocantinense.com.br\/index.php?rest_route=\/wp\/v2\/posts"}],"about":[{"href":"https:\/\/focotocantinense.com.br\/index.php?rest_route=\/wp\/v2\/types\/post"}],"author":[{"embeddable":true,"href":"https:\/\/focotocantinense.com.br\/index.php?rest_route=\/wp\/v2\/users\/5"}],"replies":[{"embeddable":true,"href":"https:\/\/focotocantinense.com.br\/index.php?rest_route=%2Fwp%2Fv2%2Fcomments&post=3959"}],"version-history":[{"count":2,"href":"https:\/\/focotocantinense.com.br\/index.php?rest_route=\/wp\/v2\/posts\/3959\/revisions"}],"predecessor-version":[{"id":3962,"href":"https:\/\/focotocantinense.com.br\/index.php?rest_route=\/wp\/v2\/posts\/3959\/revisions\/3962"}],"wp:featuredmedia":[{"embeddable":true,"href":"https:\/\/focotocantinense.com.br\/index.php?rest_route=\/wp\/v2\/media\/3960"}],"wp:attachment":[{"href":"https:\/\/focotocantinense.com.br\/index.php?rest_route=%2Fwp%2Fv2%2Fmedia&parent=3959"}],"wp:term":[{"taxonomy":"category","embeddable":true,"href":"https:\/\/focotocantinense.com.br\/index.php?rest_route=%2Fwp%2Fv2%2Fcategories&post=3959"},{"taxonomy":"post_tag","embeddable":true,"href":"https:\/\/focotocantinense.com.br\/index.php?rest_route=%2Fwp%2Fv2%2Ftags&post=3959"}],"curies":[{"name":"wp","href":"https:\/\/api.w.org\/{rel}","templated":true}]}}