{"id":3951,"date":"2023-02-22T20:49:16","date_gmt":"2023-02-22T23:49:16","guid":{"rendered":"https:\/\/focotocantinense.com.br\/?p=3951"},"modified":"2023-02-22T20:50:36","modified_gmt":"2023-02-22T23:50:36","slug":"carnaval-de-gurupi-termina-com-sucesso-e-prefeita-josi-nunes-planeja-festa-ainda-melhor-em-2024","status":"publish","type":"post","link":"https:\/\/focotocantinense.com.br\/?p=3951","title":{"rendered":"<strong>Carnaval de Gurupi termina com sucesso e prefeita Josi Nunes planeja festa ainda melhor em 2024\u00a0<\/strong>"},"content":{"rendered":"\n<p>Na quinta e \u00faltima noite do Carnaval em Gurupi, nesta ter\u00e7a-feira, 22, novamente uma multid\u00e3o compareceu para curtir as atra\u00e7\u00f5es que encerraram a festa, que j\u00e1 entrou para a hist\u00f3ria como a maior e mais organizada j\u00e1 vista na cidade. De acordo com a Pol\u00edcia Militar, mais de 20 mil pessoas por noite de folia lotaram a Avenida Par\u00e1 e curtiram toda a programa\u00e7\u00e3o. A atra\u00e7\u00e3o principal que embalou os foli\u00f5es nesta \u00faltima noite foi a dupla Humberto e Ronaldo, que com um repert\u00f3rio animado, cantou os maiores sucessos da carreira como: Romance, Solteiro Sim, Car\u00eancia, Nem aqui nem na China e Saudade V\u00e9ia. E tamb\u00e9m can\u00e7\u00f5es tradicionais do Carnaval.&nbsp;<\/p>\n\n\n\n<p>Como na m\u00fasica \u2018Saudade V\u00e9ia\u2019 muitos foli\u00f5es aproveitaram para se despedir destes cinco dias da festa de momo, reafirmando que em Gurupi se pula o Melhor Carnaval do Norte do Brasil<\/p>\n\n\n\n<p>&#8220;Primeira vez aqui, foi uma experi\u00eancia incr\u00edvel! T\u00f4 at\u00e9 sem voz! Muito bom, muito bom mesmo! A receptividade que a gente teve aqui em Gurupi, a comunica\u00e7\u00e3o e acesso que a gente teve at\u00e9 com os artistas tamb\u00e9m nos shows. Foi tudo muito bonito, muito bem decorado e bem organizado. E uma coisa que me chamou muito aten\u00e7\u00e3o em compara\u00e7\u00e3o aos Carnavais em Salvador, Rio de Janeiro \u00e9 a seguran\u00e7a, porque literalmente eu n\u00e3o presenciei, nada de roubo, furto e isso traz uma comodidade para gente de fora vir prestigiar o Carnaval aqui. Literalmente eu estou amando! Deixou saudades j\u00e1, t\u00e1 com gostinho de quero mais&#8221;, disse Dhayanny Maria, m\u00e9dica paraense que veio de Formoso do Araguaia, onde mora atualmente, para curtir as noites de folia na Capital da Amizade.&nbsp; &nbsp; &nbsp; &nbsp; &nbsp; &nbsp;&nbsp;<\/p>\n\n\n\n<p>\u201cN\u00f3s estamos muito felizes em voltar aqui para Gurupi, n\u00f3s fizemos v\u00e1rios shows aqui e poder voltar no Carnaval, que \u00e9 realmente muito grande, muito importante para o Norte do pa\u00eds, ainda mais para fazer este encerramento foi uma responsabilidade muito grande\u201d, disse o cantor Humberto.<\/p>\n\n\n\n<p>\u201cA gente preparou tudo com muito carinho, com o repert\u00f3rio que o povo gosta e ano que vem chama n\u00f3s de novo que estaremos aqui\u201d, completou Ronaldo.<\/p>\n\n\n\n<p>E a prefeita Josi Nunes, anfitri\u00e3 do Carnaval da cidade, agradeceu ao p\u00fablico, pedindo que os foli\u00f5es segurem essa saudade,&nbsp; garantindo que ano que vem tem mais.<\/p>\n\n\n\n<p>\u201cVer os foli\u00f5es felizes assim, ver o quanto nosso com\u00e9rcio, rede hoteleira, restaurantes e bares lucraram nestes dias de festa me deixou muito feliz. Todos os dias vimos a casa cheia. Estamos com a sensa\u00e7\u00e3o de dever cumprido porque realizamos um Carnaval bonito para a fam\u00edlia gurupiense e para nossos turistas que nos ajudaram a manter recordes de p\u00fablico. Investimos na estrutura, nas bandas tanto nacionais quanto regionais, nas matin\u00eas para adultos e tamb\u00e9m para nossas crian\u00e7as, no apoio aos nossos comerciantes e de resultado obtivemos o dobro em retorno. E os foli\u00f5es podem segurar esta saudade, porque ano que vem vamos fazer uma festa maior e melhor\u201d, afirmou a prefeita Josi Nunes.<\/p>\n\n\n\n<p>Mas a \u00faltima noite n\u00e3o contou s\u00f3 com Humberto e Ronaldo, tamb\u00e9m aconteceram shows com a dupla Pedro Henrique e Eduardo, a Banda Pagode Vip Moral e Wil Oliveira que animaram quem compareceu ao Circuito da Folia at\u00e9 os \u00faltimos momentos da festa.<\/p>\n\n\n\n<p>&nbsp;<strong>Balan\u00e7o da folia&nbsp;<\/strong><\/p>\n\n\n\n<p>&#8220;O Carnaval de Gurupi 2023, depois de dois anos sem ter esta festa, acabou superando todas as expectativas. N\u00f3s fizemos um planejamento, uma organiza\u00e7\u00e3o, n\u00f3s trabalhamos realmente para que houvesse este p\u00fablico. A comunica\u00e7\u00e3o, a infraestrutura, todos que trabalharam para que n\u00f3s obtiv\u00e9ssemos este resultado. Tudo isso gera muito mais engajamento, para que n\u00f3s possamos, desde j\u00e1, trabalhar com mais f\u00f4lego e mais for\u00e7a para que em 2024 seja ainda melhor.&nbsp; Quando n\u00f3s fizemos o primeiro levantamento estrutural, com a localiza\u00e7\u00e3o dos espa\u00e7os, n\u00f3s percebemos que onde colocamos a Pra\u00e7a de Alimenta\u00e7\u00e3o esse ano poderia ser sim um lugar melhor para atender a comunidade e aos nossos comerciantes. N\u00f3s fizemos toda uma organiza\u00e7\u00e3o estrutural no lugar para os comerciantes, o Sebrae ajudou na capacita\u00e7\u00e3o. E programamos para que os shows sempre acabassem pr\u00f3ximos a este espa\u00e7o. Um fato muito positivo e in\u00e9dito no Carnaval de Gurupi \u00e9 que pela primeira vez n\u00f3s fizemos a contrata\u00e7\u00e3o de quase 30 m\u00fasicos de Gurupi e todos eles receberam os 50% do pagamento antes de entrar no palco e receber\u00e3o na pr\u00f3xima semana os outros 50%. Esse foi um olhar especial da nossa Prefeita para valoriza\u00e7\u00e3o dos nossos m\u00fasicos e da nossa cultura regional. \u00c9 um trabalho de muitas m\u00e3os envolvidas para que tudo desse certo. A gente agradece nossa prefeita&nbsp;Josi Nunes que nos deu toda essa liberdade para trabalhar&#8221;, explicou Amanda Costa, secret\u00e1ria de cultura e turismo de Gurupi.&nbsp; &nbsp; &nbsp; &nbsp;&nbsp;<\/p>\n\n\n\n<p><strong>Seguran\u00e7a<\/strong><\/p>\n\n\n\n<p>Segundo o Comandante do 4\u00ba Batalh\u00e3o da Pol\u00edcia Militar, Tenente Coronel Wesley Costa, o Carnaval de Gurupi foi uma festa tranquila. &#8220;Durante os cinco dias de folia foram contabilizadas apenas ocorr\u00eancias sem gravidade.&nbsp; No geral foi um Carnaval sem registro de viol\u00eancia. Um dos mais calmos que a Pol\u00edcia&nbsp;Militar j\u00e1 trabalhou. Colocamos 200 homens na seguran\u00e7a da folia em a\u00e7\u00e3o preventiva e o resultado foi o melhor poss\u00edvel&#8221;, avaliou.&nbsp;<\/p>\n\n\n\n<figure class=\"wp-block-image size-full is-resized\"><img loading=\"lazy\" decoding=\"async\" src=\"https:\/\/focotocantinense.com.br\/wp-content\/uploads\/2023\/02\/bbb-4.jpg\" alt=\"\" class=\"wp-image-3954\" width=\"844\" height=\"595\" srcset=\"https:\/\/focotocantinense.com.br\/wp-content\/uploads\/2023\/02\/bbb-4.jpg 376w, https:\/\/focotocantinense.com.br\/wp-content\/uploads\/2023\/02\/bbb-4-300x211.jpg 300w\" sizes=\"auto, (max-width: 844px) 100vw, 844px\" \/><\/figure>\n\n\n\n<figure class=\"wp-block-image size-full is-resized\"><img loading=\"lazy\" decoding=\"async\" src=\"https:\/\/focotocantinense.com.br\/wp-content\/uploads\/2023\/02\/ccc-2.jpg\" alt=\"\" class=\"wp-image-3956\" width=\"836\" height=\"574\" srcset=\"https:\/\/focotocantinense.com.br\/wp-content\/uploads\/2023\/02\/ccc-2.jpg 376w, https:\/\/focotocantinense.com.br\/wp-content\/uploads\/2023\/02\/ccc-2-300x206.jpg 300w, https:\/\/focotocantinense.com.br\/wp-content\/uploads\/2023\/02\/ccc-2-110x75.jpg 110w\" sizes=\"auto, (max-width: 836px) 100vw, 836px\" \/><\/figure>\n\n\n\n<figure class=\"wp-block-image size-full\"><img loading=\"lazy\" decoding=\"async\" width=\"720\" height=\"105\" src=\"https:\/\/focotocantinense.com.br\/wp-content\/uploads\/2023\/02\/image-6.png\" alt=\"\" class=\"wp-image-3957\" srcset=\"https:\/\/focotocantinense.com.br\/wp-content\/uploads\/2023\/02\/image-6.png 720w, https:\/\/focotocantinense.com.br\/wp-content\/uploads\/2023\/02\/image-6-300x44.png 300w\" sizes=\"auto, (max-width: 720px) 100vw, 720px\" \/><\/figure>\n","protected":false},"excerpt":{"rendered":"<p>Na quinta e \u00faltima noite do Carnaval em Gurupi, nesta ter\u00e7a-feira, 22, novamente uma multid\u00e3o compareceu para curtir as atra\u00e7\u00f5es que encerraram a festa, que j\u00e1 entrou para a hist\u00f3ria como a maior e mais organizada j\u00e1 vista na cidade. De acordo com a Pol\u00edcia Militar, mais de 20 mil pessoas por noite de folia &hellip;<\/p>\n","protected":false},"author":5,"featured_media":3952,"comment_status":"open","ping_status":"open","sticky":false,"template":"","format":"standard","meta":{"footnotes":""},"categories":[38],"tags":[],"class_list":["post-3951","post","type-post","status-publish","format-standard","has-post-thumbnail","","category-gurupi"],"_links":{"self":[{"href":"https:\/\/focotocantinense.com.br\/index.php?rest_route=\/wp\/v2\/posts\/3951","targetHints":{"allow":["GET"]}}],"collection":[{"href":"https:\/\/focotocantinense.com.br\/index.php?rest_route=\/wp\/v2\/posts"}],"about":[{"href":"https:\/\/focotocantinense.com.br\/index.php?rest_route=\/wp\/v2\/types\/post"}],"author":[{"embeddable":true,"href":"https:\/\/focotocantinense.com.br\/index.php?rest_route=\/wp\/v2\/users\/5"}],"replies":[{"embeddable":true,"href":"https:\/\/focotocantinense.com.br\/index.php?rest_route=%2Fwp%2Fv2%2Fcomments&post=3951"}],"version-history":[{"count":2,"href":"https:\/\/focotocantinense.com.br\/index.php?rest_route=\/wp\/v2\/posts\/3951\/revisions"}],"predecessor-version":[{"id":3958,"href":"https:\/\/focotocantinense.com.br\/index.php?rest_route=\/wp\/v2\/posts\/3951\/revisions\/3958"}],"wp:featuredmedia":[{"embeddable":true,"href":"https:\/\/focotocantinense.com.br\/index.php?rest_route=\/wp\/v2\/media\/3952"}],"wp:attachment":[{"href":"https:\/\/focotocantinense.com.br\/index.php?rest_route=%2Fwp%2Fv2%2Fmedia&parent=3951"}],"wp:term":[{"taxonomy":"category","embeddable":true,"href":"https:\/\/focotocantinense.com.br\/index.php?rest_route=%2Fwp%2Fv2%2Fcategories&post=3951"},{"taxonomy":"post_tag","embeddable":true,"href":"https:\/\/focotocantinense.com.br\/index.php?rest_route=%2Fwp%2Fv2%2Ftags&post=3951"}],"curies":[{"name":"wp","href":"https:\/\/api.w.org\/{rel}","templated":true}]}}