{"id":3937,"date":"2023-02-20T19:34:27","date_gmt":"2023-02-20T22:34:27","guid":{"rendered":"https:\/\/focotocantinense.com.br\/?p=3937"},"modified":"2023-02-20T21:41:38","modified_gmt":"2023-02-21T00:41:38","slug":"terceira-noite-de-carnaval-de-gurupi-teve-tradicional-desfile-de-blocos-e-show-com-a-dupla-joao-bosco-e-vinicius","status":"publish","type":"post","link":"https:\/\/focotocantinense.com.br\/?p=3937","title":{"rendered":"Terceira noite de Carnaval de Gurupi teve tradicional desfile de blocos e show com a dupla Jo\u00e3o Bosco e Vin\u00edcius"},"content":{"rendered":"\n<figure class=\"wp-block-image size-full is-resized\"><img loading=\"lazy\" decoding=\"async\" src=\"https:\/\/focotocantinense.com.br\/wp-content\/uploads\/2023\/02\/AAA-8.jpg\" alt=\"\" class=\"wp-image-3938\" width=\"410\" height=\"208\" srcset=\"https:\/\/focotocantinense.com.br\/wp-content\/uploads\/2023\/02\/AAA-8.jpg 1019w, https:\/\/focotocantinense.com.br\/wp-content\/uploads\/2023\/02\/AAA-8-300x152.jpg 300w, https:\/\/focotocantinense.com.br\/wp-content\/uploads\/2023\/02\/AAA-8-768x390.jpg 768w\" sizes=\"auto, (max-width: 410px) 100vw, 410px\" \/><\/figure>\n\n\n\n<p>A folia em Gurupi entrou no terceiro dia com muita anima\u00e7\u00e3o que ficou por conta das bandas regionais Keyte Ara\u00fajo, Ka\u00e7ula Mil Wolts, Chico Chokolate e dos cantores Higor e Isaac Rodrigues. A atra\u00e7\u00e3o nacional foi a dupla sertaneja Jo\u00e3o Bosco e Vin\u00edcius, que arrastou uma multid\u00e3o atr\u00e1s do trio.<\/p>\n\n\n\n<p>O circuito neste domingo, 19, foi palco para a irrever\u00eancia j\u00e1 que muita gente fez quest\u00e3o de caprichar na fantasia para entrar na avenida. Al\u00e9m disso, o corredor da folia recebeu o tradicional desfile de blocos que trouxe temas como a valoriza\u00e7\u00e3o dos Ind\u00edgenas, da cultura afro-brasileira, e tamb\u00e9m a alegria do retorno da festa carnavalesca.<\/p>\n\n\n\n<p>O corpo de jurados formado por Demy Brito, atriz e diretora de teatro; Gilberto Gomes de Amorim, pedagogo; e Neto Amorim, membro da Academia Gurupiense de Letras, tiveram como miss\u00e3o avaliar os blocos julgando os crit\u00e9rios como anima\u00e7\u00e3o, evolu\u00e7\u00e3o, originalidade e tamb\u00e9m o conjunto. \u201cO Carnaval de Gurupi \u00e9 uma festa que tem hist\u00f3ria e que precisa desse movimento pra gente resgatar e tamb\u00e9m continuar com o que temos, como ser o melhor Carnaval do Tocantins. O que queremos ver aqui \u00e9 isso!\u201d, disse Gilberto Gomes de Amorim.<\/p>\n\n\n\n<p><strong>Desfile Blocos<\/strong><\/p>\n\n\n\n<p>Est\u00e3o na competi\u00e7\u00e3o tr\u00eas blocos tradicionais da cidade. O Pega pra Cap\u00e1, que esse ano destacou no figurino as cores vermelho e branco e m\u00fasicas que falavam de amor, uni\u00e3o e alegria. O bloco j\u00e1 tem 28 anos de tradi\u00e7\u00e3o e j\u00e1 coleciona 9 vit\u00f3rias.<\/p>\n\n\n\n<p>Gilmar Mendes, um dos organizadores do bloco, conta que esse ano eles se surpreenderam com a estrutura e organiza\u00e7\u00e3o do Carnaval da cidade. \u201cA Prefeitura de Gurupi est\u00e1 de parab\u00e9ns esse ano pela organiza\u00e7\u00e3o. Tivemos um desfile tranquilo, organizado, com respeito. Antigamente a gente tinha muita dificuldade. O que a gente queria mostrar com o desfile, acho que conseguimos mostrar a alegria que existe no nosso Carnaval e no nosso bloco\u201d, disse.<\/p>\n\n\n\n<p>Foi tamb\u00e9m para a avenida o bloco Os Enforcados, que j\u00e1 soma 37 anos de tradi\u00e7\u00e3o. Teve como personagens principais a rainha do Carnaval tetra campe\u00e3, Claudenira Almeida, e o Rei Momo Roh Barros. O tema fez refer\u00eancia a luta do reconhecimento dos povos origin\u00e1rios e da cultura afro-brasileira.<\/p>\n\n\n\n<p>O bloco T\u00f4 Nem A\u00ed tamb\u00e9m esteve na avenida desfilando com muita anima\u00e7\u00e3o. Afastado da folia gurupiense por dez anos, o bloco voltou com muita alegria ao Carnaval de Gurupi<\/p>\n\n\n\n<p>Ainda durante o desfile, servidores e secret\u00e1rios da Prefeitura de Gurupi desfilaram, junto com convidados. O momento tamb\u00e9m contou com a participa\u00e7\u00e3o do grupo Glow Produ\u00e7\u00f5es, que com fantasias e com personagens de rob\u00f4s de led encantaram a multid\u00e3o.<\/p>\n\n\n\n<p><strong>Terceira noite<\/strong><\/p>\n\n\n\n<p>O momento mais esperado da noite foi a apresenta\u00e7\u00e3o da dupla sertaneja Jo\u00e3o Bosco e Vin\u00edcius, que j\u00e1 estiveram em Gurupi outras vezes. \u201cJ\u00e1 est\u00e1vamos com saudade daqui. E voltar no Carnaval \u00e9 muito bom. Fazer um show em cima do trio \u00e9 diferente do que estamos habituados, mas conseguimos nos adaptar bem, mesclar o repert\u00f3rio\u201d, disse Jo\u00e3o Bosco.<\/p>\n\n\n\n<p>Vinicius tamb\u00e9m acredita que a experi\u00eancia da participa\u00e7\u00e3o em outros carnavais \u00e9 o ingrediente para deixar a folia ainda mais animada. \u201cEstamos preparados, vai ser um show maravilhoso, j\u00e1 fizemos circuito Barra-Ondina, \u00e9 esse retorno do Carnaval j\u00e1 est\u00e1 com for\u00e7a total\u201d, contou animado.<\/p>\n\n\n\n<p>Encerrando a programa\u00e7\u00e3o deste domingo, o DJ Meu nome \u00e9 Vaca, que agitou quem estava no t\u00fanel, montado na estrutura do Carnaval de Gurupi.<\/p>\n\n\n\n<figure class=\"wp-block-image\"><img decoding=\"async\" src=\"http:\/\/n1to.com.br\/img\/uploads\/BBB_37.jpg\" alt=\"\"\/><\/figure>\n\n\n\n<figure class=\"wp-block-image is-resized\"><img loading=\"lazy\" decoding=\"async\" src=\"http:\/\/n1to.com.br\/img\/uploads\/veloso_banner_104.jpeg\" alt=\"\" width=\"840\" height=\"242\"\/><\/figure>\n\n\n\n<figure class=\"wp-block-image size-full\"><img loading=\"lazy\" decoding=\"async\" width=\"1011\" height=\"263\" src=\"https:\/\/focotocantinense.com.br\/wp-content\/uploads\/2023\/02\/VINI.jpg\" alt=\"\" class=\"wp-image-3942\" srcset=\"https:\/\/focotocantinense.com.br\/wp-content\/uploads\/2023\/02\/VINI.jpg 1011w, https:\/\/focotocantinense.com.br\/wp-content\/uploads\/2023\/02\/VINI-300x78.jpg 300w, https:\/\/focotocantinense.com.br\/wp-content\/uploads\/2023\/02\/VINI-768x200.jpg 768w\" sizes=\"auto, (max-width: 1011px) 100vw, 1011px\" \/><\/figure>\n","protected":false},"excerpt":{"rendered":"<p>A folia em Gurupi entrou no terceiro dia com muita anima\u00e7\u00e3o que ficou por conta das bandas regionais Keyte Ara\u00fajo, Ka\u00e7ula Mil Wolts, Chico Chokolate e dos cantores Higor e Isaac Rodrigues. A atra\u00e7\u00e3o nacional foi a dupla sertaneja Jo\u00e3o Bosco e Vin\u00edcius, que arrastou uma multid\u00e3o atr\u00e1s do trio. O circuito neste domingo, 19, &hellip;<\/p>\n","protected":false},"author":5,"featured_media":3938,"comment_status":"open","ping_status":"open","sticky":false,"template":"","format":"standard","meta":{"footnotes":""},"categories":[38],"tags":[],"class_list":["post-3937","post","type-post","status-publish","format-standard","has-post-thumbnail","","category-gurupi"],"_links":{"self":[{"href":"https:\/\/focotocantinense.com.br\/index.php?rest_route=\/wp\/v2\/posts\/3937","targetHints":{"allow":["GET"]}}],"collection":[{"href":"https:\/\/focotocantinense.com.br\/index.php?rest_route=\/wp\/v2\/posts"}],"about":[{"href":"https:\/\/focotocantinense.com.br\/index.php?rest_route=\/wp\/v2\/types\/post"}],"author":[{"embeddable":true,"href":"https:\/\/focotocantinense.com.br\/index.php?rest_route=\/wp\/v2\/users\/5"}],"replies":[{"embeddable":true,"href":"https:\/\/focotocantinense.com.br\/index.php?rest_route=%2Fwp%2Fv2%2Fcomments&post=3937"}],"version-history":[{"count":3,"href":"https:\/\/focotocantinense.com.br\/index.php?rest_route=\/wp\/v2\/posts\/3937\/revisions"}],"predecessor-version":[{"id":3943,"href":"https:\/\/focotocantinense.com.br\/index.php?rest_route=\/wp\/v2\/posts\/3937\/revisions\/3943"}],"wp:featuredmedia":[{"embeddable":true,"href":"https:\/\/focotocantinense.com.br\/index.php?rest_route=\/wp\/v2\/media\/3938"}],"wp:attachment":[{"href":"https:\/\/focotocantinense.com.br\/index.php?rest_route=%2Fwp%2Fv2%2Fmedia&parent=3937"}],"wp:term":[{"taxonomy":"category","embeddable":true,"href":"https:\/\/focotocantinense.com.br\/index.php?rest_route=%2Fwp%2Fv2%2Fcategories&post=3937"},{"taxonomy":"post_tag","embeddable":true,"href":"https:\/\/focotocantinense.com.br\/index.php?rest_route=%2Fwp%2Fv2%2Ftags&post=3937"}],"curies":[{"name":"wp","href":"https:\/\/api.w.org\/{rel}","templated":true}]}}