{"id":3932,"date":"2023-02-17T19:08:33","date_gmt":"2023-02-17T22:08:33","guid":{"rendered":"https:\/\/focotocantinense.com.br\/?p=3932"},"modified":"2023-02-17T19:09:31","modified_gmt":"2023-02-17T22:09:31","slug":"prefeita-josi-nunes-decreta-ponto-facultativo-de-20-a-22-de-fevereiro-em-gurupi","status":"publish","type":"post","link":"https:\/\/focotocantinense.com.br\/?p=3932","title":{"rendered":"Prefeita Josi Nunes decreta ponto facultativo de 20 a 22 de fevereiro em Gurupi"},"content":{"rendered":"\n<figure class=\"wp-block-image size-large is-resized\"><img loading=\"lazy\" decoding=\"async\" src=\"https:\/\/focotocantinense.com.br\/wp-content\/uploads\/2023\/02\/1-GURUPI-PANORAMIC-FOTO-JEEFERSON-FERRARI-1024x572.jpg\" alt=\"\" class=\"wp-image-3935\" width=\"401\" height=\"224\" srcset=\"https:\/\/focotocantinense.com.br\/wp-content\/uploads\/2023\/02\/1-GURUPI-PANORAMIC-FOTO-JEEFERSON-FERRARI-1024x572.jpg 1024w, https:\/\/focotocantinense.com.br\/wp-content\/uploads\/2023\/02\/1-GURUPI-PANORAMIC-FOTO-JEEFERSON-FERRARI-300x168.jpg 300w, https:\/\/focotocantinense.com.br\/wp-content\/uploads\/2023\/02\/1-GURUPI-PANORAMIC-FOTO-JEEFERSON-FERRARI-768x429.jpg 768w, https:\/\/focotocantinense.com.br\/wp-content\/uploads\/2023\/02\/1-GURUPI-PANORAMIC-FOTO-JEEFERSON-FERRARI.jpg 1037w\" sizes=\"auto, (max-width: 401px) 100vw, 401px\" \/><\/figure>\n\n\n\n<p>A prefeita de Gurupi, Josi Nunes, vai decretar ponto facultativo nas reparti\u00e7\u00f5es p\u00fablicas municipais nos dias 20, 21 e 22 de fevereiro, per\u00edodo em que acontecem as festividades de Carnaval no munic\u00edpio. O decreto ser\u00e1 publicado no Di\u00e1rio Oficial do Munic\u00edpio desta sexta-feira, 17.&nbsp;&nbsp;<\/p>\n\n\n\n<p>O Decreto leva em considera\u00e7\u00e3o a redu\u00e7\u00e3o na demanda pelos servi\u00e7os p\u00fablicos n\u00e3o essenciais, em virtude do tradicional per\u00edodo de Carnaval. Os pontos facultativos n\u00e3o se aplicam aos servi\u00e7os essenciais que, por sua natureza, exijam regime de plant\u00e3o permanente.<\/p>\n\n\n\n<p>\u201cQuero aproveitar e fazer um convite para nossos servidores prestigiarem o nosso Carnaval de Gurupi. Que esses dias possam ser regados de muita alegria, festa e uni\u00e3o na nossa cidade\u201d, disse a prefeita Josi Nunes.<\/p>\n\n\n\n<figure class=\"wp-block-image size-large\"><img loading=\"lazy\" decoding=\"async\" width=\"1024\" height=\"511\" src=\"https:\/\/focotocantinense.com.br\/wp-content\/uploads\/2023\/02\/OK-PREFEITURA-DE-GURUPI-FOTO-DE-ZACARIAS-MARTINS-1024x511.jpg\" alt=\"\" class=\"wp-image-3933\" srcset=\"https:\/\/focotocantinense.com.br\/wp-content\/uploads\/2023\/02\/OK-PREFEITURA-DE-GURUPI-FOTO-DE-ZACARIAS-MARTINS-1024x511.jpg 1024w, https:\/\/focotocantinense.com.br\/wp-content\/uploads\/2023\/02\/OK-PREFEITURA-DE-GURUPI-FOTO-DE-ZACARIAS-MARTINS-300x150.jpg 300w, https:\/\/focotocantinense.com.br\/wp-content\/uploads\/2023\/02\/OK-PREFEITURA-DE-GURUPI-FOTO-DE-ZACARIAS-MARTINS-768x383.jpg 768w, https:\/\/focotocantinense.com.br\/wp-content\/uploads\/2023\/02\/OK-PREFEITURA-DE-GURUPI-FOTO-DE-ZACARIAS-MARTINS-660x330.jpg 660w, https:\/\/focotocantinense.com.br\/wp-content\/uploads\/2023\/02\/OK-PREFEITURA-DE-GURUPI-FOTO-DE-ZACARIAS-MARTINS.jpg 1033w\" sizes=\"auto, (max-width: 1024px) 100vw, 1024px\" \/><\/figure>\n","protected":false},"excerpt":{"rendered":"<p>A prefeita de Gurupi, Josi Nunes, vai decretar ponto facultativo nas reparti\u00e7\u00f5es p\u00fablicas municipais nos dias 20, 21 e 22 de fevereiro, per\u00edodo em que acontecem as festividades de Carnaval no munic\u00edpio. O decreto ser\u00e1 publicado no Di\u00e1rio Oficial do Munic\u00edpio desta sexta-feira, 17.&nbsp;&nbsp; O Decreto leva em considera\u00e7\u00e3o a redu\u00e7\u00e3o na demanda pelos servi\u00e7os &hellip;<\/p>\n","protected":false},"author":5,"featured_media":3933,"comment_status":"open","ping_status":"open","sticky":false,"template":"","format":"standard","meta":{"footnotes":""},"categories":[38],"tags":[],"class_list":["post-3932","post","type-post","status-publish","format-standard","has-post-thumbnail","","category-gurupi"],"_links":{"self":[{"href":"https:\/\/focotocantinense.com.br\/index.php?rest_route=\/wp\/v2\/posts\/3932","targetHints":{"allow":["GET"]}}],"collection":[{"href":"https:\/\/focotocantinense.com.br\/index.php?rest_route=\/wp\/v2\/posts"}],"about":[{"href":"https:\/\/focotocantinense.com.br\/index.php?rest_route=\/wp\/v2\/types\/post"}],"author":[{"embeddable":true,"href":"https:\/\/focotocantinense.com.br\/index.php?rest_route=\/wp\/v2\/users\/5"}],"replies":[{"embeddable":true,"href":"https:\/\/focotocantinense.com.br\/index.php?rest_route=%2Fwp%2Fv2%2Fcomments&post=3932"}],"version-history":[{"count":2,"href":"https:\/\/focotocantinense.com.br\/index.php?rest_route=\/wp\/v2\/posts\/3932\/revisions"}],"predecessor-version":[{"id":3936,"href":"https:\/\/focotocantinense.com.br\/index.php?rest_route=\/wp\/v2\/posts\/3932\/revisions\/3936"}],"wp:featuredmedia":[{"embeddable":true,"href":"https:\/\/focotocantinense.com.br\/index.php?rest_route=\/wp\/v2\/media\/3933"}],"wp:attachment":[{"href":"https:\/\/focotocantinense.com.br\/index.php?rest_route=%2Fwp%2Fv2%2Fmedia&parent=3932"}],"wp:term":[{"taxonomy":"category","embeddable":true,"href":"https:\/\/focotocantinense.com.br\/index.php?rest_route=%2Fwp%2Fv2%2Fcategories&post=3932"},{"taxonomy":"post_tag","embeddable":true,"href":"https:\/\/focotocantinense.com.br\/index.php?rest_route=%2Fwp%2Fv2%2Ftags&post=3932"}],"curies":[{"name":"wp","href":"https:\/\/api.w.org\/{rel}","templated":true}]}}