{"id":3919,"date":"2023-02-17T17:18:18","date_gmt":"2023-02-17T20:18:18","guid":{"rendered":"https:\/\/focotocantinense.com.br\/?p=3919"},"modified":"2023-02-17T18:05:16","modified_gmt":"2023-02-17T21:05:16","slug":"secretaria-de-assistencia-social-de-tocantinia-mocao-de-aplausos-da-camara-de-vereadores","status":"publish","type":"post","link":"https:\/\/focotocantinense.com.br\/?p=3919","title":{"rendered":"Secret\u00e1ria de Assist\u00eancia Social de Tocant\u00ednia recebe  Mo\u00e7\u00e3o de Aplausos \u00a0da C\u00e2mara de Vereadores"},"content":{"rendered":"\n<p>O conjunto de a\u00e7\u00f5es colocado em pr\u00e1tica com muito \u00eaxito pela Secretaria Municipal de Assist\u00eancia Social de Tocant\u00ednia, capitaneada pela secret\u00e1ria Ana Paula Ribeiro de Andrade Oliveira, recebeu o reconhecimento p\u00fablico por parte da C\u00e2mara de Vereadores da cidade, durante sess\u00e3o ordin\u00e1ria realizada na noite&nbsp; de &nbsp;quinta-feira (16), que lhe outorgou uma Mo\u00e7\u00e3o de Aplausos.<\/p>\n\n\n\n<p>A\u00a0 iniciativa\u00a0 dessa homenagem partiu do vereador Reginaldo Sn\u00e3romti Xerente, do Partido Solidariedade, que reconheceu nessas a\u00e7\u00f5es, o empenho, a dedica\u00e7\u00e3o e o comprometimento de toda a equipe da Assist\u00eancia Social para com a comunidade tocantiniense.<\/p>\n\n\n\n<p>Ana Paula agradeceu pela homenagem recebida, mas fez quest\u00e3o de enfatizar que compartilhava dessa Mo\u00e7\u00e3o de Aplausos com todos os &nbsp;servidores da Secretaria Municipal de Assist\u00eancia Social. Disse ainda, que se sentia honrada&nbsp; em estar presente no Legislativo Municipal tocantiniense&nbsp; &nbsp;representando toda a equipe da &nbsp;sua pasta.<\/p>\n\n\n\n<p>A secret\u00e1ria ainda lembrou&nbsp; a homenagem que a equipe &nbsp;da Assist\u00eancia Social recebeu do &nbsp;Minist\u00e9rio da Cidadania, em Bras\u00edlia, no ano de 2021, num reconhecimento do Governo Federal aos trabalhos &nbsp;desenvolvidos no Programa Crian\u00e7a Feliz no munic\u00edpio de Tocant\u00ednia.<\/p>\n\n\n\n<p>Ainda na solenidade, a secret\u00e1ria destacou o compromisso do prefeito Manoel Silvino em destinar recursos para atender as pol\u00edticas de assist\u00eancia social no munic\u00edpio.<\/p>\n\n\n\n<figure class=\"wp-block-image size-full is-resized\"><img loading=\"lazy\" decoding=\"async\" src=\"https:\/\/focotocantinense.com.br\/wp-content\/uploads\/2023\/02\/ANA-PAULA-RECEBE-MOCAO-DE-APLAUSOS-FOTO-EDVALDO-XERENTE-1.jpg\" alt=\"\" class=\"wp-image-3930\" width=\"836\" height=\"634\" srcset=\"https:\/\/focotocantinense.com.br\/wp-content\/uploads\/2023\/02\/ANA-PAULA-RECEBE-MOCAO-DE-APLAUSOS-FOTO-EDVALDO-XERENTE-1.jpg 651w, https:\/\/focotocantinense.com.br\/wp-content\/uploads\/2023\/02\/ANA-PAULA-RECEBE-MOCAO-DE-APLAUSOS-FOTO-EDVALDO-XERENTE-1-300x228.jpg 300w\" sizes=\"auto, (max-width: 836px) 100vw, 836px\" \/><\/figure>\n\n\n\n<figure class=\"wp-block-image size-full is-resized\"><img loading=\"lazy\" decoding=\"async\" src=\"https:\/\/focotocantinense.com.br\/wp-content\/uploads\/2023\/02\/equipe-da-assistencia-social-de-tocantinia.jpg\" alt=\"\" class=\"wp-image-3921\" width=\"29\" height=\"20\" srcset=\"https:\/\/focotocantinense.com.br\/wp-content\/uploads\/2023\/02\/equipe-da-assistencia-social-de-tocantinia.jpg 685w, https:\/\/focotocantinense.com.br\/wp-content\/uploads\/2023\/02\/equipe-da-assistencia-social-de-tocantinia-300x206.jpg 300w, https:\/\/focotocantinense.com.br\/wp-content\/uploads\/2023\/02\/equipe-da-assistencia-social-de-tocantinia-110x75.jpg 110w, https:\/\/focotocantinense.com.br\/wp-content\/uploads\/2023\/02\/equipe-da-assistencia-social-de-tocantinia-310x205.jpg 310w\" sizes=\"auto, (max-width: 29px) 100vw, 29px\" \/><\/figure>\n\n\n\n<figure class=\"wp-block-image size-large\"><img loading=\"lazy\" decoding=\"async\" width=\"1024\" height=\"648\" src=\"https:\/\/focotocantinense.com.br\/wp-content\/uploads\/2023\/02\/xxxxxxxxxxxxxxx-1024x648.jpg\" alt=\"\" class=\"wp-image-3925\" srcset=\"https:\/\/focotocantinense.com.br\/wp-content\/uploads\/2023\/02\/xxxxxxxxxxxxxxx-1024x648.jpg 1024w, https:\/\/focotocantinense.com.br\/wp-content\/uploads\/2023\/02\/xxxxxxxxxxxxxxx-300x190.jpg 300w, https:\/\/focotocantinense.com.br\/wp-content\/uploads\/2023\/02\/xxxxxxxxxxxxxxx-768x486.jpg 768w, https:\/\/focotocantinense.com.br\/wp-content\/uploads\/2023\/02\/xxxxxxxxxxxxxxx-1536x972.jpg 1536w, https:\/\/focotocantinense.com.br\/wp-content\/uploads\/2023\/02\/xxxxxxxxxxxxxxx.jpg 1600w\" sizes=\"auto, (max-width: 1024px) 100vw, 1024px\" \/><\/figure>\n","protected":false},"excerpt":{"rendered":"<p>O conjunto de a\u00e7\u00f5es colocado em pr\u00e1tica com muito \u00eaxito pela Secretaria Municipal de Assist\u00eancia Social de Tocant\u00ednia, capitaneada pela secret\u00e1ria Ana Paula Ribeiro de Andrade Oliveira, recebeu o reconhecimento p\u00fablico por parte da C\u00e2mara de Vereadores da cidade, durante sess\u00e3o ordin\u00e1ria realizada na noite&nbsp; de &nbsp;quinta-feira (16), que lhe outorgou uma Mo\u00e7\u00e3o de Aplausos. &hellip;<\/p>\n","protected":false},"author":5,"featured_media":3920,"comment_status":"open","ping_status":"open","sticky":false,"template":"","format":"standard","meta":{"footnotes":""},"categories":[1],"tags":[],"class_list":["post-3919","post","type-post","status-publish","format-standard","has-post-thumbnail","","category-sem-categoria"],"_links":{"self":[{"href":"https:\/\/focotocantinense.com.br\/index.php?rest_route=\/wp\/v2\/posts\/3919","targetHints":{"allow":["GET"]}}],"collection":[{"href":"https:\/\/focotocantinense.com.br\/index.php?rest_route=\/wp\/v2\/posts"}],"about":[{"href":"https:\/\/focotocantinense.com.br\/index.php?rest_route=\/wp\/v2\/types\/post"}],"author":[{"embeddable":true,"href":"https:\/\/focotocantinense.com.br\/index.php?rest_route=\/wp\/v2\/users\/5"}],"replies":[{"embeddable":true,"href":"https:\/\/focotocantinense.com.br\/index.php?rest_route=%2Fwp%2Fv2%2Fcomments&post=3919"}],"version-history":[{"count":6,"href":"https:\/\/focotocantinense.com.br\/index.php?rest_route=\/wp\/v2\/posts\/3919\/revisions"}],"predecessor-version":[{"id":3931,"href":"https:\/\/focotocantinense.com.br\/index.php?rest_route=\/wp\/v2\/posts\/3919\/revisions\/3931"}],"wp:featuredmedia":[{"embeddable":true,"href":"https:\/\/focotocantinense.com.br\/index.php?rest_route=\/wp\/v2\/media\/3920"}],"wp:attachment":[{"href":"https:\/\/focotocantinense.com.br\/index.php?rest_route=%2Fwp%2Fv2%2Fmedia&parent=3919"}],"wp:term":[{"taxonomy":"category","embeddable":true,"href":"https:\/\/focotocantinense.com.br\/index.php?rest_route=%2Fwp%2Fv2%2Fcategories&post=3919"},{"taxonomy":"post_tag","embeddable":true,"href":"https:\/\/focotocantinense.com.br\/index.php?rest_route=%2Fwp%2Fv2%2Ftags&post=3919"}],"curies":[{"name":"wp","href":"https:\/\/api.w.org\/{rel}","templated":true}]}}