{"id":3913,"date":"2023-02-16T11:30:59","date_gmt":"2023-02-16T14:30:59","guid":{"rendered":"https:\/\/focotocantinense.com.br\/?p=3913"},"modified":"2023-02-16T11:32:19","modified_gmt":"2023-02-16T14:32:19","slug":"comitiva-gurupiense-e-recebida-pelo-deputado-federal-alexandre-guimaraes","status":"publish","type":"post","link":"https:\/\/focotocantinense.com.br\/?p=3913","title":{"rendered":"Comitiva gurupiense \u00e9 recebida pelo deputado federal Alexandre Guimar\u00e3es"},"content":{"rendered":"\n<p><strong>Por Zacarias Martins<\/strong><\/p>\n\n\n\n<p>Na ter\u00e7a-feira, dia 14,&nbsp; &nbsp;uma comitiva de pol\u00edticos gurupienses, formada pelos suplentes de de vereador, Alex da Exclisiva e Thiago Senna, bem como, o suplente de deputado estadual, Guilherme Gama, esteve no&nbsp; Congresso Nacional, em Bras\u00edlia, onde foram recebidos no gabinete do deputado federal Alexandre Guimar\u00e3es.<\/p>\n\n\n\n<p>Na oportunidade, os gurupienses buscaram saber quais s\u00e3o os planos&nbsp; de atua\u00e7\u00e3o parlamentar do deputado Alexandre Guimar\u00e3es para a regi\u00e3o sul do Tocantins, bem como,&nbsp; convida-lo para participar do tradicional carnaval de Rua da Capital da Amizade.<\/p>\n\n\n\n<p>Thiago Senna disse que esse encontro com o deputado Alexandre Guimar\u00e3es foi muito positivo e destacou a import\u00e2ncia de se estreitar os la\u00e7os de amizades com o parlamentar em busca de parcerias que resultem em bons resultados para&nbsp; a popula\u00e7\u00e3o&nbsp; da regi\u00e3o sul do Estado.<\/p>\n\n\n\n<p>Tamb\u00e9m\u00a0 estiveram presentes nesse encontro com o deputado, a\u00a0 prefeita de Gurupi, \u00a0Josi Nunes, com o seu secret\u00e1rio \u00a0de Governo e Assuntos Especiais, Silverio\u00a0 Filho.<\/p>\n\n\n\n<figure class=\"wp-block-image size-full is-resized\"><img loading=\"lazy\" decoding=\"async\" src=\"https:\/\/focotocantinense.com.br\/wp-content\/uploads\/2023\/02\/aaa-6.jpg\" alt=\"\" class=\"wp-image-3914\" width=\"845\" height=\"762\" srcset=\"https:\/\/focotocantinense.com.br\/wp-content\/uploads\/2023\/02\/aaa-6.jpg 470w, https:\/\/focotocantinense.com.br\/wp-content\/uploads\/2023\/02\/aaa-6-300x271.jpg 300w\" sizes=\"auto, (max-width: 845px) 100vw, 845px\" \/><\/figure>\n\n\n\n<p><\/p>\n\n\n\n<p><img loading=\"lazy\" decoding=\"async\" width=\"634\" height=\"626\" src=\"https:\/\/rotatocantins.com.br\/wp-content\/uploads\/2023\/02\/bbbb-300x296.jpg\" alt=\"\"><\/p>\n\n\n\n<figure class=\"wp-block-image size-large\"><img loading=\"lazy\" decoding=\"async\" width=\"1024\" height=\"296\" src=\"https:\/\/focotocantinense.com.br\/wp-content\/uploads\/2023\/02\/veloso_banner-1-1024x296.jpeg\" alt=\"\" class=\"wp-image-3916\" srcset=\"https:\/\/focotocantinense.com.br\/wp-content\/uploads\/2023\/02\/veloso_banner-1-1024x296.jpeg 1024w, https:\/\/focotocantinense.com.br\/wp-content\/uploads\/2023\/02\/veloso_banner-1-300x87.jpeg 300w, https:\/\/focotocantinense.com.br\/wp-content\/uploads\/2023\/02\/veloso_banner-1-768x222.jpeg 768w, https:\/\/focotocantinense.com.br\/wp-content\/uploads\/2023\/02\/veloso_banner-1.jpeg 1156w\" sizes=\"auto, (max-width: 1024px) 100vw, 1024px\" \/><\/figure>\n","protected":false},"excerpt":{"rendered":"<p>Por Zacarias Martins Na ter\u00e7a-feira, dia 14,&nbsp; &nbsp;uma comitiva de pol\u00edticos gurupienses, formada pelos suplentes de de vereador, Alex da Exclisiva e Thiago Senna, bem como, o suplente de deputado estadual, Guilherme Gama, esteve no&nbsp; Congresso Nacional, em Bras\u00edlia, onde foram recebidos no gabinete do deputado federal Alexandre Guimar\u00e3es. Na oportunidade, os gurupienses buscaram saber &hellip;<\/p>\n","protected":false},"author":5,"featured_media":3914,"comment_status":"open","ping_status":"open","sticky":false,"template":"","format":"standard","meta":{"footnotes":""},"categories":[40],"tags":[],"class_list":["post-3913","post","type-post","status-publish","format-standard","has-post-thumbnail","","category-politica"],"_links":{"self":[{"href":"https:\/\/focotocantinense.com.br\/index.php?rest_route=\/wp\/v2\/posts\/3913","targetHints":{"allow":["GET"]}}],"collection":[{"href":"https:\/\/focotocantinense.com.br\/index.php?rest_route=\/wp\/v2\/posts"}],"about":[{"href":"https:\/\/focotocantinense.com.br\/index.php?rest_route=\/wp\/v2\/types\/post"}],"author":[{"embeddable":true,"href":"https:\/\/focotocantinense.com.br\/index.php?rest_route=\/wp\/v2\/users\/5"}],"replies":[{"embeddable":true,"href":"https:\/\/focotocantinense.com.br\/index.php?rest_route=%2Fwp%2Fv2%2Fcomments&post=3913"}],"version-history":[{"count":2,"href":"https:\/\/focotocantinense.com.br\/index.php?rest_route=\/wp\/v2\/posts\/3913\/revisions"}],"predecessor-version":[{"id":3918,"href":"https:\/\/focotocantinense.com.br\/index.php?rest_route=\/wp\/v2\/posts\/3913\/revisions\/3918"}],"wp:featuredmedia":[{"embeddable":true,"href":"https:\/\/focotocantinense.com.br\/index.php?rest_route=\/wp\/v2\/media\/3914"}],"wp:attachment":[{"href":"https:\/\/focotocantinense.com.br\/index.php?rest_route=%2Fwp%2Fv2%2Fmedia&parent=3913"}],"wp:term":[{"taxonomy":"category","embeddable":true,"href":"https:\/\/focotocantinense.com.br\/index.php?rest_route=%2Fwp%2Fv2%2Fcategories&post=3913"},{"taxonomy":"post_tag","embeddable":true,"href":"https:\/\/focotocantinense.com.br\/index.php?rest_route=%2Fwp%2Fv2%2Ftags&post=3913"}],"curies":[{"name":"wp","href":"https:\/\/api.w.org\/{rel}","templated":true}]}}