{"id":3907,"date":"2023-02-15T17:05:05","date_gmt":"2023-02-15T20:05:05","guid":{"rendered":"https:\/\/focotocantinense.com.br\/?p=3907"},"modified":"2023-02-15T17:06:19","modified_gmt":"2023-02-15T20:06:19","slug":"carnaval-de-gurupi-comeca-nesta-sexta-feira-com-uma-programacao-que-promete-animar-folioes-e-turistas","status":"publish","type":"post","link":"https:\/\/focotocantinense.com.br\/?p=3907","title":{"rendered":"Carnaval de Gurupi come\u00e7a nesta sexta-feira com uma programa\u00e7\u00e3o que promete animar foli\u00f5es e turistas"},"content":{"rendered":"\n<p>\u201cA festa vai come\u00e7ar e voc\u00ea vai se divertir aqui, no Carnaval de Gurupi!\u201d<\/p>\n\n\n\n<p>Est\u00e1 chegando a hora de matar a saudade da maior festa popular do Brasil e para garantir a anima\u00e7\u00e3o, a Prefeitura de Gurupi est\u00e1 trazendo 26 bandas com artistas regionais e mais 05 atra\u00e7\u00f5es nacionais, que prometem agitar os foli\u00f5es. Na programa\u00e7\u00e3o tem ainda desfile de blocos, matin\u00eas e muito mais.<\/p>\n\n\n\n<p>\u201cQuero convidar toda a comunidade de Gurupi, do Tocantins e do Brasil para vir curtir o nosso Carnaval, que foi preparado com muito carinho para receber os nossos foli\u00f5es e os turistas. Anima\u00e7\u00e3o n\u00e3o vai faltar no maior Carnaval no Norte do Brasil e a Capital da Amizade vai se transformar na Capital do Carnaval durante estes dias de folia. Estamos de bra\u00e7os abertos esperando por todos com muita alegria no cora\u00e7\u00e3o\u201d, ressaltou a prefeita Josi Nunes<\/p>\n\n\n\n<p><strong>Abertura Programa\u00e7\u00e3o<\/strong><\/p>\n\n\n\n<p>Nesta sexta-feira, 17, a abertura da programa\u00e7\u00e3o ser\u00e1 com um desfile que ter\u00e1 a participa\u00e7\u00e3o do Bloco da Sa\u00fade, do Bloco da 3\u00aa Idade, das autoridades locais e da comunidade. A concentra\u00e7\u00e3o ser\u00e1 a partir das 17 horas, em frente \u00e0 Pra\u00e7a da Igreja Santo Ant\u00f4nio, na Rua 1. O desfile vai passar pela Avenida Goi\u00e1s, seguindo at\u00e9 o circuito da folia montado na Av. Par\u00e1. Quem vai animar os foli\u00f5es durante o trajeto \u00e9 a banda Mistura Nativa.<\/p>\n\n\n\n<p>\u201cMontamos uma programa\u00e7\u00e3o diversificada, para todos os p\u00fablicos e prestigiando tamb\u00e9m os nossos m\u00fasicos locais. O Carnaval de Gurupi \u00e9 conhecido por atrair muitos foli\u00f5es, n\u00e3o s\u00f3 de outras cidades e estados, mas tamb\u00e9m da nossa cidade, e muitos est\u00e3o ansiosos com o retorno da folia. Estamos trabalhando para que o foli\u00e3o se divirta e curta bastante toda esta estrutura organizada pela Prefeitura de Gurupi\u201d, disse a secret\u00e1ria Municipal de Cultura e Turismo, Amanda Costa.<\/p>\n\n\n\n<p><strong>Carnatrevo<\/strong><\/p>\n\n\n\n<p>Pela primeira vez a folia no Povoado Trevo da Praia, na zona rural de Gurupi, ser\u00e1 realizada durante dois dias, s\u00e1bado e domingo, e com duas bandas por noite. A estrutura est\u00e1 montada no Centro Comunit\u00e1rio do Povoado e a programa\u00e7\u00e3o \u00e9 aberta para a comunidade festejar \u00e0 vontade.<\/p>\n\n\n\n<p>O tradicional \u201cCarnatrevo\u201d come\u00e7a no s\u00e1bado, 18, com shows do cantor Rafael Barbosa e do cantor Nailson Lima. J\u00e1 no domingo, a anima\u00e7\u00e3o fica por conta de Alan dos Teclados e do Grupo Tok Geral.<\/p>\n\n\n\n<figure class=\"wp-block-image size-large\"><img loading=\"lazy\" decoding=\"async\" width=\"1024\" height=\"483\" src=\"https:\/\/focotocantinense.com.br\/wp-content\/uploads\/2023\/02\/AAAAA-4-1024x483.jpg\" alt=\"\" class=\"wp-image-3911\" srcset=\"https:\/\/focotocantinense.com.br\/wp-content\/uploads\/2023\/02\/AAAAA-4-1024x483.jpg 1024w, https:\/\/focotocantinense.com.br\/wp-content\/uploads\/2023\/02\/AAAAA-4-300x141.jpg 300w, https:\/\/focotocantinense.com.br\/wp-content\/uploads\/2023\/02\/AAAAA-4-768x362.jpg 768w, https:\/\/focotocantinense.com.br\/wp-content\/uploads\/2023\/02\/AAAAA-4.jpg 1101w\" sizes=\"auto, (max-width: 1024px) 100vw, 1024px\" \/><\/figure>\n","protected":false},"excerpt":{"rendered":"<p>\u201cA festa vai come\u00e7ar e voc\u00ea vai se divertir aqui, no Carnaval de Gurupi!\u201d Est\u00e1 chegando a hora de matar a saudade da maior festa popular do Brasil e para garantir a anima\u00e7\u00e3o, a Prefeitura de Gurupi est\u00e1 trazendo 26 bandas com artistas regionais e mais 05 atra\u00e7\u00f5es nacionais, que prometem agitar os foli\u00f5es. Na &hellip;<\/p>\n","protected":false},"author":5,"featured_media":3910,"comment_status":"open","ping_status":"open","sticky":false,"template":"","format":"standard","meta":{"footnotes":""},"categories":[38],"tags":[],"class_list":["post-3907","post","type-post","status-publish","format-standard","has-post-thumbnail","","category-gurupi"],"_links":{"self":[{"href":"https:\/\/focotocantinense.com.br\/index.php?rest_route=\/wp\/v2\/posts\/3907","targetHints":{"allow":["GET"]}}],"collection":[{"href":"https:\/\/focotocantinense.com.br\/index.php?rest_route=\/wp\/v2\/posts"}],"about":[{"href":"https:\/\/focotocantinense.com.br\/index.php?rest_route=\/wp\/v2\/types\/post"}],"author":[{"embeddable":true,"href":"https:\/\/focotocantinense.com.br\/index.php?rest_route=\/wp\/v2\/users\/5"}],"replies":[{"embeddable":true,"href":"https:\/\/focotocantinense.com.br\/index.php?rest_route=%2Fwp%2Fv2%2Fcomments&post=3907"}],"version-history":[{"count":3,"href":"https:\/\/focotocantinense.com.br\/index.php?rest_route=\/wp\/v2\/posts\/3907\/revisions"}],"predecessor-version":[{"id":3912,"href":"https:\/\/focotocantinense.com.br\/index.php?rest_route=\/wp\/v2\/posts\/3907\/revisions\/3912"}],"wp:featuredmedia":[{"embeddable":true,"href":"https:\/\/focotocantinense.com.br\/index.php?rest_route=\/wp\/v2\/media\/3910"}],"wp:attachment":[{"href":"https:\/\/focotocantinense.com.br\/index.php?rest_route=%2Fwp%2Fv2%2Fmedia&parent=3907"}],"wp:term":[{"taxonomy":"category","embeddable":true,"href":"https:\/\/focotocantinense.com.br\/index.php?rest_route=%2Fwp%2Fv2%2Fcategories&post=3907"},{"taxonomy":"post_tag","embeddable":true,"href":"https:\/\/focotocantinense.com.br\/index.php?rest_route=%2Fwp%2Fv2%2Ftags&post=3907"}],"curies":[{"name":"wp","href":"https:\/\/api.w.org\/{rel}","templated":true}]}}