{"id":3896,"date":"2023-02-15T16:16:08","date_gmt":"2023-02-15T19:16:08","guid":{"rendered":"https:\/\/focotocantinense.com.br\/?p=3896"},"modified":"2023-02-15T16:17:42","modified_gmt":"2023-02-15T19:17:42","slug":"enfermagem-do-tocantins-delibera-greve-geral-a-partir-de-10-de-marco-e-forum-informa-que-presidente-lula-declarou-apoio-aos-profissionais","status":"publish","type":"post","link":"https:\/\/focotocantinense.com.br\/?p=3896","title":{"rendered":"Enfermagem do Tocantins delibera greve geral a partir de 10 de mar\u00e7o e F\u00f3rum informa que presidente Lula declarou apoio aos profissionais"},"content":{"rendered":"\n<p>A Assembleia Geral Extraordin\u00e1ria Unificada dos profissionais da enfermagem no Tocantins deliberou ontem greve geral a partir do dia 10 de mar\u00e7o, caso n\u00e3o for implementado o piso salarial na folha de pagamento da categoria. A mobiliza\u00e7\u00e3o da classe aconteceu simultaneamente em todo o pa\u00eds motivada pelo F\u00f3rum Nacional da Enfermagem e Confedera\u00e7\u00e3o Nacional dos Trabalhadores em Sa\u00fade (CNTS).<\/p>\n\n\n\n<p>Os profissionais se reuniram frente ao Pal\u00e1cio Araguaia em Palmas e protestaram com faixas reivindicando ao governador Wanderlei Barbosa o pagamento do piso salarial conforme a Lei 14.434\/22 que determina&nbsp;sal\u00e1rio inicial do enfermeiro de R$ 4.750,00; dos T\u00e9cnicos da enfermagem R$ 3.325,00 e dos auxiliares e parteiras R$ 2.375,00.<\/p>\n\n\n\n<p>A mobiliza\u00e7\u00e3o dos profissionais no Tocantins foi liderada pelos sindicatos SINTRAS, SETO e SEET que aguardam uma audi\u00eancia solicitada com o gestor do executivo para tratar do assunto.<\/p>\n\n\n\n<p>O presidente do Sintras informa que em todo o Estado os profissionais est\u00e3o em estado de greve. \u201cDurante a assembleia unificada, a enfermagem deliberou entrar em estado de greve at\u00e9 o dia 10. E a partir deste dia caso n\u00e3o tenhamos solucionado a implementa\u00e7\u00e3o salarial vamos todos nos organizar e iniciar uma greve geral respons\u00e1vel e ordeira seguindo a coordena\u00e7\u00e3o do F\u00f3rum nacional da enfermagem\u201d, diz Manoel Pereira de Miranda ratificando que o momento agora \u00e9 de uni\u00e3o, continuar lutando pela valoriza\u00e7\u00e3o da categoria.<\/p>\n\n\n\n<p><strong>F\u00f3rum<\/strong><\/p>\n\n\n\n<p>A coordenadora do F\u00f3rum Nacional da Enfermagem, L\u00edbia Bellusci, informa que o dia \u201cD\u201d de mobiliza\u00e7\u00e3o j\u00e1 teve avan\u00e7o na luta pela implementa\u00e7\u00e3o do piso salarial da categoria e convoca os profissionais para cobrar dos deputados na c\u00e2mara federal.<\/p>\n\n\n\n<p>\u201cCom o dia D de mobiliza\u00e7\u00e3o da enfermagem em todo o Pa\u00eds j\u00e1 tivemos resultado. Ontem \u00e0 noite o presidente Lula declarou que \u00e9 a favor sim, que a enfermagem pode contar sim, e que o governo estar junto com a enfermagem brasileira. Tamb\u00e9m j\u00e1 tivemos a confirma\u00e7\u00e3o da reuni\u00e3o com a ministra da sa\u00fade, N\u00edsia Trindade Lima, que informou que a minuta da Medida Provis\u00f3ria j\u00e1 est\u00e1 num grupo interministerial que vai debater a MP e deliberar o mais r\u00e1pido poss\u00edvel e garantir um piso digno a enfermagem\u201d relata L\u00edbia.<\/p>\n\n\n\n<p>Ela ainda convoca os profissionais para buscar apoio dos deputados para\u00a0que os parlamentares cobrem dos ministros na tribuna do plen\u00e1rio a chegada da medida provis\u00f3ria na c\u00e2mara que vai garantir o piso salarial para enfermagem.\u00a0<\/p>\n\n\n\n<figure class=\"wp-block-gallery has-nested-images columns-default is-cropped wp-block-gallery-1 is-layout-flex wp-block-gallery-is-layout-flex\">\n<figure class=\"wp-block-image size-large\"><img loading=\"lazy\" decoding=\"async\" width=\"956\" height=\"474\" data-id=\"3897\" src=\"https:\/\/focotocantinense.com.br\/wp-content\/uploads\/2023\/02\/bbb-2.jpg\" alt=\"\" class=\"wp-image-3897\" srcset=\"https:\/\/focotocantinense.com.br\/wp-content\/uploads\/2023\/02\/bbb-2.jpg 956w, https:\/\/focotocantinense.com.br\/wp-content\/uploads\/2023\/02\/bbb-2-300x149.jpg 300w, https:\/\/focotocantinense.com.br\/wp-content\/uploads\/2023\/02\/bbb-2-768x381.jpg 768w\" sizes=\"auto, (max-width: 956px) 100vw, 956px\" \/><\/figure>\n<\/figure>\n\n\n\n<figure class=\"wp-block-image\"><img decoding=\"async\" src=\"http:\/\/n1to.com.br\/img\/uploads\/veloso_banner_101.jpeg\" alt=\"\"\/><\/figure>\n","protected":false},"excerpt":{"rendered":"<p>A Assembleia Geral Extraordin\u00e1ria Unificada dos profissionais da enfermagem no Tocantins deliberou ontem greve geral a partir do dia 10 de mar\u00e7o, caso n\u00e3o for implementado o piso salarial na folha de pagamento da categoria. A mobiliza\u00e7\u00e3o da classe aconteceu simultaneamente em todo o pa\u00eds motivada pelo F\u00f3rum Nacional da Enfermagem e Confedera\u00e7\u00e3o Nacional dos &hellip;<\/p>\n","protected":false},"author":5,"featured_media":3897,"comment_status":"open","ping_status":"open","sticky":false,"template":"","format":"standard","meta":{"footnotes":""},"categories":[37],"tags":[],"class_list":["post-3896","post","type-post","status-publish","format-standard","has-post-thumbnail","","category-palmas"],"_links":{"self":[{"href":"https:\/\/focotocantinense.com.br\/index.php?rest_route=\/wp\/v2\/posts\/3896","targetHints":{"allow":["GET"]}}],"collection":[{"href":"https:\/\/focotocantinense.com.br\/index.php?rest_route=\/wp\/v2\/posts"}],"about":[{"href":"https:\/\/focotocantinense.com.br\/index.php?rest_route=\/wp\/v2\/types\/post"}],"author":[{"embeddable":true,"href":"https:\/\/focotocantinense.com.br\/index.php?rest_route=\/wp\/v2\/users\/5"}],"replies":[{"embeddable":true,"href":"https:\/\/focotocantinense.com.br\/index.php?rest_route=%2Fwp%2Fv2%2Fcomments&post=3896"}],"version-history":[{"count":2,"href":"https:\/\/focotocantinense.com.br\/index.php?rest_route=\/wp\/v2\/posts\/3896\/revisions"}],"predecessor-version":[{"id":3901,"href":"https:\/\/focotocantinense.com.br\/index.php?rest_route=\/wp\/v2\/posts\/3896\/revisions\/3901"}],"wp:featuredmedia":[{"embeddable":true,"href":"https:\/\/focotocantinense.com.br\/index.php?rest_route=\/wp\/v2\/media\/3897"}],"wp:attachment":[{"href":"https:\/\/focotocantinense.com.br\/index.php?rest_route=%2Fwp%2Fv2%2Fmedia&parent=3896"}],"wp:term":[{"taxonomy":"category","embeddable":true,"href":"https:\/\/focotocantinense.com.br\/index.php?rest_route=%2Fwp%2Fv2%2Fcategories&post=3896"},{"taxonomy":"post_tag","embeddable":true,"href":"https:\/\/focotocantinense.com.br\/index.php?rest_route=%2Fwp%2Fv2%2Ftags&post=3896"}],"curies":[{"name":"wp","href":"https:\/\/api.w.org\/{rel}","templated":true}]}}