{"id":3892,"date":"2023-02-15T06:36:41","date_gmt":"2023-02-15T09:36:41","guid":{"rendered":"https:\/\/focotocantinense.com.br\/?p=3892"},"modified":"2023-02-15T06:36:42","modified_gmt":"2023-02-15T09:36:42","slug":"vereador-romivaldo-martins-propoe-iluminacao-publica-no-portal-de-entrada-de-lagoa-da-confusao","status":"publish","type":"post","link":"https:\/\/focotocantinense.com.br\/?p=3892","title":{"rendered":"Vereador Romivaldo Martins prop\u00f5e ilumina\u00e7\u00e3o p\u00fablica no portal de entrada de Lagoa da Confus\u00e3o"},"content":{"rendered":"\n<p>Na sess\u00e3o&nbsp; realizada na noite de ter\u00e7a-feira (14), a C\u00e2mara Municipal de Lagoa da Confus\u00e3o aprovou o requerimento de autoria do vereador Romivaldo Martins (Solidariedade, onde&nbsp; prop\u00f5e ao Executivo Municipal a instala\u00e7\u00e3o de&nbsp; rede de energia el\u00e9trica visando a ilumina\u00e7\u00e3o p\u00fablica, bem como, a constru\u00e7\u00e3o de cal\u00e7adas laterais na TO-255, no trecho entre o Trevo Norte at\u00e9 o portal de entrada da cidade.<\/p>\n\n\n\n<p>Na justificativa dessa sua reivindica\u00e7\u00e3o,\u00a0 Romivaldo Martins argumenta que com a cria\u00e7\u00e3o do portal de entrada da cidade, mais do que nunca se faz necess\u00e1ria a ilumina\u00e7\u00e3o p\u00fablica naquele local, que dar\u00e1\u00a0 mais visibilidade a embelezamento \u00e0 entrada da cidade, lembrando, ainda, que esse trecho d\u00e1 acesso ao Loteamento Residencial Stefani, o que, certamente, ir\u00e1 trazer mais seguran\u00e7a \u00e0 popula\u00e7\u00e3o que ali vive, bem como, ao p\u00fablico esse trecho em suas caminhadas di\u00e1rias, o que acessa\u00a0<em><strong>(Zacarias Martins)<\/strong><\/em><\/p>\n\n\n\n<figure class=\"wp-block-image size-large\"><img loading=\"lazy\" decoding=\"async\" width=\"1024\" height=\"682\" src=\"https:\/\/focotocantinense.com.br\/wp-content\/uploads\/2023\/02\/1-VEREADOR-ROMIVALDO-MARTINS-LAGOA-DA-CONFUSAO-1024x682.jpg\" alt=\"\" class=\"wp-image-3894\" srcset=\"https:\/\/focotocantinense.com.br\/wp-content\/uploads\/2023\/02\/1-VEREADOR-ROMIVALDO-MARTINS-LAGOA-DA-CONFUSAO-1024x682.jpg 1024w, https:\/\/focotocantinense.com.br\/wp-content\/uploads\/2023\/02\/1-VEREADOR-ROMIVALDO-MARTINS-LAGOA-DA-CONFUSAO-300x200.jpg 300w, https:\/\/focotocantinense.com.br\/wp-content\/uploads\/2023\/02\/1-VEREADOR-ROMIVALDO-MARTINS-LAGOA-DA-CONFUSAO-768x512.jpg 768w, https:\/\/focotocantinense.com.br\/wp-content\/uploads\/2023\/02\/1-VEREADOR-ROMIVALDO-MARTINS-LAGOA-DA-CONFUSAO-310x205.jpg 310w, https:\/\/focotocantinense.com.br\/wp-content\/uploads\/2023\/02\/1-VEREADOR-ROMIVALDO-MARTINS-LAGOA-DA-CONFUSAO.jpg 1280w\" sizes=\"auto, (max-width: 1024px) 100vw, 1024px\" \/><figcaption class=\"wp-element-caption\">Vereador Romivaldo Martins, autor da proposta.<\/figcaption><\/figure>\n","protected":false},"excerpt":{"rendered":"<p>Na sess\u00e3o&nbsp; realizada na noite de ter\u00e7a-feira (14), a C\u00e2mara Municipal de Lagoa da Confus\u00e3o aprovou o requerimento de autoria do vereador Romivaldo Martins (Solidariedade, onde&nbsp; prop\u00f5e ao Executivo Municipal a instala\u00e7\u00e3o de&nbsp; rede de energia el\u00e9trica visando a ilumina\u00e7\u00e3o p\u00fablica, bem como, a constru\u00e7\u00e3o de cal\u00e7adas laterais na TO-255, no trecho entre o Trevo &hellip;<\/p>\n","protected":false},"author":5,"featured_media":3893,"comment_status":"open","ping_status":"open","sticky":false,"template":"","format":"standard","meta":{"footnotes":""},"categories":[71],"tags":[],"class_list":["post-3892","post","type-post","status-publish","format-standard","has-post-thumbnail","","category-lagoa-da-confusao"],"_links":{"self":[{"href":"https:\/\/focotocantinense.com.br\/index.php?rest_route=\/wp\/v2\/posts\/3892","targetHints":{"allow":["GET"]}}],"collection":[{"href":"https:\/\/focotocantinense.com.br\/index.php?rest_route=\/wp\/v2\/posts"}],"about":[{"href":"https:\/\/focotocantinense.com.br\/index.php?rest_route=\/wp\/v2\/types\/post"}],"author":[{"embeddable":true,"href":"https:\/\/focotocantinense.com.br\/index.php?rest_route=\/wp\/v2\/users\/5"}],"replies":[{"embeddable":true,"href":"https:\/\/focotocantinense.com.br\/index.php?rest_route=%2Fwp%2Fv2%2Fcomments&post=3892"}],"version-history":[{"count":1,"href":"https:\/\/focotocantinense.com.br\/index.php?rest_route=\/wp\/v2\/posts\/3892\/revisions"}],"predecessor-version":[{"id":3895,"href":"https:\/\/focotocantinense.com.br\/index.php?rest_route=\/wp\/v2\/posts\/3892\/revisions\/3895"}],"wp:featuredmedia":[{"embeddable":true,"href":"https:\/\/focotocantinense.com.br\/index.php?rest_route=\/wp\/v2\/media\/3893"}],"wp:attachment":[{"href":"https:\/\/focotocantinense.com.br\/index.php?rest_route=%2Fwp%2Fv2%2Fmedia&parent=3892"}],"wp:term":[{"taxonomy":"category","embeddable":true,"href":"https:\/\/focotocantinense.com.br\/index.php?rest_route=%2Fwp%2Fv2%2Fcategories&post=3892"},{"taxonomy":"post_tag","embeddable":true,"href":"https:\/\/focotocantinense.com.br\/index.php?rest_route=%2Fwp%2Fv2%2Ftags&post=3892"}],"curies":[{"name":"wp","href":"https:\/\/api.w.org\/{rel}","templated":true}]}}