{"id":3887,"date":"2023-02-15T06:32:11","date_gmt":"2023-02-15T09:32:11","guid":{"rendered":"https:\/\/focotocantinense.com.br\/?p=3887"},"modified":"2023-02-15T06:32:56","modified_gmt":"2023-02-15T09:32:56","slug":"prefeitura-de-gurupi-faz-alerta-para-prevencao-contra-o-virus-coxsackie-causador-da-doenca-pe-mao-boca-que-atinge-criancas","status":"publish","type":"post","link":"https:\/\/focotocantinense.com.br\/?p=3887","title":{"rendered":"<strong>Prefeitura de Gurupi faz alerta para preven\u00e7\u00e3o contra o v\u00edrus\u00a0Coxsackie\u00a0causador da Doen\u00e7a p\u00e9-m\u00e3o-boca que atinge crian\u00e7as<\/strong>"},"content":{"rendered":"\n<p>Apesar do n\u00famero inexpressivo de casos, a Prefeitura de Gurupi, por meio da Secretaria Municipal de Sa\u00fade (Semus) chama aten\u00e7\u00e3o, principalmente, de pais de crian\u00e7as menores de 05 anos de idade para medidas de preven\u00e7\u00e3o contra o v\u00edrus Coxsackie, causador da Doen\u00e7a conhecida como P\u00e9-m\u00e3o-boca.&nbsp; A enfermidade recebe este nome porque atinge principalmente estas regi\u00f5es do corpo. Ela ocorre praticamente durante todas as esta\u00e7\u00f5es do ano no Brasil, mas com mais casos no ver\u00e3o e outono. Como a esta\u00e7\u00e3o vigente \u00e9 o ver\u00e3o, e j\u00e1 foi iniciado o Ano Letivo nas escolas, a preocupa\u00e7\u00e3o em torno da transmiss\u00e3o se torna ainda maior.&nbsp;&nbsp;<\/p>\n\n\n\n<p>A doen\u00e7a \u00e9 mais comum em crian\u00e7as abaixo de 5 anos, mas em casos raros, tamb\u00e9m pode atingir adultos.&nbsp;Os sintomas duram at\u00e9 uma semana e os principais s\u00e3o:<\/p>\n\n\n\n<p>&nbsp; &nbsp; &nbsp; &nbsp; \u00b7&nbsp; &nbsp; &nbsp; &nbsp; &nbsp;&nbsp;les\u00f5es nas m\u00e3os, p\u00e9s e bocas<\/p>\n\n\n\n<p>&nbsp; &nbsp; &nbsp; &nbsp; \u00b7&nbsp; &nbsp; &nbsp; &nbsp; &nbsp;febre<\/p>\n\n\n\n<ul class=\"wp-block-list\">\n<li>dor de garganta<\/li>\n\n\n\n<li>v\u00f4mito<\/li>\n\n\n\n<li>n\u00e1useas<\/li>\n\n\n\n<li>diarreia<\/li>\n\n\n\n<li>les\u00e3o bucal (aftas)<\/li>\n<\/ul>\n\n\n\n<p>\u201cCaso os pais identifiquem alguns dos sintomas nas crian\u00e7as, devem imediatamente procurar atendimento m\u00e9dico, no munic\u00edpio as Unidades&nbsp;B\u00e1sicas de Sa\u00fade (UBSs). Eles devem seguir as orienta\u00e7\u00f5es m\u00e9dicas e n\u00e3o podem esquecer da import\u00e2ncia da higieniza\u00e7\u00e3o das m\u00e3os, principalmente se houver outras crian\u00e7as em casa, porque a doen\u00e7a \u00e9 de f\u00e1cil transmiss\u00e3o\u201d, explicou Cejany Rodrigues, diretora de Aten\u00e7\u00e3o b\u00e1sica e vigil\u00e2ncia da Semus. &nbsp;<\/p>\n\n\n\n<p><strong>Aten\u00e7\u00e3o para os cuidados e preven\u00e7\u00e3o:<\/strong><\/p>\n\n\n\n<p>&#8211; Intensifica\u00e7\u00e3o das medidas de higiene: lavagem das m\u00e3os; higieniza\u00e7\u00e3o das superf\u00edcies e dos brinquedos; impedir o compartilhamento de chupetas, mamadeiras, talheres e copos;<\/p>\n\n\n\n<p>&#8211;&nbsp;Evitar o contato muito pr\u00f3ximo com o paciente (como abra\u00e7ar e beijar); cobrir a boca e o nariz ao espirrar ou tossir; manter um n\u00edvel adequado de higieniza\u00e7\u00e3o da casa, das creches e das escolas;&nbsp;<\/p>\n\n\n\n<p>&#8211; &nbsp;Lavar superf\u00edcies que possam entrar em contato com secre\u00e7\u00f5es e fezes dos indiv\u00edduos doentes com \u00e1gua e sab\u00e3o e, ap\u00f3s, desinfetar com solu\u00e7\u00e3o de \u00e1gua sanit\u00e1ria dilu\u00edda em \u00e1gua pura (1 colher de sopa de \u00e1gua sanit\u00e1ria dilu\u00edda em 4 copos de \u00e1gua limpa) e descartar adequadamente as fraldas e os len\u00e7os de limpeza em latas de lixo fechadas.<\/p>\n\n\n\n<p>\u201cS\u00e3o medidas simples que podem colaborar para que as crian\u00e7as n\u00e3o transmitam a doen\u00e7a e tamb\u00e9m n\u00e3o se auto contaminem, porque elas podem se infectar por mais de uma vez com v\u00edrus\u201d, refor\u00e7ou a diretora de Aten\u00e7\u00e3o b\u00e1sica e vigil\u00e2ncia da Semus.<\/p>\n\n\n\n<figure class=\"wp-block-image size-full is-resized\"><img loading=\"lazy\" decoding=\"async\" src=\"https:\/\/focotocantinense.com.br\/wp-content\/uploads\/2023\/02\/AAAAA.jpg\" alt=\"\" class=\"wp-image-3888\" width=\"841\" height=\"422\" srcset=\"https:\/\/focotocantinense.com.br\/wp-content\/uploads\/2023\/02\/AAAAA.jpg 464w, https:\/\/focotocantinense.com.br\/wp-content\/uploads\/2023\/02\/AAAAA-300x151.jpg 300w\" sizes=\"auto, (max-width: 841px) 100vw, 841px\" \/><\/figure>\n\n\n\n<figure class=\"wp-block-image size-large\"><img loading=\"lazy\" decoding=\"async\" width=\"1024\" height=\"296\" src=\"https:\/\/focotocantinense.com.br\/wp-content\/uploads\/2023\/02\/veloso_banner-1024x296.jpeg\" alt=\"\" class=\"wp-image-3890\" srcset=\"https:\/\/focotocantinense.com.br\/wp-content\/uploads\/2023\/02\/veloso_banner-1024x296.jpeg 1024w, https:\/\/focotocantinense.com.br\/wp-content\/uploads\/2023\/02\/veloso_banner-300x87.jpeg 300w, https:\/\/focotocantinense.com.br\/wp-content\/uploads\/2023\/02\/veloso_banner-768x222.jpeg 768w, https:\/\/focotocantinense.com.br\/wp-content\/uploads\/2023\/02\/veloso_banner.jpeg 1156w\" sizes=\"auto, (max-width: 1024px) 100vw, 1024px\" \/><\/figure>\n","protected":false},"excerpt":{"rendered":"<p>Apesar do n\u00famero inexpressivo de casos, a Prefeitura de Gurupi, por meio da Secretaria Municipal de Sa\u00fade (Semus) chama aten\u00e7\u00e3o, principalmente, de pais de crian\u00e7as menores de 05 anos de idade para medidas de preven\u00e7\u00e3o contra o v\u00edrus Coxsackie, causador da Doen\u00e7a conhecida como P\u00e9-m\u00e3o-boca.&nbsp; A enfermidade recebe este nome porque atinge principalmente estas regi\u00f5es &hellip;<\/p>\n","protected":false},"author":5,"featured_media":3888,"comment_status":"open","ping_status":"open","sticky":false,"template":"","format":"standard","meta":{"footnotes":""},"categories":[38],"tags":[],"class_list":["post-3887","post","type-post","status-publish","format-standard","has-post-thumbnail","","category-gurupi"],"_links":{"self":[{"href":"https:\/\/focotocantinense.com.br\/index.php?rest_route=\/wp\/v2\/posts\/3887","targetHints":{"allow":["GET"]}}],"collection":[{"href":"https:\/\/focotocantinense.com.br\/index.php?rest_route=\/wp\/v2\/posts"}],"about":[{"href":"https:\/\/focotocantinense.com.br\/index.php?rest_route=\/wp\/v2\/types\/post"}],"author":[{"embeddable":true,"href":"https:\/\/focotocantinense.com.br\/index.php?rest_route=\/wp\/v2\/users\/5"}],"replies":[{"embeddable":true,"href":"https:\/\/focotocantinense.com.br\/index.php?rest_route=%2Fwp%2Fv2%2Fcomments&post=3887"}],"version-history":[{"count":2,"href":"https:\/\/focotocantinense.com.br\/index.php?rest_route=\/wp\/v2\/posts\/3887\/revisions"}],"predecessor-version":[{"id":3891,"href":"https:\/\/focotocantinense.com.br\/index.php?rest_route=\/wp\/v2\/posts\/3887\/revisions\/3891"}],"wp:featuredmedia":[{"embeddable":true,"href":"https:\/\/focotocantinense.com.br\/index.php?rest_route=\/wp\/v2\/media\/3888"}],"wp:attachment":[{"href":"https:\/\/focotocantinense.com.br\/index.php?rest_route=%2Fwp%2Fv2%2Fmedia&parent=3887"}],"wp:term":[{"taxonomy":"category","embeddable":true,"href":"https:\/\/focotocantinense.com.br\/index.php?rest_route=%2Fwp%2Fv2%2Fcategories&post=3887"},{"taxonomy":"post_tag","embeddable":true,"href":"https:\/\/focotocantinense.com.br\/index.php?rest_route=%2Fwp%2Fv2%2Ftags&post=3887"}],"curies":[{"name":"wp","href":"https:\/\/api.w.org\/{rel}","templated":true}]}}