{"id":3883,"date":"2023-02-11T19:45:39","date_gmt":"2023-02-11T22:45:39","guid":{"rendered":"https:\/\/focotocantinense.com.br\/?p=3883"},"modified":"2023-02-11T19:46:51","modified_gmt":"2023-02-11T22:46:51","slug":"prefeito-manoel-silvino-inaugura-ampliacao-do-cras-de-tocantinia","status":"publish","type":"post","link":"https:\/\/focotocantinense.com.br\/?p=3883","title":{"rendered":"Prefeito Manoel Silvino inaugura amplia\u00e7\u00e3o do CRAS de Tocant\u00ednia"},"content":{"rendered":"\n<p>O prefeito de Tocant\u00ednia, Manoel Silvino (Solidariedade), acompanhado da Primeira-Dama, Nara Cristina Monteiro, do vice Jo\u00e3o Alberto Coelho Machado, al\u00e9m de vereadores e da &nbsp;secret\u00e1ria de Assist\u00eancia Social,&nbsp;&nbsp;Ana Paula Ribeiro,&nbsp;&nbsp;e demais secret\u00e1rios municipais, inaugurou nesta sexta-feira (10), a amplia\u00e7\u00e3o do espa\u00e7o f\u00edsico do Centro de Refer\u00eancia de Assist\u00eancia Social (CRAS). O espa\u00e7o agora conta com uma melhor estrutura para o atendimento aos usu\u00e1rios de programas da Assist\u00eancia Social.<\/p>\n\n\n\n<p>A programa\u00e7\u00e3o festiva de inaugura\u00e7\u00e3o contou com apresenta\u00e7\u00e3o de pe\u00e7a&nbsp;&nbsp;teatral l&nbsp;&nbsp;com os&nbsp;&nbsp;benefici\u00e1rios do Servi\u00e7o de Conviv\u00eancia e Fortalecimento de V\u00ednculos (SCVF), e os&nbsp;&nbsp;integrantes do&nbsp;&nbsp;Coral do Grupo Bem Viver. Ap\u00f3s o encerramento da cerim\u00f4nia formal da inaugura da amplia\u00e7\u00e3o do CRAS, a anima\u00e7\u00e3o ficou por conta do Antista do Acordeom e Lu\u00eds Rios, que agradaram o p\u00fablico presente,<\/p>\n\n\n\n<p><strong>Mais qualidade<\/strong><\/p>\n\n\n\n<p>A secret\u00e1ria de Assist\u00eancia Social Ana Paula Ribeiro, ressaltou que a nova estrutura do CRAS vai oferecer os servi\u00e7os com mais qualidade e efic\u00e1cia aos usu\u00e1rios dos programas sociais. Ela aproveitou para agradecer ao prefeito Manoel Silvino pela dedica\u00e7\u00e3o, seriedade e comprometimento para com as pol\u00edticas p\u00fablicas, sempre vidando o&nbsp;&nbsp;bem estar social da popula\u00e7\u00e3o do munic\u00edpio de Tocant\u00ednia.<\/p>\n\n\n\n<p>O vice-prefeito, Jo\u00e3o Alberto tamb\u00e9m parabenizou o prefeito Silvino pelas grandes conquistas da gest\u00e3o para o munic\u00edpio e agradeceu, ainda, a presen\u00e7a e a participa\u00e7\u00e3o das fam\u00edlias que s\u00e3o usu\u00e1rias dos servi\u00e7os ofertados pelo CRAS.<\/p>\n\n\n\n<p><strong>Mais comodidade<\/strong><\/p>\n\n\n\n<p>Em discurso na solenidade de inaugura\u00e7\u00e3o o prefeito Manoel Silvino externou gratid\u00e3o aos vereadores pelo apoio na aprova\u00e7\u00e3o de projetos na C\u00e2mara Municipal. Assim como a popula\u00e7\u00e3o do munic\u00edpio pela confian\u00e7a que lhe foi depositado para administrar o munic\u00edpio pelos quatro mandatos.<\/p>\n\n\n\n<p>Silvino destacou que&nbsp;&nbsp;a amplia\u00e7\u00e3o que proporcionou uma nova estrutura no CRAS disponibiliza mais comodidade aos usu\u00e1rios dos programas sociais.<\/p>\n\n\n\n<p><strong>Sobre a amplia\u00e7\u00e3o<\/strong><\/p>\n\n\n\n<p>A nova estrutura do CRAS foi constru\u00edda com recursos pr\u00f3prios do Tesouro Municipal. \u00c9&nbsp;&nbsp;composta de sala para oficinas do programa de&nbsp;&nbsp;Prote\u00e7\u00e3o e Atendimento Integral \u00e0 Fam\u00edlia (PAIF), sala para atendimento da Inf\u00e2ncia, sala da coordena\u00e7\u00e3o, almoxarifado, \u00e1rea de servi\u00e7o, dep\u00f3sito para material de limpeza, amplia\u00e7\u00e3o do muro com fechamento lateral, alambrado na fachada,&nbsp;&nbsp;al\u00e9m da \u00e1rea de conviv\u00eancia com&nbsp;&nbsp;&nbsp;200 metros quadrados de \u00e1rea constru\u00edda.<\/p>\n\n\n\n<figure class=\"wp-block-image is-resized\"><img loading=\"lazy\" decoding=\"async\" src=\"https:\/\/blogger.googleusercontent.com\/img\/b\/R29vZ2xl\/AVvXsEgkq0VdoQnJk2EC2_u0yFOzX8HP9DV2Ilr1S1Qv_Z_LzzIH6NCDh_-4TeIihmjG5tg3mezG3UDbVsYh9ZaAgwEqTRBiQD7PXO72d2leolcezJR2To-5XYektMgr3c7dOYD5qsAgnlL-yzFivFUbAWN-MAVk-Eb0HFNTpLpDOP6UhbmV2v5z2mrOrw0j8Q\/w491-h358\/ccc.bmp\" alt=\"\" width=\"835\" height=\"609\"\/><\/figure>\n\n\n\n<figure class=\"wp-block-image is-resized\"><img loading=\"lazy\" decoding=\"async\" src=\"https:\/\/blogger.googleusercontent.com\/img\/b\/R29vZ2xl\/AVvXsEgUQTPN0Qpwu2HpH6PYhlD8Z9uztpzqBgzmaxbnXEcxw3xFk_9nB4KL8PBRanZvZHoqqFHCwvPdNyLRQ6SRfydQefATmbKXLQEFgcXJXjMqf1Fz-5cmcUqJDa07DXFYKzsdZQ7qOdtDbCIgS4xhIuoKLVauNlkt2daJneAhj08FMYq9v-1rqxjvtV_SQQ\/w485-h320\/eeeee.bmp\" alt=\"\" width=\"843\" height=\"554\"\/><\/figure>\n\n\n\n<figure class=\"wp-block-image is-resized\"><img loading=\"lazy\" decoding=\"async\" src=\"https:\/\/blogger.googleusercontent.com\/img\/b\/R29vZ2xl\/AVvXsEhikqUu4Z-U3rtx18jpioZ1cM9AR51vlKEGMn_5CRLgpvcu974Oc3CRvcFtmNBuem7JaePS06wpuNMgTu60hAWwo4SuFVe71fMefkeUEs-9WzIT02nNmbVU06E-hdcotS9APV4QYZxzNysmccJcf9kLcDo3GhqWF377ajI3aC6_s4JA2zbqCeCTT4ZQUg\/w489-h330\/GGG.jpg\" alt=\"\" width=\"839\" height=\"566\"\/><\/figure>\n\n\n\n<figure class=\"wp-block-image is-resized\"><img loading=\"lazy\" decoding=\"async\" src=\"https:\/\/blogger.googleusercontent.com\/img\/b\/R29vZ2xl\/AVvXsEiz-l4lI7eeM4sElC779YEcMn3if4Jq2tCFyA6m3t_TIxyoURVWOBERRZ6PtpKMfXqBmmyTLP-uBj5JRnNQhm81ehOEL1mTbON_BI1pPCO44w76DUF_675FisCQ5bKjbfVEdOH49bvQAqL8GOaUyPiIm85ESV9SnaK2CqmxrJuFgmA9HqKrlZAhgEfxLQ\/w490-h329\/FFFFFFF.jpg\" alt=\"\" width=\"836\" height=\"560\"\/><\/figure>\n\n\n\n<figure class=\"wp-block-image\"><img decoding=\"async\" src=\"http:\/\/n1to.com.br\/img\/uploads\/veloso_banner_98.jpeg\" alt=\"\"\/><\/figure>\n","protected":false},"excerpt":{"rendered":"<p>O prefeito de Tocant\u00ednia, Manoel Silvino (Solidariedade), acompanhado da Primeira-Dama, Nara Cristina Monteiro, do vice Jo\u00e3o Alberto Coelho Machado, al\u00e9m de vereadores e da &nbsp;secret\u00e1ria de Assist\u00eancia Social,&nbsp;&nbsp;Ana Paula Ribeiro,&nbsp;&nbsp;e demais secret\u00e1rios municipais, inaugurou nesta sexta-feira (10), a amplia\u00e7\u00e3o do espa\u00e7o f\u00edsico do Centro de Refer\u00eancia de Assist\u00eancia Social (CRAS). O espa\u00e7o agora conta com &hellip;<\/p>\n","protected":false},"author":5,"featured_media":3884,"comment_status":"open","ping_status":"open","sticky":false,"template":"","format":"standard","meta":{"footnotes":""},"categories":[78],"tags":[],"class_list":["post-3883","post","type-post","status-publish","format-standard","has-post-thumbnail","","category-tocantinia"],"_links":{"self":[{"href":"https:\/\/focotocantinense.com.br\/index.php?rest_route=\/wp\/v2\/posts\/3883","targetHints":{"allow":["GET"]}}],"collection":[{"href":"https:\/\/focotocantinense.com.br\/index.php?rest_route=\/wp\/v2\/posts"}],"about":[{"href":"https:\/\/focotocantinense.com.br\/index.php?rest_route=\/wp\/v2\/types\/post"}],"author":[{"embeddable":true,"href":"https:\/\/focotocantinense.com.br\/index.php?rest_route=\/wp\/v2\/users\/5"}],"replies":[{"embeddable":true,"href":"https:\/\/focotocantinense.com.br\/index.php?rest_route=%2Fwp%2Fv2%2Fcomments&post=3883"}],"version-history":[{"count":2,"href":"https:\/\/focotocantinense.com.br\/index.php?rest_route=\/wp\/v2\/posts\/3883\/revisions"}],"predecessor-version":[{"id":3886,"href":"https:\/\/focotocantinense.com.br\/index.php?rest_route=\/wp\/v2\/posts\/3883\/revisions\/3886"}],"wp:featuredmedia":[{"embeddable":true,"href":"https:\/\/focotocantinense.com.br\/index.php?rest_route=\/wp\/v2\/media\/3884"}],"wp:attachment":[{"href":"https:\/\/focotocantinense.com.br\/index.php?rest_route=%2Fwp%2Fv2%2Fmedia&parent=3883"}],"wp:term":[{"taxonomy":"category","embeddable":true,"href":"https:\/\/focotocantinense.com.br\/index.php?rest_route=%2Fwp%2Fv2%2Fcategories&post=3883"},{"taxonomy":"post_tag","embeddable":true,"href":"https:\/\/focotocantinense.com.br\/index.php?rest_route=%2Fwp%2Fv2%2Ftags&post=3883"}],"curies":[{"name":"wp","href":"https:\/\/api.w.org\/{rel}","templated":true}]}}