{"id":3873,"date":"2023-02-10T20:54:01","date_gmt":"2023-02-10T23:54:01","guid":{"rendered":"https:\/\/focotocantinense.com.br\/?p=3873"},"modified":"2023-02-10T22:31:31","modified_gmt":"2023-02-11T01:31:31","slug":"vereador-romivaldo-martins-comemora-a-recuperacao-de-estrada-em-lagoa-da-confusao","status":"publish","type":"post","link":"https:\/\/focotocantinense.com.br\/?p=3873","title":{"rendered":"Vereador Romivaldo Martins comemora a recupera\u00e7\u00e3o de estrada em Lagoa da Confus\u00e3o"},"content":{"rendered":"\n<figure class=\"wp-block-image size-full is-resized\"><img loading=\"lazy\" decoding=\"async\" src=\"https:\/\/focotocantinense.com.br\/wp-content\/uploads\/2023\/02\/aaa-4.jpg\" alt=\"\" class=\"wp-image-3874\" width=\"405\" height=\"230\" srcset=\"https:\/\/focotocantinense.com.br\/wp-content\/uploads\/2023\/02\/aaa-4.jpg 742w, https:\/\/focotocantinense.com.br\/wp-content\/uploads\/2023\/02\/aaa-4-300x171.jpg 300w\" sizes=\"auto, (max-width: 405px) 100vw, 405px\" \/><\/figure>\n\n\n\n<p><strong><em>Por Zacarias Martins<\/em><\/strong><\/p>\n\n\n\n<p>Incans\u00e1vel na sua atividade parlamentar e, \u00a0em busca de atender as demandas da popula\u00e7\u00e3o de Lagoa da Confus\u00e3o, o vereador Romivaldo Martins , do Partido Solidariedade teve uma participa\u00e7\u00e3o importante no servi\u00e7o de recupera\u00e7\u00e3o da estrada vicinal que \u00a0liga o P.A. S\u00e3o Judas \u00e0 TO-481, passando pelas fazendas Bad\u00fa e Tingu\u00ed<\/p>\n\n\n\n<p>Nos trechos cr\u00edticos dessa estrada foi realizado o servi\u00e7o de &nbsp;levantamento e &nbsp;cascalhamento, bem como, a &nbsp;coloca\u00e7\u00e3o de bueiros, que facilitou o escoamento da \u00e1gua e, dessa forma, tamb\u00e9m melhorou o tr\u00e1fego &nbsp;de ve\u00edculos naquela localidade.<\/p>\n\n\n\n<p>Romivaldo Martins explicou que o servi\u00e7o foi realizado por meio de uma parceria que envolve as prefeituras de&nbsp; &nbsp;Santa Rita e de &nbsp;Lagoa da Confus\u00e3o, al\u00e9m de produtores rurais&nbsp; e as&nbsp; fazendas Bad\u00fa, Diamante Agr\u00edcola, Frutacc.<\/p>\n\n\n\n\n\n<figure class=\"wp-block-image size-large\"><img loading=\"lazy\" decoding=\"async\" width=\"1024\" height=\"461\" src=\"https:\/\/focotocantinense.com.br\/wp-content\/uploads\/2023\/02\/BBB-1-1024x461.jpg\" alt=\"\" class=\"wp-image-3877\" srcset=\"https:\/\/focotocantinense.com.br\/wp-content\/uploads\/2023\/02\/BBB-1-1024x461.jpg 1024w, https:\/\/focotocantinense.com.br\/wp-content\/uploads\/2023\/02\/BBB-1-300x135.jpg 300w, https:\/\/focotocantinense.com.br\/wp-content\/uploads\/2023\/02\/BBB-1-768x346.jpg 768w, https:\/\/focotocantinense.com.br\/wp-content\/uploads\/2023\/02\/BBB-1-1536x691.jpg 1536w, https:\/\/focotocantinense.com.br\/wp-content\/uploads\/2023\/02\/BBB-1.jpg 1600w\" sizes=\"auto, (max-width: 1024px) 100vw, 1024px\" \/><\/figure>\n\n\n\n<figure class=\"wp-block-image size-large\"><img loading=\"lazy\" decoding=\"async\" width=\"1024\" height=\"461\" src=\"https:\/\/focotocantinense.com.br\/wp-content\/uploads\/2023\/02\/cccc-1024x461.jpg\" alt=\"\" class=\"wp-image-3879\" srcset=\"https:\/\/focotocantinense.com.br\/wp-content\/uploads\/2023\/02\/cccc-1024x461.jpg 1024w, https:\/\/focotocantinense.com.br\/wp-content\/uploads\/2023\/02\/cccc-300x135.jpg 300w, https:\/\/focotocantinense.com.br\/wp-content\/uploads\/2023\/02\/cccc-768x346.jpg 768w, https:\/\/focotocantinense.com.br\/wp-content\/uploads\/2023\/02\/cccc-1536x691.jpg 1536w, https:\/\/focotocantinense.com.br\/wp-content\/uploads\/2023\/02\/cccc.jpg 1600w\" sizes=\"auto, (max-width: 1024px) 100vw, 1024px\" \/><figcaption class=\"wp-element-caption\"><a rel=\"noreferrer noopener\" href=\"https:\/\/www.instagram.com\/mutucacast\/\" target=\"_blank\"><img decoding=\"async\" src=\"https:\/\/www.n1to.com.br\/img\/cache\/380x280\/80\/crop\/Imagem-e7214b7e48a41e43e545ec7063ee81e8.jpeg\" alt=\"\"><\/a><\/figcaption><\/figure>\n","protected":false},"excerpt":{"rendered":"<p>Por Zacarias Martins Incans\u00e1vel na sua atividade parlamentar e, \u00a0em busca de atender as demandas da popula\u00e7\u00e3o de Lagoa da Confus\u00e3o, o vereador Romivaldo Martins , do Partido Solidariedade teve uma participa\u00e7\u00e3o importante no servi\u00e7o de recupera\u00e7\u00e3o da estrada vicinal que \u00a0liga o P.A. S\u00e3o Judas \u00e0 TO-481, passando pelas fazendas Bad\u00fa e Tingu\u00ed Nos &hellip;<\/p>\n","protected":false},"author":5,"featured_media":3874,"comment_status":"open","ping_status":"open","sticky":false,"template":"","format":"standard","meta":{"footnotes":""},"categories":[71],"tags":[],"class_list":["post-3873","post","type-post","status-publish","format-standard","has-post-thumbnail","","category-lagoa-da-confusao"],"_links":{"self":[{"href":"https:\/\/focotocantinense.com.br\/index.php?rest_route=\/wp\/v2\/posts\/3873","targetHints":{"allow":["GET"]}}],"collection":[{"href":"https:\/\/focotocantinense.com.br\/index.php?rest_route=\/wp\/v2\/posts"}],"about":[{"href":"https:\/\/focotocantinense.com.br\/index.php?rest_route=\/wp\/v2\/types\/post"}],"author":[{"embeddable":true,"href":"https:\/\/focotocantinense.com.br\/index.php?rest_route=\/wp\/v2\/users\/5"}],"replies":[{"embeddable":true,"href":"https:\/\/focotocantinense.com.br\/index.php?rest_route=%2Fwp%2Fv2%2Fcomments&post=3873"}],"version-history":[{"count":5,"href":"https:\/\/focotocantinense.com.br\/index.php?rest_route=\/wp\/v2\/posts\/3873\/revisions"}],"predecessor-version":[{"id":3882,"href":"https:\/\/focotocantinense.com.br\/index.php?rest_route=\/wp\/v2\/posts\/3873\/revisions\/3882"}],"wp:featuredmedia":[{"embeddable":true,"href":"https:\/\/focotocantinense.com.br\/index.php?rest_route=\/wp\/v2\/media\/3874"}],"wp:attachment":[{"href":"https:\/\/focotocantinense.com.br\/index.php?rest_route=%2Fwp%2Fv2%2Fmedia&parent=3873"}],"wp:term":[{"taxonomy":"category","embeddable":true,"href":"https:\/\/focotocantinense.com.br\/index.php?rest_route=%2Fwp%2Fv2%2Fcategories&post=3873"},{"taxonomy":"post_tag","embeddable":true,"href":"https:\/\/focotocantinense.com.br\/index.php?rest_route=%2Fwp%2Fv2%2Ftags&post=3873"}],"curies":[{"name":"wp","href":"https:\/\/api.w.org\/{rel}","templated":true}]}}