{"id":3865,"date":"2023-02-10T17:50:00","date_gmt":"2023-02-10T20:50:00","guid":{"rendered":"https:\/\/focotocantinense.com.br\/?p=3865"},"modified":"2023-02-10T17:51:23","modified_gmt":"2023-02-10T20:51:23","slug":"febtur-tocantins-centro-oeste-da-inicio-as-acoes-de-2023","status":"publish","type":"post","link":"https:\/\/focotocantinense.com.br\/?p=3865","title":{"rendered":"Febtur Tocantins &#8211; Centro-Oeste d\u00e1 in\u00edcio \u00e0s a\u00e7\u00f5es de 2023"},"content":{"rendered":"\n<p><strong>Por Marco T\u00falio Tavares<\/strong><\/p>\n\n\n\n<p>O compromisso com o desenvolvimento do turismo no Estado do Tocantins e em sua Capital, Palmas, foi reafirmado durante jantar de abertura oficial da agenda de atividades de 2023 e apresenta\u00e7\u00e3o do balan\u00e7o de a\u00e7\u00f5es de 2022 da Federa\u00e7\u00e3o Brasileira de Jornalistas e Comunicadores de Turismo no Tocantins e Centro-Oeste (Febtur-TO). O evento ocorreu no Hotel Girassol Plaza, na noite de quinta, 9, reunindo associados e convidados.<\/p>\n\n\n\n<p>Parceria com a Universidade Federal do Tocantins (UFT) para que seus alunos de jornalismo tenham a oportunidade de desenvolver produtos de comunica\u00e7\u00e3o espec\u00edficos para o turismo, na pr\u00e1tica, ser\u00e1 uma das a\u00e7\u00f5es relevantes em 2023. Com o envolvimento da Professora Dsc. F\u00e1tima Albuquerque e da Coordenadora do curso de Jornalismo, Professora Dsc. Daniela Soares, a proposta \u00e9 aproximar os alunos a este segmento.<\/p>\n\n\n\n<p>A Presidente da Febtur-TO, Seleucia Fontes, ressaltou aos integrantes da entidade, ao Presidente da Ag\u00eancia de Turismo de Palmas e Secret\u00e1rio Municipal de Desenvolvimento Econ\u00f4mico e Emprego, Tom Lyra, e \u00e0 colunista social e empres\u00e1ria F\u00e1tima Fernandes que os procedimentos para oficializar a parceria j\u00e1 est\u00e3o em andamento.<\/p>\n\n\n\n<p>\u201cEnquanto eu estiver \u00e0 frente das pastas as quais sou gestor, a Febtur poder\u00e1 contar com a gente\u201d, garantiu Lyra, antes de tecer grandes elogios \u00e0 Presidente da entidade, que o assessorou durante sua atua\u00e7\u00e3o como secret\u00e1rio de Cultura e Turismo do Estado. \u201cTive o privil\u00e9gio de trabalhar com a Seleucia, que foi uma grande mentora e orientadora, tanto na \u00e1rea do turismo quanto da cultural, pois domina como ningu\u00e9m\u201d, destacou. Ele exaltou tamb\u00e9m o trabalho dos profissionais de comunica\u00e7\u00e3o por serem o elo entre a comunidade e a gest\u00e3o p\u00fablica, ao produzirem informa\u00e7\u00f5es de qualidade.<\/p>\n\n\n\n<p><strong>Jornalismo e turismo na UFT<\/strong><\/p>\n\n\n\n<p>A professora Dsc. Daniela Soares, ao fazer um resumo do projeto a ser realizado entre a Febtur e a UFT demonstrou a import\u00e2ncia da parceria. \u201c\u00c9 preciso aproximar os alunos \u00e0 realidade do mercado, para que tenham mais experi\u00eancia e possam sair da academia ainda mais preparados\u201d, afirmou. A docente falou sobre a possibilidade da implanta\u00e7\u00e3o de disciplina optativa especializada em turismo, com apoio da Febtur, j\u00e1 para o pr\u00f3ximo semestre na Institui\u00e7\u00e3o, como forma de incentivar a tem\u00e1tica aos futuros profissionais da comunica\u00e7\u00e3o.<\/p>\n\n\n\n<p><strong>Centro-Oeste<\/strong><\/p>\n\n\n\n<p>Entre as novidades, foi anunciada a amplia\u00e7\u00e3o do raio de atua\u00e7\u00e3o da Febtur Tocantins para os estados do Centro-Oeste e Distrito Federal, com o objetivo de colaborar com os associados da regi\u00e3o na organiza\u00e7\u00e3o administrativa e capta\u00e7\u00e3o de novos associados. A Diretoria do Mato Grosso j\u00e1 \u00e9 conduzida pela jornalista Jociene Carla Bianchini.<\/p>\n\n\n\n<p><strong>Girassol Plaza<\/strong><\/p>\n\n\n\n<p>O Girassol Plaza abriu suas portas para a Febtur Tocantins e Centro-Oeste e mostrou seu projeto de reestrutura\u00e7\u00e3o em parte de suas depend\u00eancias e agenda de eventos. O empreendimento pertence a uma fam\u00edlia pioneira na hotelaria da Capital tocantinense e foi o primeiro da cidade a alcan\u00e7ar o selo 4 ,5 Estrelas. A nova piscina j\u00e1 est\u00e1 em funcionamento e o hotel tamb\u00e9m ir\u00e1 ganhar um audit\u00f3rio para mais de 300 pessoas, SPA, restaurante kids, entre outras novidades.<\/p>\n\n\n\n<p>Ilza Rocha, CEO do Girassol, ressalta a realiza\u00e7\u00e3o de eventos ao longo do ano, a come\u00e7ar pela comemora\u00e7\u00e3o do Dia da Mulher, em mar\u00e7o. Ser\u00e1 um ch\u00e1 da tarde especial com desfile de marcas sediadas na cidade. J\u00e1 a inaugura\u00e7\u00e3o oficial das obras de amplia\u00e7\u00e3o do hotel ocorrer\u00e1 ainda no primeiro semestre.<\/p>\n\n\n\n<p><strong>Presen\u00e7as<\/strong><\/p>\n\n\n\n<p>Tamb\u00e9m participaram do jantar, Raimundo Penaforte, vice-presidente da entidade no Tocantins, os fot\u00f3grafos Ang\u00e9lica Lima e Fl\u00e1vio Cavalera, os jornalistas associados Marco Tullio Tavares, a colunista social e empres\u00e1ria Jaciara Barros, Zuleide D`Angelo, Mariah Soares, Ant\u00f4nio das Neves, o publicit\u00e1rio Marco Jacob, diretor de Comunica\u00e7\u00e3o da Febtur Nacional.<\/p>\n\n\n\n<figure class=\"wp-block-image size-full is-resized\"><img loading=\"lazy\" decoding=\"async\" src=\"https:\/\/focotocantinense.com.br\/wp-content\/uploads\/2023\/02\/AA.jpg\" alt=\"\" class=\"wp-image-3868\" width=\"840\" height=\"608\" srcset=\"https:\/\/focotocantinense.com.br\/wp-content\/uploads\/2023\/02\/AA.jpg 532w, https:\/\/focotocantinense.com.br\/wp-content\/uploads\/2023\/02\/AA-300x217.jpg 300w\" sizes=\"auto, (max-width: 840px) 100vw, 840px\" \/><\/figure>\n\n\n\n<figure class=\"wp-block-image size-full is-resized\"><img loading=\"lazy\" decoding=\"async\" src=\"https:\/\/focotocantinense.com.br\/wp-content\/uploads\/2023\/02\/BBB.jpg\" alt=\"\" class=\"wp-image-3870\" width=\"835\" height=\"604\" srcset=\"https:\/\/focotocantinense.com.br\/wp-content\/uploads\/2023\/02\/BBB.jpg 579w, https:\/\/focotocantinense.com.br\/wp-content\/uploads\/2023\/02\/BBB-300x217.jpg 300w\" sizes=\"auto, (max-width: 835px) 100vw, 835px\" \/><\/figure>\n\n\n\n<figure class=\"wp-block-image size-full is-resized\"><img loading=\"lazy\" decoding=\"async\" src=\"https:\/\/focotocantinense.com.br\/wp-content\/uploads\/2023\/02\/CCC-1.jpg\" alt=\"\" class=\"wp-image-3871\" width=\"837\" height=\"611\" srcset=\"https:\/\/focotocantinense.com.br\/wp-content\/uploads\/2023\/02\/CCC-1.jpg 545w, https:\/\/focotocantinense.com.br\/wp-content\/uploads\/2023\/02\/CCC-1-300x219.jpg 300w\" sizes=\"auto, (max-width: 837px) 100vw, 837px\" \/><\/figure>\n\n\n\n<figure class=\"wp-block-image is-resized\"><a href=\"https:\/\/www.instagram.com\/mutucacast\/\" target=\"_blank\" rel=\"noreferrer noopener\"><img loading=\"lazy\" decoding=\"async\" src=\"https:\/\/www.n1to.com.br\/img\/cache\/380x280\/80\/crop\/Imagem-e7214b7e48a41e43e545ec7063ee81e8.jpeg\" alt=\"\" width=\"837\" height=\"617\" title=\"MUTUCA CAST\"\/><\/a><\/figure>\n","protected":false},"excerpt":{"rendered":"<p>Por Marco T\u00falio Tavares O compromisso com o desenvolvimento do turismo no Estado do Tocantins e em sua Capital, Palmas, foi reafirmado durante jantar de abertura oficial da agenda de atividades de 2023 e apresenta\u00e7\u00e3o do balan\u00e7o de a\u00e7\u00f5es de 2022 da Federa\u00e7\u00e3o Brasileira de Jornalistas e Comunicadores de Turismo no Tocantins e Centro-Oeste (Febtur-TO). &hellip;<\/p>\n","protected":false},"author":5,"featured_media":3866,"comment_status":"open","ping_status":"open","sticky":false,"template":"","format":"standard","meta":{"footnotes":""},"categories":[106],"tags":[],"class_list":["post-3865","post","type-post","status-publish","format-standard","has-post-thumbnail","","category-turismo"],"_links":{"self":[{"href":"https:\/\/focotocantinense.com.br\/index.php?rest_route=\/wp\/v2\/posts\/3865","targetHints":{"allow":["GET"]}}],"collection":[{"href":"https:\/\/focotocantinense.com.br\/index.php?rest_route=\/wp\/v2\/posts"}],"about":[{"href":"https:\/\/focotocantinense.com.br\/index.php?rest_route=\/wp\/v2\/types\/post"}],"author":[{"embeddable":true,"href":"https:\/\/focotocantinense.com.br\/index.php?rest_route=\/wp\/v2\/users\/5"}],"replies":[{"embeddable":true,"href":"https:\/\/focotocantinense.com.br\/index.php?rest_route=%2Fwp%2Fv2%2Fcomments&post=3865"}],"version-history":[{"count":2,"href":"https:\/\/focotocantinense.com.br\/index.php?rest_route=\/wp\/v2\/posts\/3865\/revisions"}],"predecessor-version":[{"id":3872,"href":"https:\/\/focotocantinense.com.br\/index.php?rest_route=\/wp\/v2\/posts\/3865\/revisions\/3872"}],"wp:featuredmedia":[{"embeddable":true,"href":"https:\/\/focotocantinense.com.br\/index.php?rest_route=\/wp\/v2\/media\/3866"}],"wp:attachment":[{"href":"https:\/\/focotocantinense.com.br\/index.php?rest_route=%2Fwp%2Fv2%2Fmedia&parent=3865"}],"wp:term":[{"taxonomy":"category","embeddable":true,"href":"https:\/\/focotocantinense.com.br\/index.php?rest_route=%2Fwp%2Fv2%2Fcategories&post=3865"},{"taxonomy":"post_tag","embeddable":true,"href":"https:\/\/focotocantinense.com.br\/index.php?rest_route=%2Fwp%2Fv2%2Ftags&post=3865"}],"curies":[{"name":"wp","href":"https:\/\/api.w.org\/{rel}","templated":true}]}}