{"id":3855,"date":"2023-02-10T16:54:35","date_gmt":"2023-02-10T19:54:35","guid":{"rendered":"https:\/\/focotocantinense.com.br\/?p=3855"},"modified":"2023-02-10T16:58:03","modified_gmt":"2023-02-10T19:58:03","slug":"hospital-dom-orione-celebra-o-dia-mundial-do-enfermo","status":"publish","type":"post","link":"https:\/\/focotocantinense.com.br\/?p=3855","title":{"rendered":"Hospital Dom Orione celebra o Dia Mundial do Enfermo"},"content":{"rendered":"\n<p><strong>Por Rodrigo Martins<\/strong><\/p>\n\n\n\n<p>No dia 11 de fevereiro, a Igreja Cat\u00f3lica comemora o&nbsp;Dia Mundial do Enfermo, uma data para rezar pelos doentes, seus familiares e tamb\u00e9m pelos profissionais da Sa\u00fade. Para celebrar a data, o diretor presidente do&nbsp;Hospital Dom Orione, Padre Bruno Rodrigues, percorreu nesta sexta-feira, 10, os setores da unidade proferindo uma b\u00ean\u00e7\u00e3o especial para colaboradores e pacientes.<\/p>\n\n\n\n<p>\u201c\u00c9 um momento para rezarmos pelos doentes e tamb\u00e9m pelos profissionais de sa\u00fade, pedindo que Deus aben\u00e7oe aqueles que se doam para cuidar do outro que precisa\u201d, destacou. Durante o momento de b\u00ean\u00e7\u00e3o, foram distribu\u00eddos frascos com \u00e1gua benta, para que pacientes e colaboradores pudessem levar para casa e fazer ali tamb\u00e9m um seu momento de ora\u00e7\u00e3o.<\/p>\n\n\n\n<p>Neste ano, em que a Igreja celebra o 31\u00ba Dia Mundial do Enfermo, o Papa Francisco, numa mensagem divulgada no m\u00eas de janeiro, orienta para a reflex\u00e3o do tema \u201cTrata bem dele\u201d, e do lema \u201cA compaix\u00e3o como exerc\u00edcio sinodal de cura\u201d.<\/p>\n\n\n\n<p>Na mensagem, o Papa enfatiza que apesar de fazer parte da experi\u00eancia humana, a doen\u00e7a pode \u201ctornar-se desumana, se for vivida no isolamento e no abandono, se n\u00e3o for acompanhada pelo desvelo e a compaix\u00e3o\u201d.<\/p>\n\n\n\n<figure class=\"wp-block-gallery has-nested-images columns-default is-cropped wp-block-gallery-1 is-layout-flex wp-block-gallery-is-layout-flex\">\n<figure class=\"wp-block-image size-large\"><img loading=\"lazy\" decoding=\"async\" width=\"762\" height=\"513\" data-id=\"3857\" src=\"https:\/\/focotocantinense.com.br\/wp-content\/uploads\/2023\/02\/AAA-3.jpg\" alt=\"\" class=\"wp-image-3857\" srcset=\"https:\/\/focotocantinense.com.br\/wp-content\/uploads\/2023\/02\/AAA-3.jpg 762w, https:\/\/focotocantinense.com.br\/wp-content\/uploads\/2023\/02\/AAA-3-300x202.jpg 300w, https:\/\/focotocantinense.com.br\/wp-content\/uploads\/2023\/02\/AAA-3-110x75.jpg 110w\" sizes=\"auto, (max-width: 762px) 100vw, 762px\" \/><\/figure>\n<\/figure>\n\n\n\n<figure class=\"wp-block-image\"><img decoding=\"async\" src=\"http:\/\/n1to.com.br\/img\/uploads\/BBB_32.jpg\" alt=\"\"\/><\/figure>\n\n\n\n<p><em><strong>\u00a0Os pacientes acamados tamb\u00e9m receberam a b\u00ean\u00e7\u00e3o do padre.<\/strong><\/em><\/p>\n\n\n\n<figure class=\"wp-block-image size-full is-resized\"><img loading=\"lazy\" decoding=\"async\" src=\"https:\/\/focotocantinense.com.br\/wp-content\/uploads\/2023\/02\/image-3.png\" alt=\"\" class=\"wp-image-3859\" width=\"834\" height=\"371\" srcset=\"https:\/\/focotocantinense.com.br\/wp-content\/uploads\/2023\/02\/image-3.png 380w, https:\/\/focotocantinense.com.br\/wp-content\/uploads\/2023\/02\/image-3-300x133.png 300w\" sizes=\"auto, (max-width: 834px) 100vw, 834px\" \/><\/figure>\n\n\n\n<figure class=\"wp-block-image\"><img decoding=\"async\" src=\"http:\/\/n1to.com.br\/img\/uploads\/veloso_banner_100.jpeg\" alt=\"\"\/><\/figure>\n","protected":false},"excerpt":{"rendered":"<p>Por Rodrigo Martins No dia 11 de fevereiro, a Igreja Cat\u00f3lica comemora o&nbsp;Dia Mundial do Enfermo, uma data para rezar pelos doentes, seus familiares e tamb\u00e9m pelos profissionais da Sa\u00fade. Para celebrar a data, o diretor presidente do&nbsp;Hospital Dom Orione, Padre Bruno Rodrigues, percorreu nesta sexta-feira, 10, os setores da unidade proferindo uma b\u00ean\u00e7\u00e3o especial &hellip;<\/p>\n","protected":false},"author":5,"featured_media":3857,"comment_status":"open","ping_status":"open","sticky":false,"template":"","format":"standard","meta":{"footnotes":""},"categories":[45],"tags":[],"class_list":["post-3855","post","type-post","status-publish","format-standard","has-post-thumbnail","","category-araguaina"],"_links":{"self":[{"href":"https:\/\/focotocantinense.com.br\/index.php?rest_route=\/wp\/v2\/posts\/3855","targetHints":{"allow":["GET"]}}],"collection":[{"href":"https:\/\/focotocantinense.com.br\/index.php?rest_route=\/wp\/v2\/posts"}],"about":[{"href":"https:\/\/focotocantinense.com.br\/index.php?rest_route=\/wp\/v2\/types\/post"}],"author":[{"embeddable":true,"href":"https:\/\/focotocantinense.com.br\/index.php?rest_route=\/wp\/v2\/users\/5"}],"replies":[{"embeddable":true,"href":"https:\/\/focotocantinense.com.br\/index.php?rest_route=%2Fwp%2Fv2%2Fcomments&post=3855"}],"version-history":[{"count":3,"href":"https:\/\/focotocantinense.com.br\/index.php?rest_route=\/wp\/v2\/posts\/3855\/revisions"}],"predecessor-version":[{"id":3860,"href":"https:\/\/focotocantinense.com.br\/index.php?rest_route=\/wp\/v2\/posts\/3855\/revisions\/3860"}],"wp:featuredmedia":[{"embeddable":true,"href":"https:\/\/focotocantinense.com.br\/index.php?rest_route=\/wp\/v2\/media\/3857"}],"wp:attachment":[{"href":"https:\/\/focotocantinense.com.br\/index.php?rest_route=%2Fwp%2Fv2%2Fmedia&parent=3855"}],"wp:term":[{"taxonomy":"category","embeddable":true,"href":"https:\/\/focotocantinense.com.br\/index.php?rest_route=%2Fwp%2Fv2%2Fcategories&post=3855"},{"taxonomy":"post_tag","embeddable":true,"href":"https:\/\/focotocantinense.com.br\/index.php?rest_route=%2Fwp%2Fv2%2Ftags&post=3855"}],"curies":[{"name":"wp","href":"https:\/\/api.w.org\/{rel}","templated":true}]}}