{"id":3849,"date":"2023-02-09T20:18:43","date_gmt":"2023-02-09T23:18:43","guid":{"rendered":"https:\/\/focotocantinense.com.br\/?p=3849"},"modified":"2023-02-09T20:20:05","modified_gmt":"2023-02-09T23:20:05","slug":"em-abertura-do-ano-legislativo-na-camara-de-gurupi-prefeita-josi-nunes-apresenta-conquistas-e-projetos-da-gestao-municipal","status":"publish","type":"post","link":"https:\/\/focotocantinense.com.br\/?p=3849","title":{"rendered":"Em abertura do ano legislativo na C\u00e2mara de Gurupi, prefeita Josi Nunes apresenta conquistas e projetos da gest\u00e3o municipal"},"content":{"rendered":"\n<p>Refor\u00e7ando a parceria e a harmonia entre os poderes Executivo e Legislativo Municipais, a prefeita de Gurupi, Josi Nunes, participou da sess\u00e3o especial na C\u00e2mara Municipal para a abertura do ano legislativo, na manh\u00e3 desta quinta-feira, 09. Na oportunidade, apresentou as principais conquistas da gest\u00e3o no \u00faltimo bi\u00eanio e os projetos que ser\u00e3o realizados nos pr\u00f3ximos anos.<\/p>\n\n\n\n<p>Durante sua participa\u00e7\u00e3o, a Prefeita fez quest\u00e3o de frisar seu respeito ao legislativo e destacou a contribui\u00e7\u00e3o dos vereadores \u00e0 gest\u00e3o municipal. \u201cFa\u00e7o quest\u00e3o de estar presente todos os anos na abertura do legislativo, pois \u00e9 uma forma de respeito aos vereadores, principalmente porque eles t\u00eam feito uma parceria muito grande com a nossa gest\u00e3o, no sentido de fiscalizar, criticar, sugerir, elogiar, e com isso, fazemos um trabalho integrado. Os vereadores trazem muitas propostas para desenvolvermos pol\u00edticas p\u00fablicas, ent\u00e3o essa intera\u00e7\u00e3o, faz com que nossa gest\u00e3o seja cada dia melhor\u201d, disse.<\/p>\n\n\n\n<p>O presidente da C\u00e2mara Municipal, Vald\u00f4nio Rodrigues, enalteceu a iniciativa da prefeita Josi Nunes de estar sempre pr\u00f3xima do legislativo. \u201cEstamos iniciando hoje, mas j\u00e1 temos uma s\u00e9rie de requerimentos e indica\u00e7\u00f5es de todos os vereadores, buscando melhorias em diversas \u00e1reas para Gurupi, e por isso \u00e9 muito importante a presen\u00e7a do executivo aqui, porque apesar de serem dois poderes independentes, \u00e9 necess\u00e1ria a harmonia entre eles para que possamos fazer o melhor por nossa cidade, ent\u00e3o fico muito feliz com a presen\u00e7a da prefeita Josi Nunes nesta sess\u00e3o\u201d, afirmou<\/p>\n\n\n\n<p><strong>Balan\u00e7o<\/strong><\/p>\n\n\n\n<p>A Prefeita apresentou no plen\u00e1rio uma s\u00e9rie de conquistas alcan\u00e7adas nos primeiros dois anos da sua gest\u00e3o. A gestora citou que mesmo diante dos desafios, entre eles a Pandemia de Covid-19, a cidade avan\u00e7ou em diversas \u00e1reas, como o setor econ\u00f4mico, em que Gurupi foi destaque na gera\u00e7\u00e3o de empregos e segundo dados do Cadastro Geral de Empregados e Desempregados (Caged), mais de 2 mil novos postos de trabalho foram gerados na Capital da Amizade em 2022. Al\u00e9m disso, 34 novas empresas se instalaram no Parque Agroindustrial (PAIG) nos \u00faltimos dois anos, gerando grandes investimentos na cidade.&nbsp;<\/p>\n\n\n\n<p>Na apresenta\u00e7\u00e3o tamb\u00e9m foram citadas pela Prefeita as grandes obras iniciadas em 2022, como a Via da Integra\u00e7\u00e3o Leste-Oeste, que vai otimizar o tr\u00e2nsito da cidade e melhorar o acesso entre estas duas regi\u00f5es, e a Esta\u00e7\u00e3o da Cidadania, que ser\u00e1 o maior complexo social, esportivo e cultural da regi\u00e3o Norte do Brasil.&nbsp;<\/p>\n\n\n\n<p><strong>Servidores<\/strong><\/p>\n\n\n\n<p>A valoriza\u00e7\u00e3o do funcionalismo p\u00fablico sempre foi uma das pautas defendidas pela Prefeita Josi Nunes. E na oportunidade, ela citou alguns compromissos cumpridos com a classe e ressaltou que continua trabalhando firme para valorizar ainda mais os servidores. Citou a implementa\u00e7\u00e3o dos Planos de Cargos, Carreiras e Remunera\u00e7\u00f5es (PCCR\u2019s) da Educa\u00e7\u00e3o, da Sa\u00fade e do Quadro Geral, resgatando um direito aguardado por muitos anos.&nbsp;<\/p>\n\n\n\n<p>Outra conquista citada foi o reconhecimento pela justi\u00e7a, de que os Agentes Comunit\u00e1rios de Sa\u00fade e de Endemias, s\u00e3o servidores efetivos do munic\u00edpio, o que d\u00e1 seguran\u00e7a jur\u00eddica, inclusive para tratativas na busca de recursos junto ao minist\u00e9rio da sa\u00fade.&nbsp;<\/p>\n\n\n\n<p>Al\u00e9m disso, a Prefeita vai encaminhar para a C\u00e2mara Municipal um Projeto de Lei para melhoria e valoriza\u00e7\u00e3o dos vencimentos dos profissionais da sa\u00fade: Enfermeiros, farmac\u00eauticos, nutricionistas, avaliadores f\u00edsicos e qu\u00edmicos, equiparando seus vencimentos com os de odont\u00f3logos. Essa isonomia dos vencimentos ser\u00e1 incorporada ao PCCR dos cargos de n\u00edvel superior da sa\u00fade.&nbsp;<\/p>\n\n\n\n<p><strong>Parcerias<\/strong><\/p>\n\n\n\n<p>Uma das palavras-chave da gest\u00e3o da Prefeita Josi Nunes \u00e9 \u201cParceria\u201d. Ela fez quest\u00e3o de refor\u00e7ar em sua apresenta\u00e7\u00e3o a participa\u00e7\u00e3o de v\u00e1rios parceiros na constru\u00e7\u00e3o de todas as conquistas alcan\u00e7adas. \u201cTemos parceria com a C\u00e2mara Municipal, com o Governo Federal, com a nossa Bancada Federal, com o Governo do Estado, com nossos deputados estaduais, com o Sistema S, com a ACIG, CDL, enfim, com todo o setor produtivo, com as nossas institui\u00e7\u00f5es de ensino, pois entendemos que somente unindo for\u00e7as \u00e9 que teremos \u00eaxito nos nossos projetos\u201d, citou.&nbsp;&nbsp;<\/p>\n\n\n\n<p><strong>Outras \u00e1reas<\/strong><\/p>\n\n\n\n<p>A Prefeita destacou in\u00fameros avan\u00e7os em diversas \u00e1reas do munic\u00edpio, como investimentos na Educa\u00e7\u00e3o; Sa\u00fade; Infraestrutura; Assist\u00eancia Social; Tr\u00e2nsito; Cultura e Turismo; Finan\u00e7as; Universidade de Gurupi \u2013 UnirG; Juventude e Esportes; e Desenvolvimento Econ\u00f4mico. A apresenta\u00e7\u00e3o pode ser assistida pelo canal da C\u00e2mara de Gurupi no YouTube <strong>(Clique\u00a0<a rel=\"noreferrer noopener\" href=\"https:\/\/www.youtube.com\/live\/nMVlV3p4zro?feature=share\" target=\"_blank\">aqui<\/a>).<\/strong><\/p>\n\n\n\n<figure class=\"wp-block-gallery has-nested-images columns-default is-cropped wp-block-gallery-1 is-layout-flex wp-block-gallery-is-layout-flex\">\n<figure class=\"wp-block-image size-large\"><img loading=\"lazy\" decoding=\"async\" width=\"683\" height=\"453\" data-id=\"3850\" src=\"https:\/\/focotocantinense.com.br\/wp-content\/uploads\/2023\/02\/JOSI.jpg\" alt=\"\" class=\"wp-image-3850\" srcset=\"https:\/\/focotocantinense.com.br\/wp-content\/uploads\/2023\/02\/JOSI.jpg 683w, https:\/\/focotocantinense.com.br\/wp-content\/uploads\/2023\/02\/JOSI-300x199.jpg 300w, https:\/\/focotocantinense.com.br\/wp-content\/uploads\/2023\/02\/JOSI-310x205.jpg 310w\" sizes=\"auto, (max-width: 683px) 100vw, 683px\" \/><\/figure>\n<\/figure>\n\n\n\n<figure class=\"wp-block-image\"><img decoding=\"async\" src=\"http:\/\/n1to.com.br\/img\/uploads\/veloso_banner_98.jpeg\" alt=\"\"\/><\/figure>\n\n\n\n<figure class=\"wp-block-image size-full is-resized\"><img loading=\"lazy\" decoding=\"async\" src=\"https:\/\/focotocantinense.com.br\/wp-content\/uploads\/2023\/02\/image-2.png\" alt=\"\" class=\"wp-image-3853\" width=\"845\" height=\"623\" srcset=\"https:\/\/focotocantinense.com.br\/wp-content\/uploads\/2023\/02\/image-2.png 380w, https:\/\/focotocantinense.com.br\/wp-content\/uploads\/2023\/02\/image-2-300x221.png 300w\" sizes=\"auto, (max-width: 845px) 100vw, 845px\" \/><\/figure>\n","protected":false},"excerpt":{"rendered":"<p>Refor\u00e7ando a parceria e a harmonia entre os poderes Executivo e Legislativo Municipais, a prefeita de Gurupi, Josi Nunes, participou da sess\u00e3o especial na C\u00e2mara Municipal para a abertura do ano legislativo, na manh\u00e3 desta quinta-feira, 09. Na oportunidade, apresentou as principais conquistas da gest\u00e3o no \u00faltimo bi\u00eanio e os projetos que ser\u00e3o realizados nos &hellip;<\/p>\n","protected":false},"author":5,"featured_media":3850,"comment_status":"open","ping_status":"open","sticky":false,"template":"","format":"standard","meta":{"footnotes":""},"categories":[38],"tags":[],"class_list":["post-3849","post","type-post","status-publish","format-standard","has-post-thumbnail","","category-gurupi"],"_links":{"self":[{"href":"https:\/\/focotocantinense.com.br\/index.php?rest_route=\/wp\/v2\/posts\/3849","targetHints":{"allow":["GET"]}}],"collection":[{"href":"https:\/\/focotocantinense.com.br\/index.php?rest_route=\/wp\/v2\/posts"}],"about":[{"href":"https:\/\/focotocantinense.com.br\/index.php?rest_route=\/wp\/v2\/types\/post"}],"author":[{"embeddable":true,"href":"https:\/\/focotocantinense.com.br\/index.php?rest_route=\/wp\/v2\/users\/5"}],"replies":[{"embeddable":true,"href":"https:\/\/focotocantinense.com.br\/index.php?rest_route=%2Fwp%2Fv2%2Fcomments&post=3849"}],"version-history":[{"count":2,"href":"https:\/\/focotocantinense.com.br\/index.php?rest_route=\/wp\/v2\/posts\/3849\/revisions"}],"predecessor-version":[{"id":3854,"href":"https:\/\/focotocantinense.com.br\/index.php?rest_route=\/wp\/v2\/posts\/3849\/revisions\/3854"}],"wp:featuredmedia":[{"embeddable":true,"href":"https:\/\/focotocantinense.com.br\/index.php?rest_route=\/wp\/v2\/media\/3850"}],"wp:attachment":[{"href":"https:\/\/focotocantinense.com.br\/index.php?rest_route=%2Fwp%2Fv2%2Fmedia&parent=3849"}],"wp:term":[{"taxonomy":"category","embeddable":true,"href":"https:\/\/focotocantinense.com.br\/index.php?rest_route=%2Fwp%2Fv2%2Fcategories&post=3849"},{"taxonomy":"post_tag","embeddable":true,"href":"https:\/\/focotocantinense.com.br\/index.php?rest_route=%2Fwp%2Fv2%2Ftags&post=3849"}],"curies":[{"name":"wp","href":"https:\/\/api.w.org\/{rel}","templated":true}]}}