{"id":3844,"date":"2023-02-09T20:12:46","date_gmt":"2023-02-09T23:12:46","guid":{"rendered":"https:\/\/focotocantinense.com.br\/?p=3844"},"modified":"2023-02-09T20:13:25","modified_gmt":"2023-02-09T23:13:25","slug":"antonio-andrade-recebe-comitiva-de-porto-nacional-coloca-gabinete-a-disposicao-e-reafirma-apoio-a-emancipacao-de-luzimangues","status":"publish","type":"post","link":"https:\/\/focotocantinense.com.br\/?p=3844","title":{"rendered":"Antonio Andrade recebe comitiva de Porto Nacional, coloca gabinete \u00e0 disposi\u00e7\u00e3o e reafirma apoio \u00e0 emancipa\u00e7\u00e3o de Luzimangues"},"content":{"rendered":"\n<p>Em Bras\u00edlia no seu gabinete, o deputado federal Antonio Andrade (Republicanos-TO) recebeu, nesta quarta-feira, 8 de fevereiro, uma comitiva de Porto Nacional, sua cidade natal. Liderada pelo prefeito da cidade Ronivon Maciel e pelo vice-prefeito Joaquim do Luzimangues, a comitiva tamb\u00e9m era composta por v\u00e1rios vereadores da cidade, al\u00e9m de auxiliares diretos da gest\u00e3o municipal.<\/p>\n\n\n\n<p>Antonio Andrade assegurou que Porto Nacional ter\u00e1 apoio total do seu mandato e um trabalho forte, dedicado a melhorar a qualidade de vida das pessoas que mais precisam. \u201cEstamos aqui hoje abrindo as portas do nosso gabinete, colocando \u00e0 disposi\u00e7\u00e3o da nossa comunidade de Porto Nacional, sem diverg\u00eancia pol\u00edtica nenhuma. N\u00f3s temos que trabalhar pela nossa cidade, temos que nos preocupar com aquelas pessoas que precisam do poder p\u00fablico municipal e eu quero me aliar ao prefeito, ao vice-prefeito e aos meus colegas vereadores para que a gente possa fazer uma gest\u00e3o diferente, ajudando as pessoas menos favorecidas do nosso munic\u00edpio\u201d, frisou o deputado.<\/p>\n\n\n\n<p>O prefeito elogiou a postura e o compromisso do deputado, destacando a hist\u00f3ria do parlamentar. Segundo Ronivon, Ant\u00f4nio Andrade sempre serviu o Tocantins de forma muito positiva. \u201cN\u00f3s sabemos do carinho, do compromisso que o deputado federal tem com o Porto Nacional. E viemos aqui justamente refor\u00e7ar isso. Ent\u00e3o, deputado, quero desejar ao senhor boa sorte! Que Deus aben\u00e7oe, d\u00ea muita sabedoria e que o senhor possa fazer aquilo que sempre fez para o Tocantins, que poder servir ao nosso povo. Fico muito feliz e muito honrado de poder estar aqui ao seu lado e poder levar essa mensagem positiva para a nossa popula\u00e7\u00e3o de Porto Nacional\u201d, destacou o prefeito.<\/p>\n\n\n\n<p><strong>Refor\u00e7o \u00e0 causa de Luzimangues<\/strong><\/p>\n\n\n\n<p>A pedido do vice-prefeito Joaquim, Ant\u00f4nio Andrade refor\u00e7ou o apoio \u00e0 emancipa\u00e7\u00e3o de Luzimangues, distrito de Porto Nacional, mas localizado a quase 90 quil\u00f4metros da cidade. \u201cComo presidente da Assembleia eu j\u00e1 falava que \u00e9 uma das pautas que eu queria participar e fazer. E hoje como deputado federal voc\u00eas podem ter certeza que a fala \u00e9 a mesma! Quero, sim, participar desse momento da emancipa\u00e7\u00e3o porque realmente Luzimangues merece e a popula\u00e7\u00e3o de l\u00e1 tamb\u00e9m merece. Pode contar com o meu apoio\u201d, finalizou o congressista.<\/p>\n\n\n\n<figure class=\"wp-block-gallery has-nested-images columns-default is-cropped wp-block-gallery-1 is-layout-flex wp-block-gallery-is-layout-flex\">\n<figure class=\"wp-block-image size-large\"><img loading=\"lazy\" decoding=\"async\" width=\"1000\" height=\"750\" data-id=\"3847\" src=\"https:\/\/focotocantinense.com.br\/wp-content\/uploads\/2023\/02\/zzzzzzz-1.jpg\" alt=\"\" class=\"wp-image-3847\" srcset=\"https:\/\/focotocantinense.com.br\/wp-content\/uploads\/2023\/02\/zzzzzzz-1.jpg 1000w, https:\/\/focotocantinense.com.br\/wp-content\/uploads\/2023\/02\/zzzzzzz-1-300x225.jpg 300w, https:\/\/focotocantinense.com.br\/wp-content\/uploads\/2023\/02\/zzzzzzz-1-768x576.jpg 768w\" sizes=\"auto, (max-width: 1000px) 100vw, 1000px\" \/><\/figure>\n<\/figure>\n\n\n\n<figure class=\"wp-block-image\"><img decoding=\"async\" src=\"http:\/\/n1to.com.br\/img\/uploads\/veloso_banner_98.jpeg\" alt=\"\"\/><\/figure>\n\n\n\n<figure class=\"wp-block-image is-resized\"><a href=\"https:\/\/www.instagram.com\/mutucacast\/\" target=\"_blank\" rel=\"noreferrer noopener\"><img loading=\"lazy\" decoding=\"async\" src=\"https:\/\/www.n1to.com.br\/img\/cache\/380x280\/80\/crop\/Imagem-e7214b7e48a41e43e545ec7063ee81e8.jpeg\" alt=\"\" width=\"838\" height=\"617\" title=\"MUTUCA CAST\"\/><\/a><\/figure>\n","protected":false},"excerpt":{"rendered":"<p>Em Bras\u00edlia no seu gabinete, o deputado federal Antonio Andrade (Republicanos-TO) recebeu, nesta quarta-feira, 8 de fevereiro, uma comitiva de Porto Nacional, sua cidade natal. Liderada pelo prefeito da cidade Ronivon Maciel e pelo vice-prefeito Joaquim do Luzimangues, a comitiva tamb\u00e9m era composta por v\u00e1rios vereadores da cidade, al\u00e9m de auxiliares diretos da gest\u00e3o municipal. &hellip;<\/p>\n","protected":false},"author":5,"featured_media":3845,"comment_status":"open","ping_status":"open","sticky":false,"template":"","format":"standard","meta":{"footnotes":""},"categories":[40],"tags":[],"class_list":["post-3844","post","type-post","status-publish","format-standard","has-post-thumbnail","","category-politica"],"_links":{"self":[{"href":"https:\/\/focotocantinense.com.br\/index.php?rest_route=\/wp\/v2\/posts\/3844","targetHints":{"allow":["GET"]}}],"collection":[{"href":"https:\/\/focotocantinense.com.br\/index.php?rest_route=\/wp\/v2\/posts"}],"about":[{"href":"https:\/\/focotocantinense.com.br\/index.php?rest_route=\/wp\/v2\/types\/post"}],"author":[{"embeddable":true,"href":"https:\/\/focotocantinense.com.br\/index.php?rest_route=\/wp\/v2\/users\/5"}],"replies":[{"embeddable":true,"href":"https:\/\/focotocantinense.com.br\/index.php?rest_route=%2Fwp%2Fv2%2Fcomments&post=3844"}],"version-history":[{"count":2,"href":"https:\/\/focotocantinense.com.br\/index.php?rest_route=\/wp\/v2\/posts\/3844\/revisions"}],"predecessor-version":[{"id":3848,"href":"https:\/\/focotocantinense.com.br\/index.php?rest_route=\/wp\/v2\/posts\/3844\/revisions\/3848"}],"wp:featuredmedia":[{"embeddable":true,"href":"https:\/\/focotocantinense.com.br\/index.php?rest_route=\/wp\/v2\/media\/3845"}],"wp:attachment":[{"href":"https:\/\/focotocantinense.com.br\/index.php?rest_route=%2Fwp%2Fv2%2Fmedia&parent=3844"}],"wp:term":[{"taxonomy":"category","embeddable":true,"href":"https:\/\/focotocantinense.com.br\/index.php?rest_route=%2Fwp%2Fv2%2Fcategories&post=3844"},{"taxonomy":"post_tag","embeddable":true,"href":"https:\/\/focotocantinense.com.br\/index.php?rest_route=%2Fwp%2Fv2%2Ftags&post=3844"}],"curies":[{"name":"wp","href":"https:\/\/api.w.org\/{rel}","templated":true}]}}