{"id":3839,"date":"2023-02-09T15:20:26","date_gmt":"2023-02-09T18:20:26","guid":{"rendered":"https:\/\/focotocantinense.com.br\/?p=3839"},"modified":"2023-02-10T17:00:13","modified_gmt":"2023-02-10T20:00:13","slug":"prefeitura-de-tocantinia-implanta-projetos-de-inteligencia-para-rede-municipal-de-educacao","status":"publish","type":"post","link":"https:\/\/focotocantinense.com.br\/?p=3839","title":{"rendered":"Prefeitura de Tocant\u00ednia implanta projetos de intelig\u00eancia para Rede Municipal de Educa\u00e7\u00e3o"},"content":{"rendered":"\n<p><strong>Por Zacarias Martins<\/strong><\/p>\n\n\n\n<p>A Prefeitura de Tocant\u00ednia, por meio da Secretaria Municipal de Educa\u00e7\u00e3o (Semed), realizou na noite desta quarta-feira, dia 8, no audit\u00f3rio do Col\u00e9gio Batista, a entrega dos materiais do Projeto \u201cAprova Brasil\u201d. A entrega foi feita aos gestores e professores municipais, marcando o in\u00edcio da distribui\u00e7\u00e3o em toda Rede Municipal de Educa\u00e7\u00e3o Fundamental.<\/p>\n\n\n\n<p>Ambos os programas t\u00eam por finalidade dar suporte pedag\u00f3gico aos professores em sala de aula para alunos do 1\u00b0 ao 5\u00ba ano. A aquisi\u00e7\u00e3o desses recursos propicia melhorar ainda mais o ensino municipal, e atende plenamente as metas estabelecidas no Plano Municipal de Educa\u00e7\u00e3o (PME), na busca da eleva\u00e7\u00e3o dos \u00edndices externos, como o \u00cdndice de Desenvolvimento da Educa\u00e7\u00e3o B\u00e1sica (IDEB).<\/p>\n\n\n\n<p>O prefeito de Tocant\u00ednia, Manoel Silvino (SD), afirmou que a aquisi\u00e7\u00e3o desses recursos did\u00e1ticos-pedag\u00f3gicos mostra para a comunidade o zelo com a Educa\u00e7\u00e3o no munic\u00edpio, al\u00e9m da&nbsp; &nbsp;responsabilidade da gest\u00e3o municipal para com a melhoria do ensino. \u201cEntendemos que em momento algum a Educa\u00e7\u00e3o \u00e9 um gasto, mas sim, um importante investimento que render\u00e1 resultados significativos para a melhoria da qualidade do ensino p\u00fablico\u201d, destacou.<\/p>\n\n\n\n<p><strong>Presen\u00e7as<\/strong><\/p>\n\n\n\n<p>Participaram da solenidade, o vice-prefeito,&nbsp; Jo\u00e3o Alberto Coelho Machado, Rosinha Louzeiro coordenadora do SET Brasil e&nbsp; Vagner Pereira coordenador o Aprova Brasil, &nbsp;Mariana Neta, Doutora&nbsp; em Educa\u00e7\u00e3o e Raylani Silva, &nbsp;consultoras das Solu\u00e7\u00f5es Moderna, dentre outras autoridades, gestores municipais, coordenadores pedag\u00f3gicos, professores, alunos e pais.<\/p>\n\n\n\n<p><strong>Suporte pedag\u00f3gico<\/strong><\/p>\n\n\n\n<p>O secret\u00e1rio de Educa\u00e7\u00e3o de Tocant\u00ednia, professor Andr\u00e9 Goveia esclareceu que os Programas Aprova Brasil &nbsp;e o SET Brasil t\u00eam como objetivo auxiliar professores e gestores no desenvolvimento de habilidades e compet\u00eancias exigidas nas avalia\u00e7\u00f5es oficiais do SAEB (conhecidas como Prova Brasil) para os segmentos de Ensino Fundamental. Os livros tamb\u00e9m servir\u00e3o como material de apoio no processo de refor\u00e7o e recupera\u00e7\u00e3o dos alunos, para minimizar os impactos da pandemia na aprendizagem das crian\u00e7as.&nbsp;<\/p>\n\n\n\n<p>\u201cO Aprova Brasil \u00e9 composto de volumes de L\u00edngua Portuguesa e Matem\u00e1tica para cada ano do Ensino Fundamental. Os livros possuem um conjunto de li\u00e7\u00f5es, que desenvolvem as habilidades e um conjunto de simulados que, al\u00e9m de familiarizar os alunos com os modelos das avalia\u00e7\u00f5es oficiais do SAEB, trazem informa\u00e7\u00f5es relevantes sobre sua aprendizagem\u201d, pontuou &nbsp;o professor Andr\u00e9 Goveia.<\/p>\n\n\n\n<p><strong>Enriquecimento da aprendizagem<\/strong><\/p>\n\n\n\n<p>Na ocasi\u00e3o, o vice-prefeito, Jo\u00e3o Alberto Coelho Machado, ressaltou a import\u00e2ncia desses materiais na aprendizagem das crian\u00e7as. \u201cOs materiais dos Projetos Aprova Brasil e SET Brasil &nbsp;v\u00e3o enriquecer o processo de ensino e aprendizagem, contribuindo para o desenvolvimento das crian\u00e7as e auxiliando os professores no processo pedag\u00f3gico da Rede Municipal de Educa\u00e7\u00e3o de Tocant\u00ednia\u201d, finalizou.<\/p>\n\n\n\n<figure class=\"wp-block-image is-resized\"><img loading=\"lazy\" decoding=\"async\" src=\"http:\/\/n1to.com.br\/img\/uploads\/BBB_31.jpg\" alt=\"\" width=\"702\" height=\"475\"\/><\/figure>\n\n\n\n<figure class=\"wp-block-image\"><img decoding=\"async\" src=\"http:\/\/n1to.com.br\/img\/uploads\/CCC_17.jpg\" alt=\"\"\/><\/figure>\n\n\n\n<figure class=\"wp-block-image size-full is-resized\"><img loading=\"lazy\" decoding=\"async\" src=\"https:\/\/focotocantinense.com.br\/wp-content\/uploads\/2023\/02\/2-wilma.jpg\" alt=\"\" class=\"wp-image-3842\" width=\"699\" height=\"393\" srcset=\"https:\/\/focotocantinense.com.br\/wp-content\/uploads\/2023\/02\/2-wilma.jpg 1024w, https:\/\/focotocantinense.com.br\/wp-content\/uploads\/2023\/02\/2-wilma-300x169.jpg 300w, https:\/\/focotocantinense.com.br\/wp-content\/uploads\/2023\/02\/2-wilma-768x432.jpg 768w\" sizes=\"auto, (max-width: 699px) 100vw, 699px\" \/><\/figure>\n\n\n\n<figure class=\"wp-block-image size-full is-resized\"><img loading=\"lazy\" decoding=\"async\" src=\"https:\/\/focotocantinense.com.br\/wp-content\/uploads\/2023\/02\/image-4.png\" alt=\"\" class=\"wp-image-3861\" width=\"716\" height=\"318\" srcset=\"https:\/\/focotocantinense.com.br\/wp-content\/uploads\/2023\/02\/image-4.png 380w, https:\/\/focotocantinense.com.br\/wp-content\/uploads\/2023\/02\/image-4-300x133.png 300w\" sizes=\"auto, (max-width: 716px) 100vw, 716px\" \/><\/figure>\n","protected":false},"excerpt":{"rendered":"<p>Por Zacarias Martins A Prefeitura de Tocant\u00ednia, por meio da Secretaria Municipal de Educa\u00e7\u00e3o (Semed), realizou na noite desta quarta-feira, dia 8, no audit\u00f3rio do Col\u00e9gio Batista, a entrega dos materiais do Projeto \u201cAprova Brasil\u201d. A entrega foi feita aos gestores e professores municipais, marcando o in\u00edcio da distribui\u00e7\u00e3o em toda Rede Municipal de Educa\u00e7\u00e3o &hellip;<\/p>\n","protected":false},"author":5,"featured_media":3840,"comment_status":"open","ping_status":"open","sticky":false,"template":"","format":"standard","meta":{"footnotes":""},"categories":[78],"tags":[],"class_list":["post-3839","post","type-post","status-publish","format-standard","has-post-thumbnail","","category-tocantinia"],"_links":{"self":[{"href":"https:\/\/focotocantinense.com.br\/index.php?rest_route=\/wp\/v2\/posts\/3839","targetHints":{"allow":["GET"]}}],"collection":[{"href":"https:\/\/focotocantinense.com.br\/index.php?rest_route=\/wp\/v2\/posts"}],"about":[{"href":"https:\/\/focotocantinense.com.br\/index.php?rest_route=\/wp\/v2\/types\/post"}],"author":[{"embeddable":true,"href":"https:\/\/focotocantinense.com.br\/index.php?rest_route=\/wp\/v2\/users\/5"}],"replies":[{"embeddable":true,"href":"https:\/\/focotocantinense.com.br\/index.php?rest_route=%2Fwp%2Fv2%2Fcomments&post=3839"}],"version-history":[{"count":3,"href":"https:\/\/focotocantinense.com.br\/index.php?rest_route=\/wp\/v2\/posts\/3839\/revisions"}],"predecessor-version":[{"id":3862,"href":"https:\/\/focotocantinense.com.br\/index.php?rest_route=\/wp\/v2\/posts\/3839\/revisions\/3862"}],"wp:featuredmedia":[{"embeddable":true,"href":"https:\/\/focotocantinense.com.br\/index.php?rest_route=\/wp\/v2\/media\/3840"}],"wp:attachment":[{"href":"https:\/\/focotocantinense.com.br\/index.php?rest_route=%2Fwp%2Fv2%2Fmedia&parent=3839"}],"wp:term":[{"taxonomy":"category","embeddable":true,"href":"https:\/\/focotocantinense.com.br\/index.php?rest_route=%2Fwp%2Fv2%2Fcategories&post=3839"},{"taxonomy":"post_tag","embeddable":true,"href":"https:\/\/focotocantinense.com.br\/index.php?rest_route=%2Fwp%2Fv2%2Ftags&post=3839"}],"curies":[{"name":"wp","href":"https:\/\/api.w.org\/{rel}","templated":true}]}}