{"id":3836,"date":"2023-02-08T21:42:17","date_gmt":"2023-02-09T00:42:17","guid":{"rendered":"https:\/\/focotocantinense.com.br\/?p=3836"},"modified":"2023-02-08T21:42:17","modified_gmt":"2023-02-09T00:42:17","slug":"escolas-municipais-de-gurupi-recebem-equipamentos-do-programa-to-ligado-do-governo-do-estado","status":"publish","type":"post","link":"https:\/\/focotocantinense.com.br\/?p=3836","title":{"rendered":"Escolas municipais de Gurupi recebem equipamentos do programa TO Ligado do Governo do Estado"},"content":{"rendered":"\n<p><br><br>A prefeita Josi Nunes junto com o secret\u00e1rio municipal da educa\u00e7\u00e3o, Professor Davi Abrantes participaram da entrega solene dos equipamentos tecnol\u00f3gicos que fazem parte do programa T\u00f4 Ligado do Governo do Estado. O evento aconteceu nesta quarta-feira, 8, no audit\u00f3rio do Col\u00e9gio Estadual Bom Jesus, no centro de Gurupi, com a presen\u00e7a do governador do estado, Wanderlei Barbosa, do vice-governador Laurez Moreira e do secret\u00e1rio estadual de educa\u00e7\u00e3o, F\u00e1bio Vaz.<\/p>\n\n\n\n<p><br>Ainda na solenidade foi realizada a entrega simb\u00f3lica dos equipamentos e assinado um termo de recebimento. A rede municipal de ensino de Gurupi foi contemplada com 153 equipamentos (chromebooks, notebooks, access point, carrinho de recarga e switch de 24 portas) que v\u00e3o atender oito escolas que fazem parte do programa. \u201cIsso \u00e9 importante porque hoje com o avan\u00e7o tecnol\u00f3gico a nossa educa\u00e7\u00e3o necessita desses instrumentos. Hoje com toda inova\u00e7\u00e3o que n\u00f3s temos esses equipamentos s\u00e3o important\u00edssimos para o ensino-aprendizagem. Queremos parabenizar por essa parceria com o Governador Wanderley Barbosa, o vice-governador Laurez Moreira e a integra\u00e7\u00e3o com as secretarias da educa\u00e7\u00e3o do estado e munic\u00edpio\u201d, disse a Prefeita.<\/p>\n\n\n\n<p><br>Durante o discurso, o governador do estado falou que o projeto de educa\u00e7\u00e3o do governo passa pela modernidade das escolas, aparelhamentos das unidades e fortalecimentos dos professores. \u201cVamos continuar reformando escolas, comprando tecnologias e cuidando dos nossos professores. Queremos melhorar os indicadores da educa\u00e7\u00e3o que s\u00e3o importantes para o ensino tocantinense\u201d.<\/p>\n\n\n\n<p><br>O secret\u00e1rio da educa\u00e7\u00e3o de Gurupi, Professor Davi Abrantes, explicou que essas unidades que receberam os equipamentos ganham um refor\u00e7o a mais no trabalho j\u00e1 desenvolvido em sala de aula. \u201cA tecnologia hoje \u00e9 uma grande aliada no processo ensino-aprendizagem. Por isso, tamb\u00e9m temos investido na compra de novos computadores, montando laborat\u00f3rios de inform\u00e1tica, para facilitar o acesso dos alunos \u00e0 tecnologia. E receber hoje esses equipamentos significa um trabalho do governo do estado alinhado ao mesmo objetivo que temos aqui em nosso munic\u00edpio, que \u00e9 fazer uma educa\u00e7\u00e3o de qualidade!\u201d, disse.<\/p>\n\n\n\n<p><br>Uma das unidades contempladas na rede municipal de ensino foi a\u00a0<strong>Escola Municipal Agripino de Sousa Galv\u00e3o<\/strong>, que atende alunos da educa\u00e7\u00e3o infantil e fundamental do 1\u00ba ao 5\u00ba ano. Segundo a diretora da unidade, Ana L\u00facia Asevedo, a chegada desses equipamentos s\u00f3 tem a somar com o trabalho desenvolvido em sala de aula. \u201cEsses instrumentos proporcionam ao professor novas ferramentas de trabalho e para os alunos uma din\u00e2mica mais interessante. Agregando as atividades de sala com as atividades do dia a dia, a gente vai ter um aluno muito mais bem estruturado e formado pra tudo que a gente est\u00e1 pensando e projetando para a vida dele. S\u00e3o equipamentos de grande utilidade, de boa qualidade, que ser\u00e3o utilizados em prol da aprendizagem deles.\u201d<\/p>\n\n\n\n<figure class=\"wp-block-image size-full\"><img loading=\"lazy\" decoding=\"async\" width=\"675\" height=\"457\" src=\"https:\/\/focotocantinense.com.br\/wp-content\/uploads\/2023\/02\/VVVVVVV.jpg\" alt=\"\" class=\"wp-image-3837\" srcset=\"https:\/\/focotocantinense.com.br\/wp-content\/uploads\/2023\/02\/VVVVVVV.jpg 675w, https:\/\/focotocantinense.com.br\/wp-content\/uploads\/2023\/02\/VVVVVVV-300x203.jpg 300w, https:\/\/focotocantinense.com.br\/wp-content\/uploads\/2023\/02\/VVVVVVV-110x75.jpg 110w\" sizes=\"auto, (max-width: 675px) 100vw, 675px\" \/><\/figure>\n","protected":false},"excerpt":{"rendered":"<p>A prefeita Josi Nunes junto com o secret\u00e1rio municipal da educa\u00e7\u00e3o, Professor Davi Abrantes participaram da entrega solene dos equipamentos tecnol\u00f3gicos que fazem parte do programa T\u00f4 Ligado do Governo do Estado. O evento aconteceu nesta quarta-feira, 8, no audit\u00f3rio do Col\u00e9gio Estadual Bom Jesus, no centro de Gurupi, com a presen\u00e7a do governador do &hellip;<\/p>\n","protected":false},"author":5,"featured_media":3837,"comment_status":"open","ping_status":"open","sticky":false,"template":"","format":"standard","meta":{"footnotes":""},"categories":[38],"tags":[],"class_list":["post-3836","post","type-post","status-publish","format-standard","has-post-thumbnail","","category-gurupi"],"_links":{"self":[{"href":"https:\/\/focotocantinense.com.br\/index.php?rest_route=\/wp\/v2\/posts\/3836","targetHints":{"allow":["GET"]}}],"collection":[{"href":"https:\/\/focotocantinense.com.br\/index.php?rest_route=\/wp\/v2\/posts"}],"about":[{"href":"https:\/\/focotocantinense.com.br\/index.php?rest_route=\/wp\/v2\/types\/post"}],"author":[{"embeddable":true,"href":"https:\/\/focotocantinense.com.br\/index.php?rest_route=\/wp\/v2\/users\/5"}],"replies":[{"embeddable":true,"href":"https:\/\/focotocantinense.com.br\/index.php?rest_route=%2Fwp%2Fv2%2Fcomments&post=3836"}],"version-history":[{"count":1,"href":"https:\/\/focotocantinense.com.br\/index.php?rest_route=\/wp\/v2\/posts\/3836\/revisions"}],"predecessor-version":[{"id":3838,"href":"https:\/\/focotocantinense.com.br\/index.php?rest_route=\/wp\/v2\/posts\/3836\/revisions\/3838"}],"wp:featuredmedia":[{"embeddable":true,"href":"https:\/\/focotocantinense.com.br\/index.php?rest_route=\/wp\/v2\/media\/3837"}],"wp:attachment":[{"href":"https:\/\/focotocantinense.com.br\/index.php?rest_route=%2Fwp%2Fv2%2Fmedia&parent=3836"}],"wp:term":[{"taxonomy":"category","embeddable":true,"href":"https:\/\/focotocantinense.com.br\/index.php?rest_route=%2Fwp%2Fv2%2Fcategories&post=3836"},{"taxonomy":"post_tag","embeddable":true,"href":"https:\/\/focotocantinense.com.br\/index.php?rest_route=%2Fwp%2Fv2%2Ftags&post=3836"}],"curies":[{"name":"wp","href":"https:\/\/api.w.org\/{rel}","templated":true}]}}