{"id":3830,"date":"2023-02-08T21:24:33","date_gmt":"2023-02-09T00:24:33","guid":{"rendered":"https:\/\/focotocantinense.com.br\/?p=3830"},"modified":"2023-02-10T17:00:51","modified_gmt":"2023-02-10T20:00:51","slug":"vereador-delegado-tiago-daniel-propoe-a-construcao-de-um-novo-cemiterio-em-tocantinopolis","status":"publish","type":"post","link":"https:\/\/focotocantinense.com.br\/?p=3830","title":{"rendered":"Vereador Delegado Tiago Daniel prop\u00f5e a constru\u00e7\u00e3o de um novo cemit\u00e9rio em Tocantin\u00f3polis"},"content":{"rendered":"\n<p><\/p>\n\n\n\n<p><strong>Por Zacarias Martins<\/strong><\/p>\n\n\n\n<p>A C\u00e2mara Municipal de Tocantin\u00f3polis aprovou o requerimento de autoria do vereador Delegado Tiago Daniel (PTB), onde prop\u00f5e ao prefeito Paulo Gomes de Souza para que determine a realiza\u00e7\u00e3o de &nbsp;&nbsp;estudo de viabilidade visando constru\u00e7\u00e3o de novo cemit\u00e9rio da cidade.<\/p>\n\n\n\n<p>De acordo com&nbsp; o parlamentar, tal solicita\u00e7\u00e3o se faz necess\u00e1ria, tendo em vista que o atual cemit\u00e9rio de Tocantin\u00f3polis est\u00e1 praticamente no seu limite de espa\u00e7o, o que requer medidas urgentes e imprescind\u00edveis para que se evite transtorno num futuro pr\u00f3ximo, especialmente num momento de dor, quando algu\u00e9m precisar enterrar seu ente querido<\/p>\n\n\n\n<p>E n\u00e3o foi s\u00f3 isso. Delegado Tiago Daniel defende, ainda, que o novo cemit\u00e9rio a ser constru\u00eddo, seja contemplado com um local apropriado para se realizar procedimentos de aut\u00f3psias em cad\u00e1veres, especialmente, aqueles que que se encontram em estado avan\u00e7ado de putrefa\u00e7\u00e3o. &nbsp;A falta &nbsp;de um local apropriado para&nbsp; a realiza\u00e7\u00e3o &nbsp;de aut\u00f3psias em cad\u00e1veres &nbsp;t\u00eam dificultado muito o trabalho dos legistas&nbsp;&nbsp; que atuam em Tocantin\u00f3polis, argumentou o vereador.<\/p>\n\n\n\n<figure class=\"wp-block-image size-large\"><img loading=\"lazy\" decoding=\"async\" width=\"1024\" height=\"682\" src=\"https:\/\/focotocantinense.com.br\/wp-content\/uploads\/2023\/02\/Dr.-Tiago-Daniel-de-Moraes-Vereador-1024x682.jpg\" alt=\"\" class=\"wp-image-3834\" srcset=\"https:\/\/focotocantinense.com.br\/wp-content\/uploads\/2023\/02\/Dr.-Tiago-Daniel-de-Moraes-Vereador-1024x682.jpg 1024w, https:\/\/focotocantinense.com.br\/wp-content\/uploads\/2023\/02\/Dr.-Tiago-Daniel-de-Moraes-Vereador-300x200.jpg 300w, https:\/\/focotocantinense.com.br\/wp-content\/uploads\/2023\/02\/Dr.-Tiago-Daniel-de-Moraes-Vereador-768x511.jpg 768w, https:\/\/focotocantinense.com.br\/wp-content\/uploads\/2023\/02\/Dr.-Tiago-Daniel-de-Moraes-Vereador-310x205.jpg 310w, https:\/\/focotocantinense.com.br\/wp-content\/uploads\/2023\/02\/Dr.-Tiago-Daniel-de-Moraes-Vereador.jpg 1194w\" sizes=\"auto, (max-width: 1024px) 100vw, 1024px\" \/><\/figure>\n\n\n\n<figure class=\"wp-block-image size-full is-resized is-style-default\"><img loading=\"lazy\" decoding=\"async\" src=\"https:\/\/focotocantinense.com.br\/wp-content\/uploads\/2023\/02\/image-5.png\" alt=\"\" class=\"wp-image-3863\" width=\"848\" height=\"377\" srcset=\"https:\/\/focotocantinense.com.br\/wp-content\/uploads\/2023\/02\/image-5.png 380w, https:\/\/focotocantinense.com.br\/wp-content\/uploads\/2023\/02\/image-5-300x133.png 300w\" sizes=\"auto, (max-width: 848px) 100vw, 848px\" \/><\/figure>\n","protected":false},"excerpt":{"rendered":"<p>Por Zacarias Martins A C\u00e2mara Municipal de Tocantin\u00f3polis aprovou o requerimento de autoria do vereador Delegado Tiago Daniel (PTB), onde prop\u00f5e ao prefeito Paulo Gomes de Souza para que determine a realiza\u00e7\u00e3o de &nbsp;&nbsp;estudo de viabilidade visando constru\u00e7\u00e3o de novo cemit\u00e9rio da cidade. De acordo com&nbsp; o parlamentar, tal solicita\u00e7\u00e3o se faz necess\u00e1ria, tendo em &hellip;<\/p>\n","protected":false},"author":5,"featured_media":3831,"comment_status":"open","ping_status":"open","sticky":false,"template":"","format":"standard","meta":{"footnotes":""},"categories":[87],"tags":[],"class_list":["post-3830","post","type-post","status-publish","format-standard","has-post-thumbnail","","category-tocantinopolis"],"_links":{"self":[{"href":"https:\/\/focotocantinense.com.br\/index.php?rest_route=\/wp\/v2\/posts\/3830","targetHints":{"allow":["GET"]}}],"collection":[{"href":"https:\/\/focotocantinense.com.br\/index.php?rest_route=\/wp\/v2\/posts"}],"about":[{"href":"https:\/\/focotocantinense.com.br\/index.php?rest_route=\/wp\/v2\/types\/post"}],"author":[{"embeddable":true,"href":"https:\/\/focotocantinense.com.br\/index.php?rest_route=\/wp\/v2\/users\/5"}],"replies":[{"embeddable":true,"href":"https:\/\/focotocantinense.com.br\/index.php?rest_route=%2Fwp%2Fv2%2Fcomments&post=3830"}],"version-history":[{"count":3,"href":"https:\/\/focotocantinense.com.br\/index.php?rest_route=\/wp\/v2\/posts\/3830\/revisions"}],"predecessor-version":[{"id":3864,"href":"https:\/\/focotocantinense.com.br\/index.php?rest_route=\/wp\/v2\/posts\/3830\/revisions\/3864"}],"wp:featuredmedia":[{"embeddable":true,"href":"https:\/\/focotocantinense.com.br\/index.php?rest_route=\/wp\/v2\/media\/3831"}],"wp:attachment":[{"href":"https:\/\/focotocantinense.com.br\/index.php?rest_route=%2Fwp%2Fv2%2Fmedia&parent=3830"}],"wp:term":[{"taxonomy":"category","embeddable":true,"href":"https:\/\/focotocantinense.com.br\/index.php?rest_route=%2Fwp%2Fv2%2Fcategories&post=3830"},{"taxonomy":"post_tag","embeddable":true,"href":"https:\/\/focotocantinense.com.br\/index.php?rest_route=%2Fwp%2Fv2%2Ftags&post=3830"}],"curies":[{"name":"wp","href":"https:\/\/api.w.org\/{rel}","templated":true}]}}