{"id":3822,"date":"2023-02-08T15:40:27","date_gmt":"2023-02-08T18:40:27","guid":{"rendered":"https:\/\/focotocantinense.com.br\/?p=3822"},"modified":"2023-02-08T15:44:21","modified_gmt":"2023-02-08T18:44:21","slug":"prefeitura-de-tocantinia-e-contemplada-com-o-selo-de-qualidade-em-transparencia-publica","status":"publish","type":"post","link":"https:\/\/focotocantinense.com.br\/?p=3822","title":{"rendered":"<strong>Prefeitura de Tocant\u00ednia \u00e9 contemplada com o Selo de qualidade em transpar\u00eancia p\u00fablica<\/strong>"},"content":{"rendered":"\n<p><strong>Por Zacarias Martins<\/strong><\/p>\n\n\n\n<p>A partir de levantamento realizado pelo &nbsp;Tribunal de Contas do Estado (TCE\/TO), que tra\u00e7ou um panorama da transpar\u00eancia dos \u00f3rg\u00e3os p\u00fablicos do estado, a &nbsp;Prefeitura de Tocant\u00ednia, administrada pelo prefeito Manoel Silvino Gomes Neto (SD),&nbsp; foi contemplada, na Categoria Ouro,&nbsp; com o Selo &nbsp;em Qualidade em Transpar\u00eancia P\u00fablica,<\/p>\n\n\n\n<p>O prefeito de Tocant\u00ednia, Manoel Silvino, disse que recebeu com muito &nbsp;orgulho o comunicado de que o seu munic\u00edpio receberia esse reconhecimento por parte do Tribunal de Contas, em termos de transpar\u00eancia p\u00fablica, pois, segundo ele, sua gest\u00e3o vem se empenhando&nbsp; cada vez mais e&nbsp; conseguiu &nbsp;gerar efici\u00eancia suficiente para poder transmitir todas as informa\u00e7\u00f5es \u00e0 sociedade &nbsp;de Tocant\u00ednia no seu Portal da Transpar\u00eancia.<\/p>\n\n\n\n<p>\u201cSomos Ouro, isso \u00e9 maravilhoso, nossa gest\u00e3o comprova seu compromisso de transpar\u00eancia aberta e eficiente \u00e0 popula\u00e7\u00e3o. S\u00f3 nos resta continuar trabalhando na aplica\u00e7\u00e3o correta dos recursos p\u00fablicos e na execu\u00e7\u00e3o das pol\u00edticas p\u00fablicas\u201d, enfatizou o prefeito Manoel Silvino.<\/p>\n\n\n\n<p><strong>Sobre&nbsp; o Selo<\/strong><\/p>\n\n\n\n<p>A Associa\u00e7\u00e3o dos Membros dos Tribunais de Contas do Brasil, durante o&nbsp; oitavo Encontro Nacional dos Tribunais de Contas, lan\u00e7ou o Radar Nacional de Transpar\u00eancia P\u00fablica, ferramenta que divulga ampla gama de informa\u00e7\u00f5es sobre a transpar\u00eancia p\u00fablica no Brasil, em parceria&nbsp; com os Tribunais de Contas brasileiros (TCs), o Instituo Rui Barbosa (IRB), o Conselho Nacional de Presidentes dos Tribunais de Contas (CNTC), a Associa\u00e7\u00e3o Brasileira de Contas de Munic\u00edpios (Abracom) e o Conselho&nbsp; Nacional de Controle Interno (Conaci).<\/p>\n\n\n\n<p>O programa avaliou cerca de&nbsp; 8 mil portais p\u00fablicos, englobando a Uni\u00e3o, 26 Estados, o Distrito Federal, e 4.191 munic\u00edpios, nos \u00f3rg\u00e3os do Executivo, Legislativo e Judici\u00e1rio, no per\u00edodo de maio a novembro de 2022, dos quais, conforme estabelecido por Resolu\u00e7\u00f5es da &nbsp;Aricon os portais que se destacaram no quesito transpar\u00eancia, ser\u00e3o agraciados com o selo de qualidade pela&nbsp; Atricon e entidades parceiras.<\/p>\n\n\n\n<figure class=\"wp-block-image size-large\"><img loading=\"lazy\" decoding=\"async\" width=\"1024\" height=\"682\" src=\"https:\/\/focotocantinense.com.br\/wp-content\/uploads\/2023\/02\/PREFEITO-MANOEL-SILVINO-DE-TOCANTINIA-1024x682.jpg\" alt=\"\" class=\"wp-image-3823\" srcset=\"https:\/\/focotocantinense.com.br\/wp-content\/uploads\/2023\/02\/PREFEITO-MANOEL-SILVINO-DE-TOCANTINIA-1024x682.jpg 1024w, https:\/\/focotocantinense.com.br\/wp-content\/uploads\/2023\/02\/PREFEITO-MANOEL-SILVINO-DE-TOCANTINIA-300x200.jpg 300w, https:\/\/focotocantinense.com.br\/wp-content\/uploads\/2023\/02\/PREFEITO-MANOEL-SILVINO-DE-TOCANTINIA-768x512.jpg 768w, https:\/\/focotocantinense.com.br\/wp-content\/uploads\/2023\/02\/PREFEITO-MANOEL-SILVINO-DE-TOCANTINIA-310x205.jpg 310w, https:\/\/focotocantinense.com.br\/wp-content\/uploads\/2023\/02\/PREFEITO-MANOEL-SILVINO-DE-TOCANTINIA.jpg 1280w\" sizes=\"auto, (max-width: 1024px) 100vw, 1024px\" \/><\/figure>\n","protected":false},"excerpt":{"rendered":"<p>Por Zacarias Martins A partir de levantamento realizado pelo &nbsp;Tribunal de Contas do Estado (TCE\/TO), que tra\u00e7ou um panorama da transpar\u00eancia dos \u00f3rg\u00e3os p\u00fablicos do estado, a &nbsp;Prefeitura de Tocant\u00ednia, administrada pelo prefeito Manoel Silvino Gomes Neto (SD),&nbsp; foi contemplada, na Categoria Ouro,&nbsp; com o Selo &nbsp;em Qualidade em Transpar\u00eancia P\u00fablica, O prefeito de Tocant\u00ednia, &hellip;<\/p>\n","protected":false},"author":5,"featured_media":3828,"comment_status":"open","ping_status":"open","sticky":false,"template":"","format":"standard","meta":{"footnotes":""},"categories":[78],"tags":[],"class_list":["post-3822","post","type-post","status-publish","format-standard","has-post-thumbnail","","category-tocantinia"],"_links":{"self":[{"href":"https:\/\/focotocantinense.com.br\/index.php?rest_route=\/wp\/v2\/posts\/3822","targetHints":{"allow":["GET"]}}],"collection":[{"href":"https:\/\/focotocantinense.com.br\/index.php?rest_route=\/wp\/v2\/posts"}],"about":[{"href":"https:\/\/focotocantinense.com.br\/index.php?rest_route=\/wp\/v2\/types\/post"}],"author":[{"embeddable":true,"href":"https:\/\/focotocantinense.com.br\/index.php?rest_route=\/wp\/v2\/users\/5"}],"replies":[{"embeddable":true,"href":"https:\/\/focotocantinense.com.br\/index.php?rest_route=%2Fwp%2Fv2%2Fcomments&post=3822"}],"version-history":[{"count":3,"href":"https:\/\/focotocantinense.com.br\/index.php?rest_route=\/wp\/v2\/posts\/3822\/revisions"}],"predecessor-version":[{"id":3829,"href":"https:\/\/focotocantinense.com.br\/index.php?rest_route=\/wp\/v2\/posts\/3822\/revisions\/3829"}],"wp:featuredmedia":[{"embeddable":true,"href":"https:\/\/focotocantinense.com.br\/index.php?rest_route=\/wp\/v2\/media\/3828"}],"wp:attachment":[{"href":"https:\/\/focotocantinense.com.br\/index.php?rest_route=%2Fwp%2Fv2%2Fmedia&parent=3822"}],"wp:term":[{"taxonomy":"category","embeddable":true,"href":"https:\/\/focotocantinense.com.br\/index.php?rest_route=%2Fwp%2Fv2%2Fcategories&post=3822"},{"taxonomy":"post_tag","embeddable":true,"href":"https:\/\/focotocantinense.com.br\/index.php?rest_route=%2Fwp%2Fv2%2Ftags&post=3822"}],"curies":[{"name":"wp","href":"https:\/\/api.w.org\/{rel}","templated":true}]}}