{"id":3817,"date":"2023-02-03T18:42:03","date_gmt":"2023-02-03T21:42:03","guid":{"rendered":"https:\/\/focotocantinense.com.br\/?p=3817"},"modified":"2023-02-03T18:42:56","modified_gmt":"2023-02-03T21:42:56","slug":"residencia-multiprofissional-em-saude-da-unirg-inscreve-preceptores-ate-07-de-fevereiro","status":"publish","type":"post","link":"https:\/\/focotocantinense.com.br\/?p=3817","title":{"rendered":"Resid\u00eancia Multiprofissional em Sa\u00fade da UnirG inscreve preceptores at\u00e9 07 de fevereiro"},"content":{"rendered":"\n<p>A Comiss\u00e3o de Resid\u00eancia Multiprofissional da Universidade de Gurupi &#8211; UnirG e a Secretaria de Sa\u00fade de Gurupi divulgaram hoje, 03, o edital para sele\u00e7\u00e3o de preceptores para o&nbsp;Programa de Resid\u00eancia Multiprofissional Integrada em Sa\u00fade da Fam\u00edlia e Comunidade. As inscri\u00e7\u00f5es est\u00e3o abertas e seguem at\u00e9 o pr\u00f3ximo dia 07. O procedimento \u00e9 gratuito.<\/p>\n\n\n\n<p>S\u00e3o ofertadas tr\u00eas vagas, distribu\u00eddas nas \u00e1reas de Enfermagem, Fisioterapia e Osontologia para atua\u00e7\u00e3o&nbsp;na Unidade B\u00e1sica de Sa\u00fade &#8211; Campo Bello.<\/p>\n\n\n\n<p>Os interessados devem ter forma\u00e7\u00e3o superior na \u00e1rea ofertada e titula\u00e7\u00e3o m\u00ednima de especialista; ter, prioritariamente, dois anos de experi\u00eancia no cen\u00e1rio de pr\u00e1tica ao qual ir\u00e1 atuar; ter disponibilidade de dedica\u00e7\u00e3o de 40h nas Unidades de B\u00e1sicas de Sa\u00fade de Gurupi;&nbsp;ter disponibilidade de ser remanejado para atua\u00e7\u00e3o na Unidade B\u00e1sica de Sa\u00fade \u2013 Campo Bello&nbsp;e n\u00e3o possuir nenhum outro benef\u00edcio (bolsa) vinculado a Programas de Resid\u00eancia Multiprofissional Integrada em Sa\u00fade da Fam\u00edlia e Comunidade.<\/p>\n\n\n\n<p>A sele\u00e7\u00e3o ser\u00e1 em duas etapas: a primeira ser\u00e1 a&nbsp;inscri\u00e7\u00e3o, de car\u00e1ter eliminat\u00f3rio, sujeita a confirma\u00e7\u00e3o e a segunda,&nbsp;an\u00e1lise e argui\u00e7\u00e3o curricular, de car\u00e1ter classificat\u00f3rio e eliminat\u00f3rio.<\/p>\n\n\n\n<p><\/p>\n\n\n\n<figure class=\"wp-block-image size-full\"><img loading=\"lazy\" decoding=\"async\" width=\"815\" height=\"455\" src=\"https:\/\/focotocantinense.com.br\/wp-content\/uploads\/2023\/02\/xxxxx-1.jpg\" alt=\"\" class=\"wp-image-3820\" srcset=\"https:\/\/focotocantinense.com.br\/wp-content\/uploads\/2023\/02\/xxxxx-1.jpg 815w, https:\/\/focotocantinense.com.br\/wp-content\/uploads\/2023\/02\/xxxxx-1-300x167.jpg 300w, https:\/\/focotocantinense.com.br\/wp-content\/uploads\/2023\/02\/xxxxx-1-768x429.jpg 768w\" sizes=\"auto, (max-width: 815px) 100vw, 815px\" \/><\/figure>\n\n\n\n<figure class=\"wp-block-image\"><img decoding=\"async\" src=\"http:\/\/n1to.com.br\/img\/uploads\/veloso_banner_98.jpeg\" alt=\"\"\/><\/figure>\n","protected":false},"excerpt":{"rendered":"<p>A Comiss\u00e3o de Resid\u00eancia Multiprofissional da Universidade de Gurupi &#8211; UnirG e a Secretaria de Sa\u00fade de Gurupi divulgaram hoje, 03, o edital para sele\u00e7\u00e3o de preceptores para o&nbsp;Programa de Resid\u00eancia Multiprofissional Integrada em Sa\u00fade da Fam\u00edlia e Comunidade. As inscri\u00e7\u00f5es est\u00e3o abertas e seguem at\u00e9 o pr\u00f3ximo dia 07. O procedimento \u00e9 gratuito. S\u00e3o &hellip;<\/p>\n","protected":false},"author":5,"featured_media":3815,"comment_status":"open","ping_status":"open","sticky":false,"template":"","format":"standard","meta":{"footnotes":""},"categories":[38],"tags":[],"class_list":["post-3817","post","type-post","status-publish","format-standard","has-post-thumbnail","","category-gurupi"],"_links":{"self":[{"href":"https:\/\/focotocantinense.com.br\/index.php?rest_route=\/wp\/v2\/posts\/3817","targetHints":{"allow":["GET"]}}],"collection":[{"href":"https:\/\/focotocantinense.com.br\/index.php?rest_route=\/wp\/v2\/posts"}],"about":[{"href":"https:\/\/focotocantinense.com.br\/index.php?rest_route=\/wp\/v2\/types\/post"}],"author":[{"embeddable":true,"href":"https:\/\/focotocantinense.com.br\/index.php?rest_route=\/wp\/v2\/users\/5"}],"replies":[{"embeddable":true,"href":"https:\/\/focotocantinense.com.br\/index.php?rest_route=%2Fwp%2Fv2%2Fcomments&post=3817"}],"version-history":[{"count":3,"href":"https:\/\/focotocantinense.com.br\/index.php?rest_route=\/wp\/v2\/posts\/3817\/revisions"}],"predecessor-version":[{"id":3821,"href":"https:\/\/focotocantinense.com.br\/index.php?rest_route=\/wp\/v2\/posts\/3817\/revisions\/3821"}],"wp:featuredmedia":[{"embeddable":true,"href":"https:\/\/focotocantinense.com.br\/index.php?rest_route=\/wp\/v2\/media\/3815"}],"wp:attachment":[{"href":"https:\/\/focotocantinense.com.br\/index.php?rest_route=%2Fwp%2Fv2%2Fmedia&parent=3817"}],"wp:term":[{"taxonomy":"category","embeddable":true,"href":"https:\/\/focotocantinense.com.br\/index.php?rest_route=%2Fwp%2Fv2%2Fcategories&post=3817"},{"taxonomy":"post_tag","embeddable":true,"href":"https:\/\/focotocantinense.com.br\/index.php?rest_route=%2Fwp%2Fv2%2Ftags&post=3817"}],"curies":[{"name":"wp","href":"https:\/\/api.w.org\/{rel}","templated":true}]}}