{"id":3810,"date":"2023-02-03T17:55:02","date_gmt":"2023-02-03T20:55:02","guid":{"rendered":"https:\/\/focotocantinense.com.br\/?p=3810"},"modified":"2023-02-03T17:55:02","modified_gmt":"2023-02-03T20:55:02","slug":"febtur-marca-presenca-no-voo-inaugural-salvador-campina-grande","status":"publish","type":"post","link":"https:\/\/focotocantinense.com.br\/?p=3810","title":{"rendered":"Febtur marca presen\u00e7a no voo inaugural Salvador-Campina Grande"},"content":{"rendered":"\n<p>O presidente nacional da Federa\u00e7\u00e3o Brasileira de Jornalistas e Comunicadores de Turismo, Gorg\u00f4nio Loureiro, e a presidente da Ferbtur Bahia, Helo\u00edsa Braga, integraram a lista de convidados da GOL Linhas A\u00e9reas para o voo inaugural ligando a Capital baiana a Campina Grande (PB), refor\u00e7ando a conectividade do interior com as principais capitais do Brasil.<\/p>\n\n\n\n<p>A partir de 26 de mar\u00e7o, os voos passam a se originar em S\u00e3o Paulo \u2013 Congonhas, com escala no aeroporto da capital baiana.<\/p>\n\n\n\n<p>Os participantes do voo inaugural Salvador \u2013 Campina Grande, incluindo representantes da GOL Marcos Almeida e Matheus Motta, Gerente Comercial e Especialista de Planejamento e Infraestrutura Aeroportu\u00e1ria da GOL, respectivamente, e a gerente de Marketing Renata Yama foram recepcionados pelo prefeito do munic\u00edpio paraibano, Bruno Cunha Lima e de autoridades locais, assim como Marcelo Bento, diretor da AENA, concession\u00e1ria gestora dos aeroportos de Jo\u00e3o Pessoa e Campina Grande.<\/p>\n\n\n\n<p>Marco Almeida destacou a import\u00e2ncia desta rota em fun\u00e7\u00e3o do tr\u00e2nsito de passageiros entre as duas cidades nordestinas, sendo que n\u00e3o haver\u00e1 mais necessidade de conex\u00e3o pela capital paraibana, al\u00e9m de facilitar o fluxo do viajante que parte de Campina Grande para S\u00e3o Paulo. Ser\u00e3o cinco voos semanais, com previs\u00e3o de ocupa\u00e7\u00e3o m\u00e9dia de 80% das acomoda\u00e7\u00f5es da aeronave.<\/p>\n\n\n\n<p><strong>Febtur avan\u00e7a<\/strong><\/p>\n\n\n\n<p>Ao lado da secret\u00e1ria de Desenvolvimento Econ\u00f4mico e de Ci\u00eancia, Tecnologia e Inova\u00e7\u00e3o, Laryssa Almeida, o prefeito Bruno Cunha Lima destacou a import\u00e2ncia da presen\u00e7a da Febtur no voo e elogiou a capacidade de gera\u00e7\u00e3o de informa\u00e7\u00f5es para o trade tur\u00edstico e sociedade em geral. Ambos confirmaram presen\u00e7a do Congresso Nacional da Febtur, previsto para maio, para promover o maior S\u00e3o Jo\u00e3o do Mundo, como \u00e9 conhecida a festa de Campina Grande.<\/p>\n\n\n\n<p>\u201cQue esperan\u00e7a bate no peito ouvir o prefeito de Campina Grande, Bruno Cunha Lima, falar sobre um destino que cresce por suas pr\u00f3prias pernas, valorizando sua gente, projetando e investindo em suas tradi\u00e7\u00f5es fazendo da cultura e do turismo um vetor de desenvolvimento humano e econ\u00f4mico\u201d, ressaltou a presidente da Febtur Bahia, Helo\u00edsa Braga.<\/p>\n\n\n\n<p>Al\u00e9m de convidar os gestores paraibanos para o Congresso, o presidente<\/p>\n\n\n\n<p>Nacional, Gorg\u00f4nio Loureiro tamb\u00e9m tratou da cria\u00e7\u00e3o oficial da Febtur Para\u00edba. \u201cTemos grandes parceiros na divulga\u00e7\u00e3o do turismo tamb\u00e9m neste estado e aproveitamos para nos conectar com jornalista de Campina Grande interessados pelo nosso projeto\u201d, comemorou.<\/p>\n\n\n\n<figure class=\"wp-block-image size-full\"><img loading=\"lazy\" decoding=\"async\" width=\"800\" height=\"427\" src=\"https:\/\/focotocantinense.com.br\/wp-content\/uploads\/2023\/02\/image-1.png\" alt=\"\" class=\"wp-image-3811\" srcset=\"https:\/\/focotocantinense.com.br\/wp-content\/uploads\/2023\/02\/image-1.png 800w, https:\/\/focotocantinense.com.br\/wp-content\/uploads\/2023\/02\/image-1-300x160.png 300w, https:\/\/focotocantinense.com.br\/wp-content\/uploads\/2023\/02\/image-1-768x410.png 768w, https:\/\/focotocantinense.com.br\/wp-content\/uploads\/2023\/02\/image-1-310x165.png 310w\" sizes=\"auto, (max-width: 800px) 100vw, 800px\" \/><\/figure>\n\n\n\n<p><\/p>\n\n\n\n<figure class=\"wp-block-image\"><img decoding=\"async\" src=\"http:\/\/n1to.com.br\/img\/uploads\/veloso_banner_98.jpeg\" alt=\"\"\/><\/figure>\n","protected":false},"excerpt":{"rendered":"<p>O presidente nacional da Federa\u00e7\u00e3o Brasileira de Jornalistas e Comunicadores de Turismo, Gorg\u00f4nio Loureiro, e a presidente da Ferbtur Bahia, Helo\u00edsa Braga, integraram a lista de convidados da GOL Linhas A\u00e9reas para o voo inaugural ligando a Capital baiana a Campina Grande (PB), refor\u00e7ando a conectividade do interior com as principais capitais do Brasil. A &hellip;<\/p>\n","protected":false},"author":5,"featured_media":3812,"comment_status":"open","ping_status":"open","sticky":false,"template":"","format":"standard","meta":{"footnotes":""},"categories":[106],"tags":[],"class_list":["post-3810","post","type-post","status-publish","format-standard","has-post-thumbnail","","category-turismo"],"_links":{"self":[{"href":"https:\/\/focotocantinense.com.br\/index.php?rest_route=\/wp\/v2\/posts\/3810","targetHints":{"allow":["GET"]}}],"collection":[{"href":"https:\/\/focotocantinense.com.br\/index.php?rest_route=\/wp\/v2\/posts"}],"about":[{"href":"https:\/\/focotocantinense.com.br\/index.php?rest_route=\/wp\/v2\/types\/post"}],"author":[{"embeddable":true,"href":"https:\/\/focotocantinense.com.br\/index.php?rest_route=\/wp\/v2\/users\/5"}],"replies":[{"embeddable":true,"href":"https:\/\/focotocantinense.com.br\/index.php?rest_route=%2Fwp%2Fv2%2Fcomments&post=3810"}],"version-history":[{"count":1,"href":"https:\/\/focotocantinense.com.br\/index.php?rest_route=\/wp\/v2\/posts\/3810\/revisions"}],"predecessor-version":[{"id":3813,"href":"https:\/\/focotocantinense.com.br\/index.php?rest_route=\/wp\/v2\/posts\/3810\/revisions\/3813"}],"wp:featuredmedia":[{"embeddable":true,"href":"https:\/\/focotocantinense.com.br\/index.php?rest_route=\/wp\/v2\/media\/3812"}],"wp:attachment":[{"href":"https:\/\/focotocantinense.com.br\/index.php?rest_route=%2Fwp%2Fv2%2Fmedia&parent=3810"}],"wp:term":[{"taxonomy":"category","embeddable":true,"href":"https:\/\/focotocantinense.com.br\/index.php?rest_route=%2Fwp%2Fv2%2Fcategories&post=3810"},{"taxonomy":"post_tag","embeddable":true,"href":"https:\/\/focotocantinense.com.br\/index.php?rest_route=%2Fwp%2Fv2%2Ftags&post=3810"}],"curies":[{"name":"wp","href":"https:\/\/api.w.org\/{rel}","templated":true}]}}