{"id":3802,"date":"2023-02-03T13:37:09","date_gmt":"2023-02-03T16:37:09","guid":{"rendered":"https:\/\/focotocantinense.com.br\/?p=3802"},"modified":"2023-02-03T13:37:38","modified_gmt":"2023-02-03T16:37:38","slug":"prefeitura-de-gurupi-realiza-primeira-reuniao-anual-para-fortalecimento-de-acoes-de-controle-e-combate-as-doencas-vetoriais-e-zoonoses","status":"publish","type":"post","link":"https:\/\/focotocantinense.com.br\/?p=3802","title":{"rendered":"<strong>Prefeitura de Gurupi realiza primeira reuni\u00e3o anual para fortalecimento de a\u00e7\u00f5es de controle e combate \u00e0s doen\u00e7as vetoriais e zoonoses<\/strong>"},"content":{"rendered":"\n<p>A prefeitura de Gurupi, por meio da Secretaria Municipal de Sa\u00fade (Semus),&nbsp;reuniu na quinta-feira,02, mais de 220 servidores, entre: enfermeiros, agentes comunit\u00e1rios de sa\u00fade e agentes de combate de endemias, para apresentar dados das doen\u00e7as vetoriais e zoonoses que foram notificadas na cidade no \u00faltimo quadrimestre. O objetivo foi fortalecer os cuidados no controle e combate de doen\u00e7as vetoriais, end\u00eamicas e zoonoses.<\/p>\n\n\n\n<p>Comandaram as apresenta\u00e7\u00f5es as Coordena\u00e7\u00f5es de Vigil\u00e2ncia Epidemiol\u00f3gica, do Centro de Controle de Zoonoses e de Endemias.&nbsp;O Coordenador de Vigil\u00e2ncia Epidemiol\u00f3gica, Halex Cavalcante Coutinho, apresentou o Plano Municipal de Conting\u00eancia das Arboviroses, ressaltando a import\u00e2ncia da notifica\u00e7\u00e3o dos casos suspeitos de dengue, zika e chikungunya.&nbsp;<\/p>\n\n\n\n<p>\u201c\u00c9 muito importante apresentar estes dados para estes nossos profissionais. Por meio deste Plano de Conting\u00eancia, estamos conseguindo \u00f3timos resultados em rela\u00e7\u00e3o ao controle de infesta\u00e7\u00e3o do mosquito aedes aegypti, por exemplo. Quando uma notifica\u00e7\u00e3o, ou suspeita de caso de qualquer uma dessas doen\u00e7as acionamos o controle vetorial para realizar a vistoria no local. Sem falar que os agentes est\u00e3o desenvolvendo um belo trabalho de conscientiza\u00e7\u00e3o com os moradores da cidade que acontece diariamente. No caso do mosquito aedes, por exemplo, o \u00faltimo \u00edndice de infesta\u00e7\u00e3o predial realizado segue bem baixo, com m\u00e9dia de 0,5 e menos de 05 casos positivos neste \u00faltimo m\u00eas de janeiro de 2023\u201d, explicou Halex Cavalcante, coordenador de vigil\u00e2ncia epidemiol\u00f3gica. &nbsp;<\/p>\n\n\n\n<p>\u201cEu fico muito feliz em ver que nossa gest\u00e3o est\u00e1 fazendo o trabalho correto em rela\u00e7\u00e3o \u00e0s endemias que \u00e9 prevenir o tempo todo, para manter nossa popula\u00e7\u00e3o protegida. Quero parabenizar estes profissionais! Est\u00e1 a\u00ed o resultado do servi\u00e7o deles: baix\u00edssimos \u00edndices de doen\u00e7as que j\u00e1 foram preocupa\u00e7\u00e3o em nossa cidade. Mas isso agora est\u00e1 no passado, porque n\u00f3s vamos continuar seguindo este Plano de Conting\u00eancia que foi muito bem elaborado pelos nossos gestores da Sa\u00fade. Quero agradecer tamb\u00e9m a participa\u00e7\u00e3o da nossa comunidade que tem realizado a preven\u00e7\u00e3o de acordo com a orienta\u00e7\u00e3o dos nossos agentes de sa\u00fade\u201d, frisou a prefeita Josi Nunes sobre a reuni\u00e3o.<\/p>\n\n\n\n<p>O fiscal de zoonoses do CCZ, Francisco Vieira da Costa, apresentou dados da Leishmaniose canina (Calazar) e o veterin\u00e1rio do CCZ, Pedro Alexandre da Silva Alencar, orientou sobre os cuidados que devemos ter quando o animal tem o teste de calazar confirmado e quais procedimentos s\u00e3o realizados no lugar. J\u00e1 o&nbsp;Coordenador dos Agentes Comunit\u00e1rios de Sa\u00fade e Endemias, Edson Cardoso, apresentou as a\u00e7\u00f5es realizadas pelos ACS e ACE no 3\u00b0 quadrimestre de 2022, enfatizando tamb\u00e9m resultados e perspectivas. Ainda foi mostrado como deve ser a recep\u00e7\u00e3o e encaminhamento realizado por agentes e nas Unidades de Sa\u00fade da Fam\u00edlia (USF), em casos de notifica\u00e7\u00f5es relacionadas a casos com barbeiro e escorpi\u00e3o.<\/p>\n\n\n\n<p>\u201cS\u00e3o assuntos muito importantes que precisam ser discutidos com nossos profissionais. S\u00e3o orienta\u00e7\u00f5es do servi\u00e7o que \u00e9 realizado por eles todos os dias. Estamos sempre fazendo este alinhamento dos trabalhos que ser\u00e3o desenvolvidos quadrimestralmente. Isso sem falar que todos n\u00f3s comemoramos o resultado de tudo isso, que s\u00e3o os baixos \u00edndices de doen\u00e7as end\u00eamicas em nossa cidade. Vamos seguir nosso Plano Municipal de Conting\u00eancia que tem dado certo. Tamb\u00e9m vamos fazer altera\u00e7\u00f5es quando necess\u00e1rio. O sentido \u00e9 continuar deixando nossa popula\u00e7\u00e3o protegida\u201d, refor\u00e7ou o secret\u00e1rio de sa\u00fade Sinvaldo Moraes.<\/p>\n\n\n\n<p><strong>N\u00fameros&nbsp;<\/strong><strong>Coordena\u00e7\u00e3o dos Agentes Comunit\u00e1rios de Sa\u00fade e Endemias<\/strong><\/p>\n\n\n\n<p><strong>(\u00faltimo quadrimestre):<\/strong><\/p>\n\n\n\n<p>*118 mil visitas realizadas por Agentes Comunit\u00e1rios de Sa\u00fade (ACS)<\/p>\n\n\n\n<p>*33 mil im\u00f3veis vistoriados<\/p>\n\n\n\n<p>*51 borrifa\u00e7\u00f5es em diferentes bairros da cidade, inclusive em pontos estrat\u00e9gicos<\/p>\n\n\n\n<p>*Crescimento da popula\u00e7\u00e3o cadastrada de 47 mil para 77 mil (de 2020 \u2013 2022)<\/p>\n\n\n\n<figure class=\"wp-block-image size-full\"><img loading=\"lazy\" decoding=\"async\" width=\"340\" height=\"325\" src=\"https:\/\/focotocantinense.com.br\/wp-content\/uploads\/2023\/02\/CC.jpg\" alt=\"\" class=\"wp-image-3803\" srcset=\"https:\/\/focotocantinense.com.br\/wp-content\/uploads\/2023\/02\/CC.jpg 340w, https:\/\/focotocantinense.com.br\/wp-content\/uploads\/2023\/02\/CC-300x287.jpg 300w\" sizes=\"auto, (max-width: 340px) 100vw, 340px\" \/><\/figure>\n","protected":false},"excerpt":{"rendered":"<p>A prefeitura de Gurupi, por meio da Secretaria Municipal de Sa\u00fade (Semus),&nbsp;reuniu na quinta-feira,02, mais de 220 servidores, entre: enfermeiros, agentes comunit\u00e1rios de sa\u00fade e agentes de combate de endemias, para apresentar dados das doen\u00e7as vetoriais e zoonoses que foram notificadas na cidade no \u00faltimo quadrimestre. O objetivo foi fortalecer os cuidados no controle e &hellip;<\/p>\n","protected":false},"author":5,"featured_media":3803,"comment_status":"open","ping_status":"open","sticky":false,"template":"","format":"standard","meta":{"footnotes":""},"categories":[38],"tags":[],"class_list":["post-3802","post","type-post","status-publish","format-standard","has-post-thumbnail","","category-gurupi"],"_links":{"self":[{"href":"https:\/\/focotocantinense.com.br\/index.php?rest_route=\/wp\/v2\/posts\/3802","targetHints":{"allow":["GET"]}}],"collection":[{"href":"https:\/\/focotocantinense.com.br\/index.php?rest_route=\/wp\/v2\/posts"}],"about":[{"href":"https:\/\/focotocantinense.com.br\/index.php?rest_route=\/wp\/v2\/types\/post"}],"author":[{"embeddable":true,"href":"https:\/\/focotocantinense.com.br\/index.php?rest_route=\/wp\/v2\/users\/5"}],"replies":[{"embeddable":true,"href":"https:\/\/focotocantinense.com.br\/index.php?rest_route=%2Fwp%2Fv2%2Fcomments&post=3802"}],"version-history":[{"count":2,"href":"https:\/\/focotocantinense.com.br\/index.php?rest_route=\/wp\/v2\/posts\/3802\/revisions"}],"predecessor-version":[{"id":3805,"href":"https:\/\/focotocantinense.com.br\/index.php?rest_route=\/wp\/v2\/posts\/3802\/revisions\/3805"}],"wp:featuredmedia":[{"embeddable":true,"href":"https:\/\/focotocantinense.com.br\/index.php?rest_route=\/wp\/v2\/media\/3803"}],"wp:attachment":[{"href":"https:\/\/focotocantinense.com.br\/index.php?rest_route=%2Fwp%2Fv2%2Fmedia&parent=3802"}],"wp:term":[{"taxonomy":"category","embeddable":true,"href":"https:\/\/focotocantinense.com.br\/index.php?rest_route=%2Fwp%2Fv2%2Fcategories&post=3802"},{"taxonomy":"post_tag","embeddable":true,"href":"https:\/\/focotocantinense.com.br\/index.php?rest_route=%2Fwp%2Fv2%2Ftags&post=3802"}],"curies":[{"name":"wp","href":"https:\/\/api.w.org\/{rel}","templated":true}]}}