{"id":3799,"date":"2023-02-03T10:05:51","date_gmt":"2023-02-03T13:05:51","guid":{"rendered":"https:\/\/focotocantinense.com.br\/?p=3799"},"modified":"2023-02-03T10:10:25","modified_gmt":"2023-02-03T13:10:25","slug":"campanha-no-tocantins-busca-arrecadar-recursos-para-povos-atingidos-por-enchentes","status":"publish","type":"post","link":"https:\/\/focotocantinense.com.br\/?p=3799","title":{"rendered":"Campanha no Tocantins busca arrecadar recursos para povos atingidos por enchentes"},"content":{"rendered":"\n<p><\/p>\n\n\n\n<p>Buscando angariar recursos para os Povos Java\u00e9, Krah\u00f4 Takaywr\u00e1 e Krah\u00f4-Kanela que tiveram suas aldeias inundadas pela cheia do Rio Formoso, est\u00e1 sendo colocado em pr\u00e1tica campanha de arrecada\u00e7\u00e3o \u201cSocorro ind\u00edgena\u201d , que \u00e9 uma iniciativa das Organiza\u00e7\u00f5es da Sociedade Civil (OSC) Instituto Ind\u00edgena do Tocantins (INDTINS), Centro de Direitos Humanos de Palmas (CDHP), Movimento dos Direitos Humanos do Tocantins (MDHTO) e Projeto CasAzul e recebe o apoio do Shopping Palmas.<\/p>\n\n\n\n<p>At\u00e9 o momento, mais de 200 pessoas foram atingidas e o estrago causado pela \u00e1gua inundou planta\u00e7\u00f5es e invadiu casas.<\/p>\n\n\n\n<p>Os tr\u00eas Povos ainda n\u00e3o tiveram acesso \u00e0 comida, enfrentam dificuldades para acessar gasolina para o transporte e ainda correm o risco de que outros rios ao seu redor, tamb\u00e9m transbordem. Para doar para a campanha \u00e9 poss\u00edvel fazer um pix para comunicaindtins@gmail.com, ou levar alimentos n\u00e3o perec\u00edveis, \u00e1gua e cobertores at\u00e9 um dos pontos de coleta.<\/p>\n\n\n\n<p><strong>Pontos de Coleta<\/strong>:<br>Shopping Palmas:<br>101 Sul, Rua NSA Conjunto 2, Lote 10 &#8211; Plano Diretor Sul<br>CDHP:<br>306 Sul Alameda 4, 2, Palmas, Segunda a quarta de 9h \u00e0s 18h, telefone (063) 992992761<br>Projeto CasAzul<br>Endere\u00e7o: Av. B quadra 19, lote 03, Aureny IV. Em frente a Drogaria Paz, (63) 98480-8287<br>Proex\/UFT<br>109 Norte Av. NS-15, ALCNO-14. Plano Diretor Norte. CEP: 77001-090. Palmas\/TO, Av. Juscelino Kubitscheck, Palmas \u2013 TO<br>Fontes indicadas:<br>Ixati Paulo Karaj\u00e1 &#8211; Presidente do INDTINS: 63 98485-1611<br>MDHTO &#8211; Maria Vanir: 63 98462-6215<br>CDHP &#8211; Ver\u00f4nica Salustiano: 63 98456-1325<br>CazAzul &#8211; Erismar &#8211; 63 8480-8287<\/p>\n\n\n\n<figure class=\"wp-block-image size-large\"><img loading=\"lazy\" decoding=\"async\" width=\"1024\" height=\"768\" src=\"https:\/\/focotocantinense.com.br\/wp-content\/uploads\/2023\/02\/vvvvv-1024x768.webp\" alt=\"\" class=\"wp-image-3800\" srcset=\"https:\/\/focotocantinense.com.br\/wp-content\/uploads\/2023\/02\/vvvvv-1024x768.webp 1024w, https:\/\/focotocantinense.com.br\/wp-content\/uploads\/2023\/02\/vvvvv-300x225.webp 300w, https:\/\/focotocantinense.com.br\/wp-content\/uploads\/2023\/02\/vvvvv-768x576.webp 768w, https:\/\/focotocantinense.com.br\/wp-content\/uploads\/2023\/02\/vvvvv.webp 1536w\" sizes=\"auto, (max-width: 1024px) 100vw, 1024px\" \/><\/figure>\n","protected":false},"excerpt":{"rendered":"<p>Buscando angariar recursos para os Povos Java\u00e9, Krah\u00f4 Takaywr\u00e1 e Krah\u00f4-Kanela que tiveram suas aldeias inundadas pela cheia do Rio Formoso, est\u00e1 sendo colocado em pr\u00e1tica campanha de arrecada\u00e7\u00e3o \u201cSocorro ind\u00edgena\u201d , que \u00e9 uma iniciativa das Organiza\u00e7\u00f5es da Sociedade Civil (OSC) Instituto Ind\u00edgena do Tocantins (INDTINS), Centro de Direitos Humanos de Palmas (CDHP), Movimento &hellip;<\/p>\n","protected":false},"author":5,"featured_media":3800,"comment_status":"open","ping_status":"open","sticky":false,"template":"","format":"standard","meta":{"footnotes":""},"categories":[71],"tags":[],"class_list":["post-3799","post","type-post","status-publish","format-standard","has-post-thumbnail","","category-lagoa-da-confusao"],"_links":{"self":[{"href":"https:\/\/focotocantinense.com.br\/index.php?rest_route=\/wp\/v2\/posts\/3799","targetHints":{"allow":["GET"]}}],"collection":[{"href":"https:\/\/focotocantinense.com.br\/index.php?rest_route=\/wp\/v2\/posts"}],"about":[{"href":"https:\/\/focotocantinense.com.br\/index.php?rest_route=\/wp\/v2\/types\/post"}],"author":[{"embeddable":true,"href":"https:\/\/focotocantinense.com.br\/index.php?rest_route=\/wp\/v2\/users\/5"}],"replies":[{"embeddable":true,"href":"https:\/\/focotocantinense.com.br\/index.php?rest_route=%2Fwp%2Fv2%2Fcomments&post=3799"}],"version-history":[{"count":1,"href":"https:\/\/focotocantinense.com.br\/index.php?rest_route=\/wp\/v2\/posts\/3799\/revisions"}],"predecessor-version":[{"id":3801,"href":"https:\/\/focotocantinense.com.br\/index.php?rest_route=\/wp\/v2\/posts\/3799\/revisions\/3801"}],"wp:featuredmedia":[{"embeddable":true,"href":"https:\/\/focotocantinense.com.br\/index.php?rest_route=\/wp\/v2\/media\/3800"}],"wp:attachment":[{"href":"https:\/\/focotocantinense.com.br\/index.php?rest_route=%2Fwp%2Fv2%2Fmedia&parent=3799"}],"wp:term":[{"taxonomy":"category","embeddable":true,"href":"https:\/\/focotocantinense.com.br\/index.php?rest_route=%2Fwp%2Fv2%2Fcategories&post=3799"},{"taxonomy":"post_tag","embeddable":true,"href":"https:\/\/focotocantinense.com.br\/index.php?rest_route=%2Fwp%2Fv2%2Ftags&post=3799"}],"curies":[{"name":"wp","href":"https:\/\/api.w.org\/{rel}","templated":true}]}}