{"id":3795,"date":"2023-02-03T09:52:15","date_gmt":"2023-02-03T12:52:15","guid":{"rendered":"https:\/\/focotocantinense.com.br\/?p=3795"},"modified":"2023-02-03T14:16:28","modified_gmt":"2023-02-03T17:16:28","slug":"aniversario-do-prefeito-de-tocantinia-manoel-silvino-gomes-neto","status":"publish","type":"post","link":"https:\/\/focotocantinense.com.br\/?p=3795","title":{"rendered":"Anivers\u00e1rio do prefeito de Tocant\u00ednia, Manoel Silvino Gomes Neto"},"content":{"rendered":"\n<figure class=\"wp-block-image size-large is-resized\"><img loading=\"lazy\" decoding=\"async\" src=\"https:\/\/focotocantinense.com.br\/wp-content\/uploads\/2023\/02\/AAAAA-PREFEITO-SILVINO-E-FAMILIA-1024x928.jpg\" alt=\"\" class=\"wp-image-3808\" width=\"395\" height=\"358\" srcset=\"https:\/\/focotocantinense.com.br\/wp-content\/uploads\/2023\/02\/AAAAA-PREFEITO-SILVINO-E-FAMILIA-1024x928.jpg 1024w, https:\/\/focotocantinense.com.br\/wp-content\/uploads\/2023\/02\/AAAAA-PREFEITO-SILVINO-E-FAMILIA-300x272.jpg 300w, https:\/\/focotocantinense.com.br\/wp-content\/uploads\/2023\/02\/AAAAA-PREFEITO-SILVINO-E-FAMILIA-768x696.jpg 768w, https:\/\/focotocantinense.com.br\/wp-content\/uploads\/2023\/02\/AAAAA-PREFEITO-SILVINO-E-FAMILIA.jpg 1280w\" sizes=\"auto, (max-width: 395px) 100vw, 395px\" \/><\/figure>\n\n\n\n<p><\/p>\n\n\n\n<p><\/p>\n\n\n\n<p>\u201cL\u00edder \u00e9 aquele que conhece o caminho, segue o caminho e mostra o caminho\u201d. \u2013 John C. Maxwell.<\/p>\n\n\n\n<p>Neste dia 04 de fevereiro, \u00e9 dia de comemorar o anivers\u00e1rio do Prefeito de Tocant\u00ednia, Manoel Silvino Gomes Neto.<\/p>\n\n\n\n<p>Por essa passagem, lhe desejamos serenidade, equil\u00edbrio, sabedoria e maturidade para continuar lutando por novos ideais e sonhos para a sua terra e para sua gente.<\/p>\n\n\n\n<p>Que voc\u00ea mantenha a for\u00e7a e o entusiasmo para superar os obst\u00e1culos e continue administrando com transpar\u00eancia e respeito \u00e0 todos, pautado principalmente na humildade, car\u00e1ter e dedica\u00e7\u00e3o \u00edmpar.<\/p>\n\n\n\n<p>Que sua vida seja sempre repleta de muita sa\u00fade, amor, paz, f\u00e9, esperan\u00e7a, alegrias e prosperidade!<\/p>\n\n\n\n<p>Que as conquistas sejam crescentes e que perseveran\u00e7a seja a luz e o norte para o desenvolvimento de um lugar cada vez melhor.<\/p>\n\n\n\n<p><strong>Estes s\u00e3o os sinceros votos dos servidores Municipais de Tocant\u00ednia<\/strong>.<\/p>\n\n\n\n<p>Parab\u00e9ns!<\/p>\n\n\n\n<figure class=\"wp-block-image size-large\"><img loading=\"lazy\" decoding=\"async\" width=\"1024\" height=\"765\" src=\"https:\/\/focotocantinense.com.br\/wp-content\/uploads\/2023\/02\/PREFEITO-MANOEL-SILVINO-1024x765.jpg\" alt=\"\" class=\"wp-image-3791\" srcset=\"https:\/\/focotocantinense.com.br\/wp-content\/uploads\/2023\/02\/PREFEITO-MANOEL-SILVINO-1024x765.jpg 1024w, https:\/\/focotocantinense.com.br\/wp-content\/uploads\/2023\/02\/PREFEITO-MANOEL-SILVINO-300x224.jpg 300w, https:\/\/focotocantinense.com.br\/wp-content\/uploads\/2023\/02\/PREFEITO-MANOEL-SILVINO-768x574.jpg 768w, https:\/\/focotocantinense.com.br\/wp-content\/uploads\/2023\/02\/PREFEITO-MANOEL-SILVINO-1536x1148.jpg 1536w, https:\/\/focotocantinense.com.br\/wp-content\/uploads\/2023\/02\/PREFEITO-MANOEL-SILVINO.jpg 1600w\" sizes=\"auto, (max-width: 1024px) 100vw, 1024px\" \/><\/figure>\n","protected":false},"excerpt":{"rendered":"<p>\u201cL\u00edder \u00e9 aquele que conhece o caminho, segue o caminho e mostra o caminho\u201d. \u2013 John C. Maxwell. Neste dia 04 de fevereiro, \u00e9 dia de comemorar o anivers\u00e1rio do Prefeito de Tocant\u00ednia, Manoel Silvino Gomes Neto. Por essa passagem, lhe desejamos serenidade, equil\u00edbrio, sabedoria e maturidade para continuar lutando por novos ideais e sonhos &hellip;<\/p>\n","protected":false},"author":5,"featured_media":3791,"comment_status":"open","ping_status":"open","sticky":false,"template":"","format":"standard","meta":{"footnotes":""},"categories":[78],"tags":[],"class_list":["post-3795","post","type-post","status-publish","format-standard","has-post-thumbnail","","category-tocantinia"],"_links":{"self":[{"href":"https:\/\/focotocantinense.com.br\/index.php?rest_route=\/wp\/v2\/posts\/3795","targetHints":{"allow":["GET"]}}],"collection":[{"href":"https:\/\/focotocantinense.com.br\/index.php?rest_route=\/wp\/v2\/posts"}],"about":[{"href":"https:\/\/focotocantinense.com.br\/index.php?rest_route=\/wp\/v2\/types\/post"}],"author":[{"embeddable":true,"href":"https:\/\/focotocantinense.com.br\/index.php?rest_route=\/wp\/v2\/users\/5"}],"replies":[{"embeddable":true,"href":"https:\/\/focotocantinense.com.br\/index.php?rest_route=%2Fwp%2Fv2%2Fcomments&post=3795"}],"version-history":[{"count":3,"href":"https:\/\/focotocantinense.com.br\/index.php?rest_route=\/wp\/v2\/posts\/3795\/revisions"}],"predecessor-version":[{"id":3809,"href":"https:\/\/focotocantinense.com.br\/index.php?rest_route=\/wp\/v2\/posts\/3795\/revisions\/3809"}],"wp:featuredmedia":[{"embeddable":true,"href":"https:\/\/focotocantinense.com.br\/index.php?rest_route=\/wp\/v2\/media\/3791"}],"wp:attachment":[{"href":"https:\/\/focotocantinense.com.br\/index.php?rest_route=%2Fwp%2Fv2%2Fmedia&parent=3795"}],"wp:term":[{"taxonomy":"category","embeddable":true,"href":"https:\/\/focotocantinense.com.br\/index.php?rest_route=%2Fwp%2Fv2%2Fcategories&post=3795"},{"taxonomy":"post_tag","embeddable":true,"href":"https:\/\/focotocantinense.com.br\/index.php?rest_route=%2Fwp%2Fv2%2Ftags&post=3795"}],"curies":[{"name":"wp","href":"https:\/\/api.w.org\/{rel}","templated":true}]}}