{"id":3786,"date":"2023-02-02T20:08:31","date_gmt":"2023-02-02T23:08:31","guid":{"rendered":"https:\/\/focotocantinense.com.br\/?p=3786"},"modified":"2023-02-02T20:08:31","modified_gmt":"2023-02-02T23:08:31","slug":"conselheiro-napoleao-luz-destaca-desafios-a-frente-do-tce-e-lanca-e-book-com-resultados","status":"publish","type":"post","link":"https:\/\/focotocantinense.com.br\/?p=3786","title":{"rendered":"<strong>Conselheiro Napole\u00e3o Luz destaca desafios \u00e0 frente do TCE e lan\u00e7a e-book com resultados<\/strong>"},"content":{"rendered":"\n<p>\u201cApesar de j\u00e1 ter no meu curr\u00edculo outras experi\u00eancias em cargos de gest\u00e3o p\u00fablica, a presid\u00eancia do TCE por esse dois anos ampliou minha vis\u00e3o de julgador, pois vivenciar desafios di\u00e1rios na condi\u00e7\u00e3o de gestor traz uma compreens\u00e3o limpa acerca do desempenho dessa nobre e dif\u00edcil miss\u00e3o\u201d. Essa frase \u00e9 do conselheiro do Tribunal de Contas do Tocantins Napole\u00e3o de Souza Luz Sobrinho, que encerrou nesta quinta-feira, 2 de fevereiro, sua passagem \u00e0 frente da Corte durante a Gest\u00e3o 2021\/2022. Al\u00e9m de destacar os feitos nestes dois anos, ele agradeceu a todos que de alguma forma contribu\u00edram durante esse per\u00edodo.<\/p>\n\n\n\n<p>Napole\u00e3o destacou que sua gest\u00e3o come\u00e7ou em plena pandemia, o que prejudicou em parte as a\u00e7\u00f5es, principalmente em refer\u00eancia \u00e0s auditorias presenciais, mas que no ano seguinte foram realizados v\u00e1rios trabalhos. \u201cBuscamos dar o melhor exemplo como obriga\u00e7\u00e3o posta a n\u00f3s na condi\u00e7\u00e3o de servidores p\u00fablicos tanto na fiscaliza\u00e7\u00e3o focada na supremacia do interesse p\u00fablico sobre o privado, e nos resultados da aplica\u00e7\u00e3o dos recursos quanto na promo\u00e7\u00e3o dos meios necess\u00e1rios ao desempenho das atividades da Corte\u201d, pontuou. E complementou: \u201cA transpar\u00eancia e os ideais de cidadania foram as bandeiras a nos orientar\u201d.<\/p>\n\n\n\n<p>O conselheiro desejou, ainda, \u00eaxodo para o trabalho da nova gest\u00e3o, refor\u00e7ando que trabalhar\u00e1 para o melhor da institui\u00e7\u00e3o \u201cO momento delicado para o pa\u00eds requer de todos a busca do equil\u00edbrio e do bom senso, que nos obriga ter a Constitui\u00e7\u00e3o como instrumento de orienta\u00e7\u00e3o da jornada\u201d.<\/p>\n\n\n\n<p><strong>Presta\u00e7\u00e3o de contas<\/strong><\/p>\n\n\n\n<p>Na oportunidade, o conselheiro apresentou um v\u00eddeo com balan\u00e7o da gest\u00e3o mostrando v\u00e1rias a\u00e7\u00f5es realizadas a exemplo do concurso p\u00fablico, de melhorias para \u00e1rea-fim (Controle Externo), no setor administrativo e a aproxima\u00e7\u00e3o com a sociedade por meio do projeto TCE Cidad\u00e3o. Al\u00e9m disso, Napole\u00e3o lan\u00e7ou o e-book da Gest\u00e3o 2021\/2022 com tudo o que foi feito durante o bi\u00eanio que esteve \u00e0 frente do Tribunal.<\/p>\n\n\n\n<p>Essas e outras informa\u00e7\u00f5es sobre as a\u00e7\u00f5es realizadas ao longo de 2021 e 2022 podem ser acessadas na \u00edntegra no e-book&nbsp;<a href=\"https:\/\/www.tceto.tc.br\/publicacoes\/e-book-gestao-2021-2022\/\" target=\"_blank\" rel=\"noreferrer noopener\">clicando aqui<\/a>.<\/p>\n\n\n\n<p><strong>Assista ao v\u00eddeo da presta\u00e7\u00e3o de contas da gest\u00e3o.<\/strong><\/p>\n\n\n\n<figure class=\"wp-block-embed is-type-rich is-provider-incorporar-manipulador wp-block-embed-incorporar-manipulador wp-embed-aspect-4-3 wp-has-aspect-ratio\"><div class=\"wp-block-embed__wrapper\">\n<iframe loading=\"lazy\" title=\"Resultados da Gest\u00e3o 2021\/2022\" width=\"618\" height=\"464\" src=\"https:\/\/www.youtube.com\/embed\/9hW4bGXAXRM?feature=oembed\" frameborder=\"0\" allow=\"accelerometer; autoplay; clipboard-write; encrypted-media; gyroscope; picture-in-picture; web-share\" referrerpolicy=\"strict-origin-when-cross-origin\" allowfullscreen><\/iframe>\n<\/div><\/figure>\n\n\n\n<figure class=\"wp-block-image\"><img decoding=\"async\" src=\"http:\/\/n1to.com.br\/img\/uploads\/veloso_banner_98.jpeg\" alt=\"\"\/><\/figure>\n","protected":false},"excerpt":{"rendered":"<p>\u201cApesar de j\u00e1 ter no meu curr\u00edculo outras experi\u00eancias em cargos de gest\u00e3o p\u00fablica, a presid\u00eancia do TCE por esse dois anos ampliou minha vis\u00e3o de julgador, pois vivenciar desafios di\u00e1rios na condi\u00e7\u00e3o de gestor traz uma compreens\u00e3o limpa acerca do desempenho dessa nobre e dif\u00edcil miss\u00e3o\u201d. Essa frase \u00e9 do conselheiro do Tribunal de &hellip;<\/p>\n","protected":false},"author":5,"featured_media":3787,"comment_status":"open","ping_status":"open","sticky":false,"template":"","format":"standard","meta":{"footnotes":""},"categories":[39],"tags":[],"class_list":["post-3786","post","type-post","status-publish","format-standard","has-post-thumbnail","","category-estado"],"_links":{"self":[{"href":"https:\/\/focotocantinense.com.br\/index.php?rest_route=\/wp\/v2\/posts\/3786","targetHints":{"allow":["GET"]}}],"collection":[{"href":"https:\/\/focotocantinense.com.br\/index.php?rest_route=\/wp\/v2\/posts"}],"about":[{"href":"https:\/\/focotocantinense.com.br\/index.php?rest_route=\/wp\/v2\/types\/post"}],"author":[{"embeddable":true,"href":"https:\/\/focotocantinense.com.br\/index.php?rest_route=\/wp\/v2\/users\/5"}],"replies":[{"embeddable":true,"href":"https:\/\/focotocantinense.com.br\/index.php?rest_route=%2Fwp%2Fv2%2Fcomments&post=3786"}],"version-history":[{"count":1,"href":"https:\/\/focotocantinense.com.br\/index.php?rest_route=\/wp\/v2\/posts\/3786\/revisions"}],"predecessor-version":[{"id":3789,"href":"https:\/\/focotocantinense.com.br\/index.php?rest_route=\/wp\/v2\/posts\/3786\/revisions\/3789"}],"wp:featuredmedia":[{"embeddable":true,"href":"https:\/\/focotocantinense.com.br\/index.php?rest_route=\/wp\/v2\/media\/3787"}],"wp:attachment":[{"href":"https:\/\/focotocantinense.com.br\/index.php?rest_route=%2Fwp%2Fv2%2Fmedia&parent=3786"}],"wp:term":[{"taxonomy":"category","embeddable":true,"href":"https:\/\/focotocantinense.com.br\/index.php?rest_route=%2Fwp%2Fv2%2Fcategories&post=3786"},{"taxonomy":"post_tag","embeddable":true,"href":"https:\/\/focotocantinense.com.br\/index.php?rest_route=%2Fwp%2Fv2%2Ftags&post=3786"}],"curies":[{"name":"wp","href":"https:\/\/api.w.org\/{rel}","templated":true}]}}