{"id":3782,"date":"2023-02-02T19:04:43","date_gmt":"2023-02-02T22:04:43","guid":{"rendered":"https:\/\/focotocantinense.com.br\/?p=3782"},"modified":"2023-02-02T19:05:45","modified_gmt":"2023-02-02T22:05:45","slug":"mais-policiais-chegam-para-reforcar-o-efetivo-do-pelotao-operacional-da-policia-militar-em-tocantinia","status":"publish","type":"post","link":"https:\/\/focotocantinense.com.br\/?p=3782","title":{"rendered":"Mais policiais chegam para refor\u00e7ar o efetivo do Pelot\u00e3o Operacional da Pol\u00edcia Militar em Tocant\u00ednia"},"content":{"rendered":"\n<p>Nesta quinta-feira (02), o vice-prefeito de Tocant\u00ednia Jo\u00e3o Alberto Coelho Machado, representando o prefeito da cidade Manoel Silvino Gomes Neto, recepcionou no 3\u00ba Pelot\u00e3o Operacional PM, novos policiais militares que ir\u00e3o atuar no policiamento do munic\u00edpio.<\/p>\n\n\n\n<p>De acordo com o Comandante do 3\u00ba Pelot\u00e3o, o 1\u00ba Sargento Raimundo Pereira da Silva, com a chegada de novos policiais militares efetivos, o munic\u00edpio de Tocant\u00ednia passa a contar com o policiamento ininterrupto, garantindo mais seguran\u00e7a para a popula\u00e7\u00e3o.<\/p>\n\n\n\n<p><br>O vice-prefeito Jo\u00e3o Alberto desejou boas vindas e sucesso no trabalho da corpora\u00e7\u00e3o. E ressaltou o trabalho em parceria entre a Prefeitura Municipal de Tocant\u00ednia e a Pol\u00edcia Militar. \u201cQuem ganha \u00e0 seguran\u00e7a \u00e9 a popula\u00e7\u00e3o do munic\u00edpio e pode contar com o nosso apoio\u201d enfatizou o vice-prefeito. Ascom\/prefeitura.<\/p>\n\n\n\n<figure class=\"wp-block-image size-full is-resized\"><img loading=\"lazy\" decoding=\"async\" src=\"https:\/\/focotocantinense.com.br\/wp-content\/uploads\/2023\/02\/ccc.jpg\" alt=\"\" class=\"wp-image-3783\" width=\"377\" height=\"190\" srcset=\"https:\/\/focotocantinense.com.br\/wp-content\/uploads\/2023\/02\/ccc.jpg 844w, https:\/\/focotocantinense.com.br\/wp-content\/uploads\/2023\/02\/ccc-300x152.jpg 300w, https:\/\/focotocantinense.com.br\/wp-content\/uploads\/2023\/02\/ccc-768x389.jpg 768w, https:\/\/focotocantinense.com.br\/wp-content\/uploads\/2023\/02\/ccc-660x330.jpg 660w\" sizes=\"auto, (max-width: 377px) 100vw, 377px\" \/><\/figure>\n\n\n\n<figure class=\"wp-block-image\"><img decoding=\"async\" src=\"http:\/\/n1to.com.br\/img\/uploads\/BBBBB_6.jpg\" alt=\"\"\/><\/figure>\n","protected":false},"excerpt":{"rendered":"<p>Nesta quinta-feira (02), o vice-prefeito de Tocant\u00ednia Jo\u00e3o Alberto Coelho Machado, representando o prefeito da cidade Manoel Silvino Gomes Neto, recepcionou no 3\u00ba Pelot\u00e3o Operacional PM, novos policiais militares que ir\u00e3o atuar no policiamento do munic\u00edpio. De acordo com o Comandante do 3\u00ba Pelot\u00e3o, o 1\u00ba Sargento Raimundo Pereira da Silva, com a chegada de &hellip;<\/p>\n","protected":false},"author":5,"featured_media":3783,"comment_status":"open","ping_status":"open","sticky":false,"template":"","format":"standard","meta":{"footnotes":""},"categories":[78],"tags":[],"class_list":["post-3782","post","type-post","status-publish","format-standard","has-post-thumbnail","","category-tocantinia"],"_links":{"self":[{"href":"https:\/\/focotocantinense.com.br\/index.php?rest_route=\/wp\/v2\/posts\/3782","targetHints":{"allow":["GET"]}}],"collection":[{"href":"https:\/\/focotocantinense.com.br\/index.php?rest_route=\/wp\/v2\/posts"}],"about":[{"href":"https:\/\/focotocantinense.com.br\/index.php?rest_route=\/wp\/v2\/types\/post"}],"author":[{"embeddable":true,"href":"https:\/\/focotocantinense.com.br\/index.php?rest_route=\/wp\/v2\/users\/5"}],"replies":[{"embeddable":true,"href":"https:\/\/focotocantinense.com.br\/index.php?rest_route=%2Fwp%2Fv2%2Fcomments&post=3782"}],"version-history":[{"count":2,"href":"https:\/\/focotocantinense.com.br\/index.php?rest_route=\/wp\/v2\/posts\/3782\/revisions"}],"predecessor-version":[{"id":3785,"href":"https:\/\/focotocantinense.com.br\/index.php?rest_route=\/wp\/v2\/posts\/3782\/revisions\/3785"}],"wp:featuredmedia":[{"embeddable":true,"href":"https:\/\/focotocantinense.com.br\/index.php?rest_route=\/wp\/v2\/media\/3783"}],"wp:attachment":[{"href":"https:\/\/focotocantinense.com.br\/index.php?rest_route=%2Fwp%2Fv2%2Fmedia&parent=3782"}],"wp:term":[{"taxonomy":"category","embeddable":true,"href":"https:\/\/focotocantinense.com.br\/index.php?rest_route=%2Fwp%2Fv2%2Fcategories&post=3782"},{"taxonomy":"post_tag","embeddable":true,"href":"https:\/\/focotocantinense.com.br\/index.php?rest_route=%2Fwp%2Fv2%2Ftags&post=3782"}],"curies":[{"name":"wp","href":"https:\/\/api.w.org\/{rel}","templated":true}]}}