{"id":3778,"date":"2023-02-01T20:43:48","date_gmt":"2023-02-01T23:43:48","guid":{"rendered":"https:\/\/focotocantinense.com.br\/?p=3778"},"modified":"2023-02-01T20:46:04","modified_gmt":"2023-02-01T23:46:04","slug":"unirg-divulga-convocacao-para-vestibular-digital","status":"publish","type":"post","link":"https:\/\/focotocantinense.com.br\/?p=3778","title":{"rendered":"UnirG divulga convoca\u00e7\u00e3o para Vestibular Digital"},"content":{"rendered":"\n<p>Est\u00e1 dispon\u00edvel para consulta o edital de resultado e convoca\u00e7\u00e3o para&nbsp;matr\u00edcula dos aprovados no&nbsp;Processo Seletivo Digital da Universidade de Gurupi &#8211; UnirG, para o primeiro semestre de 2023, que fizeram a prova no \u00faltimo dia 31 de janeiro. O candidato tem os pr\u00f3ximos dias 02 e 03 de fevereiro para realizar a matr\u00edcula.<\/p>\n\n\n\n<p>S\u00e3o convocados os aprovados em todas as categorias: ampla concorr\u00eancia, cotas escola p\u00fablica e Enem. Os convocados devem anexar todos os documentos descritos no edital n\u00ba&nbsp;19\/23&nbsp;e realizar a matr\u00edcula seguindo os procedimentos descritos no documento dispon\u00edvel<a href=\"http:\/\/unirg.edu.br\/arquivos\/documentos\/NOTICIAS\/Edital%20N_%20019-23%20CONVOCA%C3%87%C3%83O%20PS%20DIGITAL-2023-1.pdf\">&nbsp;<strong>AQUI.<\/strong><\/a><\/p>\n\n\n\n<p><strong>Outras informa\u00e7\u00f5es no endere\u00e7o&nbsp;<\/strong><\/p>\n\n\n\n<p><strong><a href=\"http:\/\/unirg.edu.br\/vestibular\/gurupi\">unirg.edu.br\/vestibular\/gurupi<\/a><\/strong><\/p>\n\n\n\n<figure class=\"wp-block-image size-large is-resized\"><img loading=\"lazy\" decoding=\"async\" src=\"https:\/\/focotocantinense.com.br\/wp-content\/uploads\/2023\/02\/image-1024x571.png\" alt=\"\" class=\"wp-image-3780\" width=\"377\" height=\"210\" srcset=\"https:\/\/focotocantinense.com.br\/wp-content\/uploads\/2023\/02\/image-1024x571.png 1024w, https:\/\/focotocantinense.com.br\/wp-content\/uploads\/2023\/02\/image-300x167.png 300w, https:\/\/focotocantinense.com.br\/wp-content\/uploads\/2023\/02\/image-768x428.png 768w, https:\/\/focotocantinense.com.br\/wp-content\/uploads\/2023\/02\/image.png 1080w\" sizes=\"auto, (max-width: 377px) 100vw, 377px\" \/><\/figure>\n\n\n\n<figure class=\"wp-block-image\"><img decoding=\"async\" src=\"http:\/\/n1to.com.br\/img\/uploads\/veloso_banner_98.jpeg\" alt=\"\"\/><\/figure>\n","protected":false},"excerpt":{"rendered":"<p>Est\u00e1 dispon\u00edvel para consulta o edital de resultado e convoca\u00e7\u00e3o para&nbsp;matr\u00edcula dos aprovados no&nbsp;Processo Seletivo Digital da Universidade de Gurupi &#8211; UnirG, para o primeiro semestre de 2023, que fizeram a prova no \u00faltimo dia 31 de janeiro. O candidato tem os pr\u00f3ximos dias 02 e 03 de fevereiro para realizar a matr\u00edcula. S\u00e3o convocados &hellip;<\/p>\n","protected":false},"author":5,"featured_media":3780,"comment_status":"open","ping_status":"open","sticky":false,"template":"","format":"standard","meta":{"footnotes":""},"categories":[38],"tags":[],"class_list":["post-3778","post","type-post","status-publish","format-standard","has-post-thumbnail","","category-gurupi"],"_links":{"self":[{"href":"https:\/\/focotocantinense.com.br\/index.php?rest_route=\/wp\/v2\/posts\/3778","targetHints":{"allow":["GET"]}}],"collection":[{"href":"https:\/\/focotocantinense.com.br\/index.php?rest_route=\/wp\/v2\/posts"}],"about":[{"href":"https:\/\/focotocantinense.com.br\/index.php?rest_route=\/wp\/v2\/types\/post"}],"author":[{"embeddable":true,"href":"https:\/\/focotocantinense.com.br\/index.php?rest_route=\/wp\/v2\/users\/5"}],"replies":[{"embeddable":true,"href":"https:\/\/focotocantinense.com.br\/index.php?rest_route=%2Fwp%2Fv2%2Fcomments&post=3778"}],"version-history":[{"count":2,"href":"https:\/\/focotocantinense.com.br\/index.php?rest_route=\/wp\/v2\/posts\/3778\/revisions"}],"predecessor-version":[{"id":3781,"href":"https:\/\/focotocantinense.com.br\/index.php?rest_route=\/wp\/v2\/posts\/3778\/revisions\/3781"}],"wp:featuredmedia":[{"embeddable":true,"href":"https:\/\/focotocantinense.com.br\/index.php?rest_route=\/wp\/v2\/media\/3780"}],"wp:attachment":[{"href":"https:\/\/focotocantinense.com.br\/index.php?rest_route=%2Fwp%2Fv2%2Fmedia&parent=3778"}],"wp:term":[{"taxonomy":"category","embeddable":true,"href":"https:\/\/focotocantinense.com.br\/index.php?rest_route=%2Fwp%2Fv2%2Fcategories&post=3778"},{"taxonomy":"post_tag","embeddable":true,"href":"https:\/\/focotocantinense.com.br\/index.php?rest_route=%2Fwp%2Fv2%2Ftags&post=3778"}],"curies":[{"name":"wp","href":"https:\/\/api.w.org\/{rel}","templated":true}]}}