{"id":3774,"date":"2023-02-01T20:25:46","date_gmt":"2023-02-01T23:25:46","guid":{"rendered":"https:\/\/focotocantinense.com.br\/?p=3774"},"modified":"2023-02-01T20:26:32","modified_gmt":"2023-02-01T23:26:32","slug":"leo-barbosa-e-eleito-presidente-da-aleto-para-o-segundo-bienio-da-10a-legislatura-2","status":"publish","type":"post","link":"https:\/\/focotocantinense.com.br\/?p=3774","title":{"rendered":"<strong>Leo Barbosa \u00e9 eleito presidente da Aleto para o segundo bi\u00eanio da 10\u00aa Legislatura<\/strong>"},"content":{"rendered":"\n<p>Na segunda sess\u00e3o extraordin\u00e1ria desta quarta-feira, 1\u00ba, foi realizada a elei\u00e7\u00e3o dos cargos da Mesa Diretora para o 2\u00ba bi\u00eanio (2025-2026) da 10\u00aa Legislatura. Por unanimidade, o deputado Leo Barbosa (Republicanos) foi eleito presidente da Assembleia Legislativa do Tocantins (Aleto).<\/p>\n\n\n\n<p>Eleitos em chapa \u00fanica, o parlamentar e os demais membros da Mesa Diretora v\u00e3o comandar os trabalhos legislativos da Casa a partir do dia 1\u00ba de fevereiro de 2025 at\u00e9 31 de janeiro de 2027.<\/p>\n\n\n\n<p>O deputado Cleiton Cardoso (Republicanos) foi eleito 1\u00ba vice-presidente; a deputada Vanda Monteiro (UB) ser\u00e1 a 2\u00aa vice-presidente; o deputado Fabion Gomes (PL) ocupar\u00e1 a 1\u00aa Secretaria. Os parlamentares Eduardo Mantoan (PSDB), Jair Farias (UB) e Wiston Gomes (PSD) foram eleitos, respectivamente 2\u00ba, 3\u00ba e 4\u00ba secret\u00e1rios, e tamb\u00e9m compuseram a chapa \u00fanica.<\/p>\n\n\n\n<p>O rito da elei\u00e7\u00e3o foi conduzido pelo novo presidente da Aleto, o deputado Am\u00e9lio Cayres (Republicanos), logo ap\u00f3s a posse dos novos membros da Mesa Diretora para o 1\u00ba bi\u00eanio da 10\u00aa Legislatura.<\/p>\n\n\n\n<p>Os membros da Mesa Diretora e seus respectivos substitutos s\u00e3o eleitos para um mandato de dois anos, na forma estabelecida pela Constitui\u00e7\u00e3o Estadual, sendo vedada a recondu\u00e7\u00e3o para qualquer cargo na elei\u00e7\u00e3o imediatamente subsequente, dentro da mesma legislatura.<\/p>\n\n\n\n<p><strong>Perfil<\/strong><\/p>\n\n\n\n<p>Leo Barbosa nasceu em Porto Nacional. Filho do governador Wanderlei Barbosa (Republicanos), sua trajet\u00f3ria pol\u00edtica come\u00e7ou em 2016, quando foi eleito vereador de Palmas. Est\u00e1 no segundo mandato de deputado estadual, sendo o mais votado em 2022, com 32.885 votos.<\/p>\n\n\n\n<figure class=\"wp-block-image size-large\"><img loading=\"lazy\" decoding=\"async\" width=\"1024\" height=\"404\" src=\"https:\/\/focotocantinense.com.br\/wp-content\/uploads\/2023\/02\/AAA-1-1024x404.jpg\" alt=\"\" class=\"wp-image-3775\" srcset=\"https:\/\/focotocantinense.com.br\/wp-content\/uploads\/2023\/02\/AAA-1-1024x404.jpg 1024w, https:\/\/focotocantinense.com.br\/wp-content\/uploads\/2023\/02\/AAA-1-300x118.jpg 300w, https:\/\/focotocantinense.com.br\/wp-content\/uploads\/2023\/02\/AAA-1-768x303.jpg 768w, https:\/\/focotocantinense.com.br\/wp-content\/uploads\/2023\/02\/AAA-1.jpg 1110w\" sizes=\"auto, (max-width: 1024px) 100vw, 1024px\" \/><\/figure>\n\n\n\n<figure class=\"wp-block-image\"><img decoding=\"async\" src=\"http:\/\/n1to.com.br\/img\/uploads\/veloso_banner_97.jpeg\" alt=\"\"\/><\/figure>\n","protected":false},"excerpt":{"rendered":"<p>Na segunda sess\u00e3o extraordin\u00e1ria desta quarta-feira, 1\u00ba, foi realizada a elei\u00e7\u00e3o dos cargos da Mesa Diretora para o 2\u00ba bi\u00eanio (2025-2026) da 10\u00aa Legislatura. Por unanimidade, o deputado Leo Barbosa (Republicanos) foi eleito presidente da Assembleia Legislativa do Tocantins (Aleto). Eleitos em chapa \u00fanica, o parlamentar e os demais membros da Mesa Diretora v\u00e3o comandar &hellip;<\/p>\n","protected":false},"author":5,"featured_media":3775,"comment_status":"open","ping_status":"open","sticky":false,"template":"","format":"standard","meta":{"footnotes":""},"categories":[40],"tags":[],"class_list":["post-3774","post","type-post","status-publish","format-standard","has-post-thumbnail","","category-politica"],"_links":{"self":[{"href":"https:\/\/focotocantinense.com.br\/index.php?rest_route=\/wp\/v2\/posts\/3774","targetHints":{"allow":["GET"]}}],"collection":[{"href":"https:\/\/focotocantinense.com.br\/index.php?rest_route=\/wp\/v2\/posts"}],"about":[{"href":"https:\/\/focotocantinense.com.br\/index.php?rest_route=\/wp\/v2\/types\/post"}],"author":[{"embeddable":true,"href":"https:\/\/focotocantinense.com.br\/index.php?rest_route=\/wp\/v2\/users\/5"}],"replies":[{"embeddable":true,"href":"https:\/\/focotocantinense.com.br\/index.php?rest_route=%2Fwp%2Fv2%2Fcomments&post=3774"}],"version-history":[{"count":2,"href":"https:\/\/focotocantinense.com.br\/index.php?rest_route=\/wp\/v2\/posts\/3774\/revisions"}],"predecessor-version":[{"id":3777,"href":"https:\/\/focotocantinense.com.br\/index.php?rest_route=\/wp\/v2\/posts\/3774\/revisions\/3777"}],"wp:featuredmedia":[{"embeddable":true,"href":"https:\/\/focotocantinense.com.br\/index.php?rest_route=\/wp\/v2\/media\/3775"}],"wp:attachment":[{"href":"https:\/\/focotocantinense.com.br\/index.php?rest_route=%2Fwp%2Fv2%2Fmedia&parent=3774"}],"wp:term":[{"taxonomy":"category","embeddable":true,"href":"https:\/\/focotocantinense.com.br\/index.php?rest_route=%2Fwp%2Fv2%2Fcategories&post=3774"},{"taxonomy":"post_tag","embeddable":true,"href":"https:\/\/focotocantinense.com.br\/index.php?rest_route=%2Fwp%2Fv2%2Ftags&post=3774"}],"curies":[{"name":"wp","href":"https:\/\/api.w.org\/{rel}","templated":true}]}}