{"id":3763,"date":"2023-01-31T17:16:06","date_gmt":"2023-01-31T20:16:06","guid":{"rendered":"https:\/\/focotocantinense.com.br\/?p=3763"},"modified":"2023-02-01T20:24:13","modified_gmt":"2023-02-01T23:24:13","slug":"papa-francisco-nomeia-dom-giovane-pereira-de-melo-como-bispo-da-nova-diocese-de-araguaina","status":"publish","type":"post","link":"https:\/\/focotocantinense.com.br\/?p=3763","title":{"rendered":"Papa Francisco nomeia Dom Giovane Pereira de Melo como bispo da nova diocese de Aragua\u00edna"},"content":{"rendered":"\n<figure class=\"wp-block-image size-full is-resized\"><img loading=\"lazy\" decoding=\"async\" src=\"https:\/\/focotocantinense.com.br\/wp-content\/uploads\/2023\/01\/vvvvv.jpg\" alt=\"\" class=\"wp-image-3766\" width=\"20\" height=\"20\" srcset=\"https:\/\/focotocantinense.com.br\/wp-content\/uploads\/2023\/01\/vvvvv.jpg 571w, https:\/\/focotocantinense.com.br\/wp-content\/uploads\/2023\/01\/vvvvv-300x296.jpg 300w, https:\/\/focotocantinense.com.br\/wp-content\/uploads\/2023\/01\/vvvvv-150x150.jpg 150w\" sizes=\"auto, (max-width: 20px) 100vw, 20px\" \/><\/figure>\n\n\n\n<p>A Nunciatura Apost\u00f3lica no Brasil comunicou, nesta ter\u00e7a-feira, 31 de janeiro, a institui\u00e7\u00e3o de uma nova diocese no Regional Norte 3, que compreende o Tocantins, o Sudeste do Par\u00e1 e o Nordeste de Mato Grosso. O Papa Francisco autorizou a cria\u00e7\u00e3o&nbsp;&nbsp;da nova diocese de Aragua\u00edna, no norte do&nbsp; Tocantins, e nomeou seu primeiro bispo: dom Giovane Pereira de Melo, que \u00e9 o atual bispo de Tocantin\u00f3polis e presidente da Comiss\u00e3o Episcopal para o Laicato da Confer\u00eancia Nacional dos Bispos do Brasil (CNBB).&nbsp;&nbsp;<\/p>\n\n\n\n<p>A diocese de Aragua\u00edna estar\u00e1 desmembrada das dioceses de Tocantin\u00f3polis e Miracema do Tocantins. E ser\u00e1 a 279\u00aa circunscri\u00e7\u00e3o eclesi\u00e1stica do Brasil e a 220\u00aa diocese.&nbsp;&nbsp;<\/p>\n\n\n\n<h3 class=\"wp-block-heading\">Bispo diocesano&nbsp;<\/h3>\n\n\n\n<p>Natural Salinas (MG), dom Giovane nasceu em 16 de janeiro de 1959. Estudou Filosofia na Faculdade Cat\u00f3lica de Mato Grosso e Teologia no Instituto Teol\u00f3gico, em Campo Grande (MS). \u00c9 especialista em Ci\u00eancias Sociais pela Universidade Federal do Mato Grosso e Mestre em Teologia Pastoral pela Pontif\u00edcia Faculdade de Teologia Nossa Senhora da Assun\u00e7\u00e3o, de S\u00e3o Paulo (SP).&nbsp;<\/p>\n\n\n\n<p>Ordenado presb\u00edtero em 24 de mar\u00e7o de 1990, na diocese de Rondon\u00f3polis (MT), foi vig\u00e1rio, coordenador diocesano de Pastoral e represente dos Presb\u00edteros do regional Oeste 2 da CNBB junto \u00e0 Comiss\u00e3o Nacional de Presb\u00edteros (1993-1997). Tamb\u00e9m atuou como reitor do Semin\u00e1rio Maior Jesus Bom Pastor da diocese de Rondon\u00f3polis, em V\u00e1rzea Grande (MT); presidiu a OSIB regional e coordenou o Servi\u00e7o de Anima\u00e7\u00e3o Vocacional (SAV) do regional Oeste 2 da CNBB (1999). Foi professor do Studium Eclesi\u00e1stico Dom Aquino Correa (Sedac).&nbsp;<\/p>\n\n\n\n<p>Em 2006, deixou a reitoria do semin\u00e1rio maior em V\u00e1rzea Grande e assumiu a fun\u00e7\u00e3o de p\u00e1roco da par\u00f3quia Nossa Senhora Aparecida, em Rondon\u00f3polis, desempenhando tamb\u00e9m a coordena\u00e7\u00e3o diocesana de pastoral e a assessoria a diversas pastorais, movimentos e servi\u00e7os.&nbsp;&nbsp;<\/p>\n\n\n\n<p>No dia 4 de mar\u00e7o de 2009, foi nomeado pelo papa Bento XVI, bispo da diocese de Tocantin\u00f3polis (TO). Foi ordenado para o episcopado pela imposi\u00e7\u00e3o das m\u00e3os de dom Juventino Kestering, no dia 8 de maio daquele ano, com o lema: \u201cCuidarei do rebanho de Deus a mim confiado\u201d (Ez 34,11).&nbsp;<\/p>\n\n\n\n<p>Dom Giovane foi bispo referencial das Comunidades Eclesiais de Base (CEBs), no Regional Norte 3 da CNBB, e membro da Comiss\u00e3o Episcopal para o Laicato, entre 2015 e 2019, sendo o respons\u00e1vel pelo acompanhamento do Setor CEBs em \u00e2mbito nacional.&nbsp;<\/p>\n\n\n\n<p>Em 7 de maio de 2019, durante a 57\u00aa Assembleia Geral da CNBB, dom Giovane foi eleito presidente da Comiss\u00e3o Episcopal Pastoral para o Laicato da CNBB.\u00a0\u00a0<\/p>\n\n\n\n<figure class=\"wp-block-image\"><img decoding=\"async\" src=\"https:\/\/focotocantinense.com.br\/wp-content\/uploads\/2023\/01\/vvvvv.jpg\" alt=\"O atributo alt desta imagem est\u00e1 vazio. O nome do arquivo \u00e9 vvvvv.jpg\"\/><\/figure>\n\n\n\n<figure class=\"wp-block-image size-large\"><img loading=\"lazy\" decoding=\"async\" width=\"1024\" height=\"296\" src=\"https:\/\/focotocantinense.com.br\/wp-content\/uploads\/2023\/01\/veloso_banner-2-1024x296.jpeg\" alt=\"\" class=\"wp-image-3709\" srcset=\"https:\/\/focotocantinense.com.br\/wp-content\/uploads\/2023\/01\/veloso_banner-2-1024x296.jpeg 1024w, https:\/\/focotocantinense.com.br\/wp-content\/uploads\/2023\/01\/veloso_banner-2-300x87.jpeg 300w, https:\/\/focotocantinense.com.br\/wp-content\/uploads\/2023\/01\/veloso_banner-2-768x222.jpeg 768w, https:\/\/focotocantinense.com.br\/wp-content\/uploads\/2023\/01\/veloso_banner-2.jpeg 1156w\" sizes=\"auto, (max-width: 1024px) 100vw, 1024px\" \/><\/figure>\n","protected":false},"excerpt":{"rendered":"<p>A Nunciatura Apost\u00f3lica no Brasil comunicou, nesta ter\u00e7a-feira, 31 de janeiro, a institui\u00e7\u00e3o de uma nova diocese no Regional Norte 3, que compreende o Tocantins, o Sudeste do Par\u00e1 e o Nordeste de Mato Grosso. O Papa Francisco autorizou a cria\u00e7\u00e3o&nbsp;&nbsp;da nova diocese de Aragua\u00edna, no norte do&nbsp; Tocantins, e nomeou seu primeiro bispo: dom &hellip;<\/p>\n","protected":false},"author":5,"featured_media":3766,"comment_status":"open","ping_status":"open","sticky":false,"template":"","format":"standard","meta":{"footnotes":""},"categories":[1],"tags":[],"class_list":["post-3763","post","type-post","status-publish","format-standard","has-post-thumbnail","","category-sem-categoria"],"_links":{"self":[{"href":"https:\/\/focotocantinense.com.br\/index.php?rest_route=\/wp\/v2\/posts\/3763","targetHints":{"allow":["GET"]}}],"collection":[{"href":"https:\/\/focotocantinense.com.br\/index.php?rest_route=\/wp\/v2\/posts"}],"about":[{"href":"https:\/\/focotocantinense.com.br\/index.php?rest_route=\/wp\/v2\/types\/post"}],"author":[{"embeddable":true,"href":"https:\/\/focotocantinense.com.br\/index.php?rest_route=\/wp\/v2\/users\/5"}],"replies":[{"embeddable":true,"href":"https:\/\/focotocantinense.com.br\/index.php?rest_route=%2Fwp%2Fv2%2Fcomments&post=3763"}],"version-history":[{"count":4,"href":"https:\/\/focotocantinense.com.br\/index.php?rest_route=\/wp\/v2\/posts\/3763\/revisions"}],"predecessor-version":[{"id":3772,"href":"https:\/\/focotocantinense.com.br\/index.php?rest_route=\/wp\/v2\/posts\/3763\/revisions\/3772"}],"wp:featuredmedia":[{"embeddable":true,"href":"https:\/\/focotocantinense.com.br\/index.php?rest_route=\/wp\/v2\/media\/3766"}],"wp:attachment":[{"href":"https:\/\/focotocantinense.com.br\/index.php?rest_route=%2Fwp%2Fv2%2Fmedia&parent=3763"}],"wp:term":[{"taxonomy":"category","embeddable":true,"href":"https:\/\/focotocantinense.com.br\/index.php?rest_route=%2Fwp%2Fv2%2Fcategories&post=3763"},{"taxonomy":"post_tag","embeddable":true,"href":"https:\/\/focotocantinense.com.br\/index.php?rest_route=%2Fwp%2Fv2%2Ftags&post=3763"}],"curies":[{"name":"wp","href":"https:\/\/api.w.org\/{rel}","templated":true}]}}