{"id":3757,"date":"2023-01-31T17:11:45","date_gmt":"2023-01-31T20:11:45","guid":{"rendered":"https:\/\/focotocantinense.com.br\/?p=3757"},"modified":"2023-01-31T17:13:24","modified_gmt":"2023-01-31T20:13:24","slug":"parlamentares-assumem-10a-legislatura-da-aleto-nesta-quarta-feira-1o","status":"publish","type":"post","link":"https:\/\/focotocantinense.com.br\/?p=3757","title":{"rendered":"Parlamentares assumem 10\u00aa Legislatura da Aleto nesta quarta-feira, 1\u00ba"},"content":{"rendered":"\n<figure class=\"wp-block-gallery has-nested-images columns-default is-cropped wp-block-gallery-1 is-layout-flex wp-block-gallery-is-layout-flex\">\n<figure class=\"wp-block-image size-large\"><img loading=\"lazy\" decoding=\"async\" width=\"1024\" height=\"509\" data-id=\"3760\" src=\"https:\/\/focotocantinense.com.br\/wp-content\/uploads\/2023\/01\/xxxxxx-1-1024x509.jpg\" alt=\"\" class=\"wp-image-3760\" srcset=\"https:\/\/focotocantinense.com.br\/wp-content\/uploads\/2023\/01\/xxxxxx-1-1024x509.jpg 1024w, https:\/\/focotocantinense.com.br\/wp-content\/uploads\/2023\/01\/xxxxxx-1-300x149.jpg 300w, https:\/\/focotocantinense.com.br\/wp-content\/uploads\/2023\/01\/xxxxxx-1-768x382.jpg 768w, https:\/\/focotocantinense.com.br\/wp-content\/uploads\/2023\/01\/xxxxxx-1.jpg 1082w\" sizes=\"auto, (max-width: 1024px) 100vw, 1024px\" \/><\/figure>\n<\/figure>\n\n\n\n<p>Acontece \u00e0s 9 horas da pr\u00f3xima quarta-feira, dia 1\u00ba de fevereiro, no plen\u00e1rio da Assembleia Legislativa do Estado do Tocantins (Aleto), sess\u00e3o especial de posse para a 10\u00aa Legislatura. Assumir\u00e1 a dire\u00e7\u00e3o dos trabalhos o \u00faltimo presidente, ou outro membro da Mesa anterior, se reeleito, preservada a hierarquia e, na falta destes, o deputado mais idoso, dentre os de maior n\u00famero de legislaturas.<\/p>\n\n\n\n<p>Declarada aberta a sess\u00e3o, o presidente convidar\u00e1 dois deputados, de partidos diferentes, para ocuparem a 1\u00aa e a 2\u00aa Secretarias e determinar\u00e1 ao 1\u00ba secret\u00e1rio que proclame os nomes dos deputados eleitos e diplomados.<\/p>\n\n\n\n<p>Em seguida, os deputados prestar\u00e3o o compromisso de posse, que ser\u00e1 lido uma \u00fanica vez pelo presidente em exerc\u00edcio. Ap\u00f3s a assinatura do termo de posse por todos os parlamentares, eles ser\u00e3o declarados empossados como deputados estaduais.<\/p>\n\n\n\n<p>Elei\u00e7\u00e3o<\/p>\n\n\n\n<p>Segundo o Regimento Interno da Aleto, no in\u00edcio da 1\u00aa Sess\u00e3o Legislativa, em sess\u00e3o extraordin\u00e1ria, realizar-se-\u00e1, em escrut\u00ednio secreto, com a presen\u00e7a da maioria absoluta dos deputados, a elei\u00e7\u00e3o da Mesa Diretora para os dois bi\u00eanios subsequentes.<\/p>\n\n\n\n<p>Na sess\u00e3o especial de posse, o presidente convocar\u00e1 sess\u00e3o extraordin\u00e1ria, a realizar-se at\u00e9 \u00e0s dezoito horas do mesmo dia, para a elei\u00e7\u00e3o dos membros da Mesa Diretora ao 1\u00ba e 2\u00ba bi\u00eanios.<\/p>\n\n\n\n<p>A condu\u00e7\u00e3o dos trabalhos caber\u00e1 \u00e0 Mesa que dirigiu a sess\u00e3o especial de posse. Enquanto n\u00e3o for escolhido o novo presidente, n\u00e3o se proceder\u00e1 \u00e0 vota\u00e7\u00e3o para os demais cargos.<\/p>\n\n\n\n<p>Os membros da Mesa Diretora e seus respectivos substitutos ser\u00e3o eleitos para um mandato de dois anos, na forma estabelecida pela Constitui\u00e7\u00e3o Estadual, sendo vedada a recondu\u00e7\u00e3o para qualquer cargo na elei\u00e7\u00e3o imediatamente subsequente, dentro da mesma legislatura ou na seguinte.<\/p>\n\n\n\n<p>A elei\u00e7\u00e3o dos membros da Mesa far-se-\u00e1 por escrut\u00ednio secreto, exigida maioria absoluta de votos, em primeiro escrut\u00ednio, e maioria simples, em segundo escrut\u00ednio, presente a maioria absoluta dos deputados.<\/p>\n\n\n\n<p>O presidente designar\u00e1 uma comiss\u00e3o composta de dois ou mais deputados, indicados por acordo das lideran\u00e7as dos partidos ou blocos parlamentares, para fiscalizar o pleito.<\/p>\n\n\n\n<p>Finda a elei\u00e7\u00e3o, o presidente eleito assumir\u00e1 imediatamente a presid\u00eancia e, ato cont\u00ednuo, empossar\u00e1 os demais membros da Mesa e seus substitutos.<\/p>\n\n\n\n<p>Deputados estaduais da 10\u00aa Legislatura (por ordem alfab\u00e9tica)<\/p>\n\n\n\n<p>Aldair da Costa Sousa (Gip\u00e3o) \u2013 PL;<\/p>\n\n\n\n<p>Am\u00e9lio Cayres de Almeida (Am\u00e9lio Cayres) &nbsp;\u2013 Republicanos;<\/p>\n\n\n\n<p>Antonio Jair de Abreu Farias (Jair Farias) \u2013 UB;<\/p>\n\n\n\n<p>Cl\u00e1udia Telles de Menezes Pires Martins Lelis (Cl\u00e1udia Lelis) \u2013 PV;<\/p>\n\n\n\n<p>Cleiton Cardoso de Almeida (Cleiton Cardoso) \u2013 Republicanos:<\/p>\n\n\n\n<p>Eduardo Bonagura (Eduardo do Dertins) \u2013 Cidadania;<\/p>\n\n\n\n<p>Eduardo Malheiros Ribeiro Fortes (Eduardo Fortes) \u2013 PSD;<\/p>\n\n\n\n<p>Eduardo Mantoan (Mantoan) \u2013 PSDB;<\/p>\n\n\n\n<p>Fabion Gomes de Sousa (Fabion Gomes) \u2013 PL;<\/p>\n\n\n\n<p>Gutierres Borges Torquato (Gutierres Torquato) \u2013 PDT;<\/p>\n\n\n\n<p>Ivory de Lira Aguiar Cunha (Ivory de Lira) \u2013 PCdoB;<\/p>\n\n\n\n<p>Janad Marques de Freitas Valcari (Professora Janad Valcari) \u2013 PL;<\/p>\n\n\n\n<p>Jorge Frederico (Jorge Frederico) \u2013 Republicanos;<\/p>\n\n\n\n<p>Jos\u00e9 Luiz Pereira J\u00fanior (Professor J\u00fanior Geo) \u2013 PSC;<\/p>\n\n\n\n<p>Luciano Pereira de Oliveira (Luciano Oliveira) \u2013 PSD;<\/p>\n\n\n\n<p>Marcus Marcelo de Barros Ara\u00fajo (Marcus Marcelo) \u2013 PL;<\/p>\n\n\n\n<p>Moisemar Alves Marinho (Moisemar Marinho) \u2013 PSB;<\/p>\n\n\n\n<p>Nilton Bandeira Franco (Nilton Franco) \u2013 Republicanos;<\/p>\n\n\n\n<p>Olyntho Garcia de Oliveira Neto (Olyntho Neto) \u2013 PRB;<\/p>\n\n\n\n<p>Valdemar Rodrigues Lima J\u00fanior (Valdemar J\u00fanior) \u2013 Republicanos;<\/p>\n\n\n\n<p>Vanderl\u00facia Monteiro de Castro Reis (Vanda Monteiro) \u2013 UB;<\/p>\n\n\n\n<p>Vilmar Alves de Oliveira (Vilmar de Oliveira) \u2013 SD;<\/p>\n\n\n\n<p>Wiston Gomes Dias (Wiston Gomes) \u2013 PSD;<\/p>\n\n\n\n<p>Yghor Leonardo Castro Leite (L\u00e9o Barbosa) \u2013 Republicanos.<\/p>\n\n\n\n<figure class=\"wp-block-image size-large\"><img loading=\"lazy\" decoding=\"async\" width=\"1024\" height=\"296\" src=\"https:\/\/focotocantinense.com.br\/wp-content\/uploads\/2023\/01\/veloso_banner-2-1024x296.jpeg\" alt=\"\" class=\"wp-image-3709\" srcset=\"https:\/\/focotocantinense.com.br\/wp-content\/uploads\/2023\/01\/veloso_banner-2-1024x296.jpeg 1024w, https:\/\/focotocantinense.com.br\/wp-content\/uploads\/2023\/01\/veloso_banner-2-300x87.jpeg 300w, https:\/\/focotocantinense.com.br\/wp-content\/uploads\/2023\/01\/veloso_banner-2-768x222.jpeg 768w, https:\/\/focotocantinense.com.br\/wp-content\/uploads\/2023\/01\/veloso_banner-2.jpeg 1156w\" sizes=\"auto, (max-width: 1024px) 100vw, 1024px\" \/><\/figure>\n","protected":false},"excerpt":{"rendered":"<p>Acontece \u00e0s 9 horas da pr\u00f3xima quarta-feira, dia 1\u00ba de fevereiro, no plen\u00e1rio da Assembleia Legislativa do Estado do Tocantins (Aleto), sess\u00e3o especial de posse para a 10\u00aa Legislatura. Assumir\u00e1 a dire\u00e7\u00e3o dos trabalhos o \u00faltimo presidente, ou outro membro da Mesa anterior, se reeleito, preservada a hierarquia e, na falta destes, o deputado mais &hellip;<\/p>\n","protected":false},"author":5,"featured_media":3758,"comment_status":"open","ping_status":"open","sticky":false,"template":"","format":"standard","meta":{"footnotes":""},"categories":[40],"tags":[],"class_list":["post-3757","post","type-post","status-publish","format-standard","has-post-thumbnail","","category-politica"],"_links":{"self":[{"href":"https:\/\/focotocantinense.com.br\/index.php?rest_route=\/wp\/v2\/posts\/3757","targetHints":{"allow":["GET"]}}],"collection":[{"href":"https:\/\/focotocantinense.com.br\/index.php?rest_route=\/wp\/v2\/posts"}],"about":[{"href":"https:\/\/focotocantinense.com.br\/index.php?rest_route=\/wp\/v2\/types\/post"}],"author":[{"embeddable":true,"href":"https:\/\/focotocantinense.com.br\/index.php?rest_route=\/wp\/v2\/users\/5"}],"replies":[{"embeddable":true,"href":"https:\/\/focotocantinense.com.br\/index.php?rest_route=%2Fwp%2Fv2%2Fcomments&post=3757"}],"version-history":[{"count":3,"href":"https:\/\/focotocantinense.com.br\/index.php?rest_route=\/wp\/v2\/posts\/3757\/revisions"}],"predecessor-version":[{"id":3762,"href":"https:\/\/focotocantinense.com.br\/index.php?rest_route=\/wp\/v2\/posts\/3757\/revisions\/3762"}],"wp:featuredmedia":[{"embeddable":true,"href":"https:\/\/focotocantinense.com.br\/index.php?rest_route=\/wp\/v2\/media\/3758"}],"wp:attachment":[{"href":"https:\/\/focotocantinense.com.br\/index.php?rest_route=%2Fwp%2Fv2%2Fmedia&parent=3757"}],"wp:term":[{"taxonomy":"category","embeddable":true,"href":"https:\/\/focotocantinense.com.br\/index.php?rest_route=%2Fwp%2Fv2%2Fcategories&post=3757"},{"taxonomy":"post_tag","embeddable":true,"href":"https:\/\/focotocantinense.com.br\/index.php?rest_route=%2Fwp%2Fv2%2Ftags&post=3757"}],"curies":[{"name":"wp","href":"https:\/\/api.w.org\/{rel}","templated":true}]}}