{"id":3754,"date":"2023-01-31T11:31:46","date_gmt":"2023-01-31T14:31:46","guid":{"rendered":"https:\/\/focotocantinense.com.br\/?p=3754"},"modified":"2023-01-31T11:31:46","modified_gmt":"2023-01-31T14:31:46","slug":"prefeita-josi-nunes-entrega-escrituras-para-76-familias-da-vila-independencia","status":"publish","type":"post","link":"https:\/\/focotocantinense.com.br\/?p=3754","title":{"rendered":"Prefeita Josi Nunes entrega escrituras para 76 fam\u00edlias da Vila Independ\u00eancia"},"content":{"rendered":"\n<p><strong>Prefeita Josi Nunes entrega escrituras para 76 fam\u00edlias da Vila Independ\u00eancia<\/strong><\/p>\n\n\n\n<p>Por Fernando Vieira \u2013 Secom Gurupi<\/p>\n\n\n\n<p>Fotos: Lino Vargas \u2013 Secom Gurupi<\/p>\n\n\n\n<p>\u201cEsperamos por 15 anos e agora recebemos a escritura da nossa casa, a palavra aqui \u00e9 gratid\u00e3o\u201d, disse o morador da Vila Independ\u00eancia, Alessandro Lopes, ap\u00f3s receber a escritura da sua resid\u00eancia na noite desta segunda-feira, 30. A solenidade de entrega de 76 t\u00edtulos de propriedade foi realizada pela Prefeitura de Gurupi, por meio da Secretaria Municipal de Desenvolvimento Urbano, e \u00e9 fruto do programa \u201cEscritura Gurupi\u201d.<\/p>\n\n\n\n<p>O programa de regulariza\u00e7\u00e3o fundi\u00e1ria conta com a parceria do Tribunal de Justi\u00e7a do Estado do Tocantins (TJ-TO), por meio do N\u00facleo de Preven\u00e7\u00e3o e Regulariza\u00e7\u00e3o Fundi\u00e1ria (Nupref), do Governo do Tocantins, por meio da Companhia Imobili\u00e1ria de Participa\u00e7\u00f5es, Investimentos e Parcerias (Tocantins Parcerias), e do Cart\u00f3rio de Registro de Im\u00f3veis de Gurupi.<\/p>\n\n\n\n<p>A prefeita de Gurupi, Josi Nunes, destacou que a regulariza\u00e7\u00e3o dos im\u00f3veis garante mais qualidade de vida para os moradores. \u201cFoi mais uma noite emocionante para nossa gest\u00e3o, pois a escritura traz seguran\u00e7a jur\u00eddica, justi\u00e7a e qualidade de vida para as fam\u00edlias, afinal de contas, eles passam a ser propriet\u00e1rios de direito do seu im\u00f3vel. Antes, eles n\u00e3o podiam vender o im\u00f3vel de forma regularizada, nem podiam adquirir cr\u00e9dito para uma reforma, mas agora, eles est\u00e3o legalizados, s\u00e3o donos e podem usufruir desse bem da melhor forma poss\u00edvel\u201d, disse. &nbsp;<\/p>\n\n\n\n<p>O Juiz auxiliar da presid\u00eancia do TJ-TO e coordenador do Nupref, Oc\u00e9lio Nobre, ressaltou que essa parceria do judici\u00e1rio com os munic\u00edpios resgata a dignidade das fam\u00edlias em situa\u00e7\u00e3o de moradia irregular. \u201cO poder judici\u00e1rio tem atuado dentro deste programa de regulariza\u00e7\u00e3o fundi\u00e1ria urbana como um parceiro incentivador e facilitador, reduzindo as burocracias para que os munic\u00edpios possam concluir os processos de regulariza\u00e7\u00e3o. Essa parceria com os munic\u00edpios consegue resgatar a cidadania e a valoriza\u00e7\u00e3o da dignidade humana, prestigiando o cidad\u00e3o com a escritura da sua casa\u201d, afirmou.<\/p>\n\n\n\n<p><strong>Gratid\u00e3o<\/strong><\/p>\n\n\n\n<p>Os moradores da Vila Independ\u00eancia fizeram quest\u00e3o de externar sua gratid\u00e3o ao trabalho da Prefeitura e dos parceiros que resultou na entrega das escrituras e que p\u00f4s fim a uma espera de 15 anos, desde a cria\u00e7\u00e3o do bairro em 2007.<\/p>\n\n\n\n<p>\u201c\u00c9 uma realiza\u00e7\u00e3o muito grande para n\u00f3s, pois tivemos a oportunidade de receber uma escritura que custaria em torno de R$ 3.500,00, e n\u00f3s n\u00e3o ter\u00edamos condi\u00e7\u00f5es de pagar, mas com esse trabalho da Prefeitura, tudo isso foi poss\u00edvel ent\u00e3o \u00e9 muito gratificante para n\u00f3s\u201d, disse o motorista Ant\u00f4nio Alves, morador do bairro.<\/p>\n\n\n\n<p>\u201c\u00c9 uma enorme gratid\u00e3o poder receber minha escritura, estou h\u00e1 tanto tempo esperando por esse documento que o sentimento n\u00e3o poderia ser outro, estou muito feliz\u201d, relatou a comerciante Erly da Costa Castro. &nbsp;&nbsp;&nbsp;&nbsp;<\/p>\n\n\n\n<p><strong>Escritura Gurupi<\/strong><\/p>\n\n\n\n<p>Lan\u00e7ado pela Prefeitura de Gurupi em fevereiro de 2022, o programa Escritura Gurupi intensificou as atividades de regulariza\u00e7\u00e3o fundi\u00e1ria no munic\u00edpio, visando proporcionar dignidade e seguran\u00e7a jur\u00eddica para 10.400 fam\u00edlias gurupienses. Com a entrega de escrituras na Vila Independ\u00eancia, j\u00e1 somam 817 t\u00edtulos de propriedade entregues ap\u00f3s a cria\u00e7\u00e3o do programa.<\/p>\n\n\n\n<p>O secret\u00e1rio municipal de Desenvolvimento Urbano, Eremilson Leite, acrescentou que o programa segue realizando processos de regulariza\u00e7\u00e3o em outros pontos da cidade e que as pr\u00f3ximas entregas de escrituras ser\u00e3o para o Povoado Trevo da Praia, Jardim da Luz, Setor Guida, e Avenida Sumar\u00e9 no bairro Bela Vista. &nbsp;&nbsp;<\/p>\n\n\n\n<p><strong>Presen\u00e7as<\/strong><\/p>\n\n\n\n<p>Tamb\u00e9m estiveram presentes no evento o Juiz de direito da Comarca de Cristal\u00e2ndia e pr\u00f3ximo coordenador do Nupref, Wellington Magalh\u00e3es; a desembargadora e pr\u00f3xima corregedora-geral da Justi\u00e7a do Tocantins, Maysa Vendramini; o presidente da Tocantins Parcerias, Aleandro Lacerda; a titular do cart\u00f3rio de registro de im\u00f3veis de Gurupi, Marlene Fernandes; o presidente da C\u00e2mara Municipal de Gurupi, Valdonio Rodrigues; vereadores e secret\u00e1rios municipais. <\/p>\n","protected":false},"excerpt":{"rendered":"<p>Prefeita Josi Nunes entrega escrituras para 76 fam\u00edlias da Vila Independ\u00eancia Por Fernando Vieira \u2013 Secom Gurupi Fotos: Lino Vargas \u2013 Secom Gurupi \u201cEsperamos por 15 anos e agora recebemos a escritura da nossa casa, a palavra aqui \u00e9 gratid\u00e3o\u201d, disse o morador da Vila Independ\u00eancia, Alessandro Lopes, ap\u00f3s receber a escritura da sua resid\u00eancia &hellip;<\/p>\n","protected":false},"author":5,"featured_media":3755,"comment_status":"open","ping_status":"open","sticky":false,"template":"","format":"standard","meta":{"footnotes":""},"categories":[1],"tags":[],"class_list":["post-3754","post","type-post","status-publish","format-standard","has-post-thumbnail","","category-sem-categoria"],"_links":{"self":[{"href":"https:\/\/focotocantinense.com.br\/index.php?rest_route=\/wp\/v2\/posts\/3754","targetHints":{"allow":["GET"]}}],"collection":[{"href":"https:\/\/focotocantinense.com.br\/index.php?rest_route=\/wp\/v2\/posts"}],"about":[{"href":"https:\/\/focotocantinense.com.br\/index.php?rest_route=\/wp\/v2\/types\/post"}],"author":[{"embeddable":true,"href":"https:\/\/focotocantinense.com.br\/index.php?rest_route=\/wp\/v2\/users\/5"}],"replies":[{"embeddable":true,"href":"https:\/\/focotocantinense.com.br\/index.php?rest_route=%2Fwp%2Fv2%2Fcomments&post=3754"}],"version-history":[{"count":1,"href":"https:\/\/focotocantinense.com.br\/index.php?rest_route=\/wp\/v2\/posts\/3754\/revisions"}],"predecessor-version":[{"id":3756,"href":"https:\/\/focotocantinense.com.br\/index.php?rest_route=\/wp\/v2\/posts\/3754\/revisions\/3756"}],"wp:featuredmedia":[{"embeddable":true,"href":"https:\/\/focotocantinense.com.br\/index.php?rest_route=\/wp\/v2\/media\/3755"}],"wp:attachment":[{"href":"https:\/\/focotocantinense.com.br\/index.php?rest_route=%2Fwp%2Fv2%2Fmedia&parent=3754"}],"wp:term":[{"taxonomy":"category","embeddable":true,"href":"https:\/\/focotocantinense.com.br\/index.php?rest_route=%2Fwp%2Fv2%2Fcategories&post=3754"},{"taxonomy":"post_tag","embeddable":true,"href":"https:\/\/focotocantinense.com.br\/index.php?rest_route=%2Fwp%2Fv2%2Ftags&post=3754"}],"curies":[{"name":"wp","href":"https:\/\/api.w.org\/{rel}","templated":true}]}}