{"id":3743,"date":"2023-01-27T22:16:49","date_gmt":"2023-01-28T01:16:49","guid":{"rendered":"https:\/\/focotocantinense.com.br\/?p=3743"},"modified":"2023-01-27T22:42:52","modified_gmt":"2023-01-28T01:42:52","slug":"mutuca-cast-cai-no-gosto-dos-gurupienses","status":"publish","type":"post","link":"https:\/\/focotocantinense.com.br\/?p=3743","title":{"rendered":"Mutuca Cast cai no gosto dos gurupienses"},"content":{"rendered":"\n<figure class=\"wp-block-image size-large is-resized\"><img loading=\"lazy\" decoding=\"async\" src=\"https:\/\/focotocantinense.com.br\/wp-content\/uploads\/2023\/01\/AAA-3-1024x576.jpg\" alt=\"\" class=\"wp-image-3744\" width=\"402\" height=\"225\" srcset=\"https:\/\/focotocantinense.com.br\/wp-content\/uploads\/2023\/01\/AAA-3-1024x576.jpg 1024w, https:\/\/focotocantinense.com.br\/wp-content\/uploads\/2023\/01\/AAA-3-300x169.jpg 300w, https:\/\/focotocantinense.com.br\/wp-content\/uploads\/2023\/01\/AAA-3-768x432.jpg 768w, https:\/\/focotocantinense.com.br\/wp-content\/uploads\/2023\/01\/AAA-3.jpg 1472w\" sizes=\"auto, (max-width: 402px) 100vw, 402px\" \/><\/figure>\n\n\n\n<p><strong><em>A dupla Rafael Rafiuski e Vin\u00edcius Martins, \u00e9 quem comanda o Mutuca Cast<\/em><\/strong><\/p>\n\n\n\n<p>Com o lema \u201cO Podcast diferente dos iguais; o podcast de voc\u00eas\u201d Mutuca Cast cai no gosto dos gurupienses. Um entretenimento na web que vem ganhando cada vez mais espa\u00e7o pelos internautas que procuram divers\u00e3o com boas hist\u00f3rias.<\/p>\n\n\n\n<p>O Mutuca Cast, com menos de um m\u00eas no ar, j\u00e1 alcan\u00e7ou mais de 50 mil impress\u00f5es no Instagram, quase 4 mil visualiza\u00e7\u00f5es no canal no YouTube e mais de 7.500 views no Tiktok.<\/p>\n\n\n\n<p>Comandado por Rafael Rafiuski e Vin\u00edcius Martins, o podcast tem em seu grande diferencial sua forma leve e descontra\u00edda, al\u00e9m de convidados que n\u00e3o est\u00e3o no gibi, os \u201can\u00f4nimos conhecidos\u201d, que n\u00e3o tem espa\u00e7o na grande m\u00eddia mais que no programa tem total destaque mostrando al\u00e9m do seu talento suas hist\u00f3rias de vida que tanto enriquecem o programa.<\/p>\n\n\n\n<p>Para Rafael Rafiuski, estamos conseguindo alcan\u00e7ar nosso objetivo que \u00e9 levar entretenimento e informa\u00e7\u00e3o de qualidade ao nosso p\u00fablico, com hist\u00f3rias que agregam sempre algo de valor na vida das pessoas.<\/p>\n\n\n\n<p>J\u00e1 Vin\u00edcius Martins, diz que o programa tem ganhado v\u00e1rios elogios, sendo acolhido pelo p\u00fablico n\u00e3o s\u00f3 de Gurupi mas tamb\u00e9m de outras cidades do Estado.<\/p>\n\n\n\n<p>O podcast acontecer\u00e1 toda segunda-feira, sempre a partir das 19hs, que voc\u00ea poder\u00e1 acompanhar pelos seguintes canais do Mutuca Cast clicando nos links abaixo:<\/p>\n\n\n\n<p>&nbsp;&nbsp;&nbsp;&nbsp;&nbsp;&nbsp;<strong>&nbsp;&nbsp;&nbsp;&nbsp;&nbsp; <a href=\"https:\/\/youtube.com\/@mutucacast\">YouTube<\/a><\/strong><\/p>\n\n\n\n<p>\u00b7&nbsp;&nbsp;&nbsp;&nbsp; &nbsp;&nbsp;&nbsp;&nbsp;<strong>&nbsp; <a href=\"https:\/\/instagram.com\/mutucacast\">Instagram<\/a><\/strong><\/p>\n\n\n\n<p>\u00b7&nbsp;&nbsp;&nbsp;&nbsp; &nbsp;&nbsp;&nbsp;&nbsp;<strong>&nbsp; <a href=\"https:\/\/m.facebook.com\/@mutucacast\">Facebook<\/a><\/strong><\/p>\n\n\n\n<p>\u00b7&nbsp;&nbsp;&nbsp;&nbsp; &nbsp;&nbsp;&nbsp;&nbsp;&nbsp;<strong> <a href=\"https:\/\/www.tiktok.com\/@mutucacast\">TikTok<\/a><\/strong><\/p>\n","protected":false},"excerpt":{"rendered":"<p>A dupla Rafael Rafiuski e Vin\u00edcius Martins, \u00e9 quem comanda o Mutuca Cast Com o lema \u201cO Podcast diferente dos iguais; o podcast de voc\u00eas\u201d Mutuca Cast cai no gosto dos gurupienses. Um entretenimento na web que vem ganhando cada vez mais espa\u00e7o pelos internautas que procuram divers\u00e3o com boas hist\u00f3rias. O Mutuca Cast, com &hellip;<\/p>\n","protected":false},"author":5,"featured_media":3744,"comment_status":"open","ping_status":"open","sticky":false,"template":"","format":"standard","meta":{"footnotes":""},"categories":[104,38],"tags":[],"class_list":["post-3743","post","type-post","status-publish","format-standard","has-post-thumbnail","","category-cultura","category-gurupi"],"_links":{"self":[{"href":"https:\/\/focotocantinense.com.br\/index.php?rest_route=\/wp\/v2\/posts\/3743","targetHints":{"allow":["GET"]}}],"collection":[{"href":"https:\/\/focotocantinense.com.br\/index.php?rest_route=\/wp\/v2\/posts"}],"about":[{"href":"https:\/\/focotocantinense.com.br\/index.php?rest_route=\/wp\/v2\/types\/post"}],"author":[{"embeddable":true,"href":"https:\/\/focotocantinense.com.br\/index.php?rest_route=\/wp\/v2\/users\/5"}],"replies":[{"embeddable":true,"href":"https:\/\/focotocantinense.com.br\/index.php?rest_route=%2Fwp%2Fv2%2Fcomments&post=3743"}],"version-history":[{"count":3,"href":"https:\/\/focotocantinense.com.br\/index.php?rest_route=\/wp\/v2\/posts\/3743\/revisions"}],"predecessor-version":[{"id":3750,"href":"https:\/\/focotocantinense.com.br\/index.php?rest_route=\/wp\/v2\/posts\/3743\/revisions\/3750"}],"wp:featuredmedia":[{"embeddable":true,"href":"https:\/\/focotocantinense.com.br\/index.php?rest_route=\/wp\/v2\/media\/3744"}],"wp:attachment":[{"href":"https:\/\/focotocantinense.com.br\/index.php?rest_route=%2Fwp%2Fv2%2Fmedia&parent=3743"}],"wp:term":[{"taxonomy":"category","embeddable":true,"href":"https:\/\/focotocantinense.com.br\/index.php?rest_route=%2Fwp%2Fv2%2Fcategories&post=3743"},{"taxonomy":"post_tag","embeddable":true,"href":"https:\/\/focotocantinense.com.br\/index.php?rest_route=%2Fwp%2Fv2%2Ftags&post=3743"}],"curies":[{"name":"wp","href":"https:\/\/api.w.org\/{rel}","templated":true}]}}