{"id":3735,"date":"2023-01-27T19:20:27","date_gmt":"2023-01-27T22:20:27","guid":{"rendered":"https:\/\/focotocantinense.com.br\/?p=3735"},"modified":"2023-01-27T19:29:03","modified_gmt":"2023-01-27T22:29:03","slug":"prefeitura-de-tocantinia-promove-jornada-pedagogica-para-professores-do-municipio","status":"publish","type":"post","link":"https:\/\/focotocantinense.com.br\/?p=3735","title":{"rendered":"Prefeitura de Tocant\u00ednia promove jornada pedag\u00f3gica para professores do munic\u00edpio"},"content":{"rendered":"\n<p><strong><em>Por Zacarias Martins<\/em><\/strong><\/p>\n\n\n\n<p>Com a abertura oficial na noite de quarta-feira (25),&nbsp;&nbsp; no audit\u00f3rio do Col\u00e9gio Batista, a Prefeitura de Tocant\u00ednia, por meio da Secretaria Municipal de Educa\u00e7\u00e3o (Semed) promoveu uma jornada pedag\u00f3gica cujo p\u00fablico-alvo foram os&nbsp; profissionais&nbsp; que atuam na Rede Municipal de Educa\u00e7\u00e3o. Essa jornada contou com o suporte t\u00e9cnico &nbsp;da empresa Farol do Saber e teve o apoio de outros parceiros.<\/p>\n\n\n\n<p>Na &nbsp;abertura desse evento aconteceu uma palestra do professor e psic\u00f3logo Ladislau Ribeiro que abordou a tem\u00e1tica da motiva\u00e7\u00e3o para a pr\u00e1tica docente. J\u00e1 nos dias 26 e 27 (quinta e sexta-feira), a jornada pedag\u00f3gica prosseguiu em unidades escolares do munic\u00edpio.<\/p>\n\n\n\n<p><strong>Universidade da Maturidade<\/strong><\/p>\n\n\n\n<p>J\u00e1 na quinta-feira, &nbsp;pela manh\u00e3, na abertura das atividades realizadas na Escola Municipal de Tempo Integral Ant\u00f4nio Benvindo, aconteceu uma palestra com&nbsp;o professor e coordenador nacional da Universidade da Maturidade (UMA), &nbsp;Dr. Luiz Sin\u00e9sio Silva Neto, que destacou&nbsp; que o envelhecimento \u00e9 uma realidade demogr\u00e1fica, social e individual, ressaltando, ainda, &nbsp;que no seu entender,&nbsp; &#8220;o envelhecimento da popula\u00e7\u00e3o no mundo \u00e9 a maior conquista social do s\u00e9culo XI\u201d.<\/p>\n\n\n\n<p>Por fim, o palestrante&nbsp; lembrou que a Universidade da Maturidade conta com tr\u00eas polos no munic\u00edpio de Tocant\u00ednia, inclusive, com o primeiro polo ind\u00edgena do Brasil,&nbsp; e explicou que trata-se de um programa de extens\u00e3o da Universidade Federal do Tocantins (UFT), e segundo ele,&nbsp; &nbsp;\u00e9 uma f\u00e1brica de desejos e de sonhos. \u201cDigo isso porque vi pessoas que entraram pelas portas da UMA carregando em si o peso da invisibilidade que muitas vezes \u00e9 imposta pela sociedade, com o passar do tempo, o invis\u00edvel se tornou o s\u00edmbolo de luta, vigor e que hoje se encontra &nbsp;com&nbsp; um diploma&nbsp; &nbsp;expedido por uma Universidade\u201d, ressaltou o coordenador.<\/p>\n\n\n\n<figure class=\"wp-block-image is-resized\"><img loading=\"lazy\" decoding=\"async\" src=\"http:\/\/n1to.com.br\/img\/uploads\/BBB_29.jpg\" alt=\"\" width=\"839\" height=\"504\"\/><\/figure>\n\n\n\n<p><strong>Mais atividades<\/strong><\/p>\n\n\n\n<p>Mestre em Educa\u00e7\u00e3o, a professora M\u00e1rcia Flausino, esteve na Escola Municipal Ana Alves de Brito, localizada no Povoado Palminha, onde trabalhou com os professores&nbsp; o tema: \u201cJogos e din\u00e2micas que estimulam a leitura, escrita, interpreta\u00e7\u00e3o e produ\u00e7\u00e3o textual\u201d.<\/p>\n\n\n\n<p>J\u00e1&nbsp; na Escola Municipal de Tempo Integral Ant\u00f4nio Benvindo, a professora&nbsp; Julienne Silveira, que \u00e9 Mestre em Letras, fez uma abordagem sobre a tecnologia da informa\u00e7\u00e3o e comunica\u00e7\u00e3o no est\u00edmulo \u00e0 aprendizagem de leitura, escrita, produ\u00e7\u00e3o e interpreta\u00e7\u00e3o textual, enquanto que a psic\u00f3loga &nbsp;Judite Elizabeth &nbsp;abordou o tema: &nbsp;\u201cDesafio e perspectiva inclusiva na Educa\u00e7\u00e3o Infantil, tendo como foco os profissionais que atuam &nbsp;&nbsp;em escolas&nbsp; urbanas da educa\u00e7\u00e3o infantil.<\/p>\n\n\n\n<p><strong>Educa\u00e7\u00e3o infantil e ind\u00edgena<\/strong><\/p>\n\n\n\n<p>Tamb\u00e9m, com&nbsp; foco nos profissionais das escolas de&nbsp; educa\u00e7\u00e3o infantil e ind\u00edgenas, a professora e&nbsp; gestora educacional,&nbsp; Edneis&nbsp; Rodrigues tratou sobre quest\u00f5es relacionadas ao&nbsp; planejamento na&nbsp; educa\u00e7\u00e3o&nbsp; infantil e escritura\u00e7\u00e3o&nbsp; de di\u00e1rios, juntamente com a&nbsp; pedagoga Evelyn Monique Pedagoga.<\/p>\n\n\n\n<figure class=\"wp-block-image is-resized\"><img loading=\"lazy\" decoding=\"async\" src=\"http:\/\/n1to.com.br\/img\/uploads\/CCC_16.jpg\" alt=\"\" width=\"836\" height=\"595\"\/><\/figure>\n\n\n\n<p><strong>Educa\u00e7\u00e3o de qualidade<\/strong><\/p>\n\n\n\n<p>O secret\u00e1rio de Educa\u00e7\u00e3o de Tocant\u00ednia, Andr\u00e9 Goveia, destaca que essa jornada pedag\u00f3gica \u00e9 mais uma forma de garantir uma Educa\u00e7\u00e3o p\u00fablica de qualidade para todos em Tocant\u00ednia, incluindo, tamb\u00e9m, a comunidade ind\u00edgena&nbsp; Xerente, atendendo assim, a uma determina\u00e7\u00e3o do prefeito Manoel Silvino que n\u00e3o tem medido esfor\u00e7os para buscar mecanismos que possibilitem aos professores da Rede Municipal de Educa\u00e7\u00e3o fortalecer seus conhecimentos, habilidades e compet\u00eancias, com pr\u00e1ticas inovadoras de ensino e aprendizagem, bem como, resgatando costumes regionais.<\/p>\n\n\n\n<p><strong>Depoimentos<\/strong><\/p>\n\n\n\n<p>Larissa Rocha, professora da Escola Ana Alves de Brito disse que a Jornada Pedag\u00f3gica agregou muito para engrandecer a educa\u00e7\u00e3o do campo, ampliando ainda mais o conhecimento dos nossos professores.&nbsp;<\/p>\n\n\n\n<p>Para &nbsp;Ana Raquel Brito da Cruz, que atua como coordenadora pedag\u00f3gica na Escola Municipal Professor Constantino Pedro de Castro, a Jornada Pedag\u00f3gica tem sua import\u00e2ncia, especialmente, por ser uma forma de garantir que os profissionais da educa\u00e7\u00e3o estejam mais preparados e qualificados em sala de aula. \u201cA tem\u00e1tica da tecnologia da informa\u00e7\u00e3o e comunica\u00e7\u00e3o no est\u00edmulo aprendizagem de leitura, escrita, produ\u00e7\u00e3o e interpreta\u00e7\u00e3o textual, abordada &nbsp;nesse evento, por exemplo,&nbsp; se mostrou de extrema utilidade, vez que vivemos numa uma era tecnol\u00f3gica onde n\u00e3o podemos mais deixar os nossos alunos&nbsp; \u00e0 margem dos novos conhecimentos tecnol\u00f3gicos\u201d, asseverou a coordenadora.<\/p>\n\n\n\n<p>Assim se expressou &nbsp;a professora Jacirene Xerente, &nbsp;da Escola Municipal Sims\u00e3ri: \u201cEsse momento formativo \u00e9 de suma import\u00e2ncia para os professores ind\u00edgenas que absorvem novos conhecimentos e trazem suas experi\u00eancias culturais para partilhar, &nbsp;voltando \u00e0s aldeias mais animados e fortalecidos a desenvolver pr\u00e1ticas inovadoras de ensino . Eu agrade\u00e7o a Prefeitura &nbsp;de Tocant\u00ednia e a Secretaria &nbsp;Municipal de Educa\u00e7\u00e3o, juntamente com toda equipe da Escola Sims\u00e3ri por essa oportunidade\u201d.<\/p>\n\n\n\n<figure class=\"wp-block-image is-resized\"><img loading=\"lazy\" decoding=\"async\" src=\"http:\/\/n1to.com.br\/img\/uploads\/DDD_6.jpg\" alt=\"\" width=\"840\" height=\"553\"\/><\/figure>\n\n\n\n<figure class=\"wp-block-image is-resized\"><img loading=\"lazy\" decoding=\"async\" src=\"http:\/\/n1to.com.br\/img\/uploads\/EEEEEE_2.jpg\" alt=\"\" width=\"838\" height=\"630\"\/><\/figure>\n","protected":false},"excerpt":{"rendered":"<p>Por Zacarias Martins Com a abertura oficial na noite de quarta-feira (25),&nbsp;&nbsp; no audit\u00f3rio do Col\u00e9gio Batista, a Prefeitura de Tocant\u00ednia, por meio da Secretaria Municipal de Educa\u00e7\u00e3o (Semed) promoveu uma jornada pedag\u00f3gica cujo p\u00fablico-alvo foram os&nbsp; profissionais&nbsp; que atuam na Rede Municipal de Educa\u00e7\u00e3o. Essa jornada contou com o suporte t\u00e9cnico &nbsp;da empresa Farol &hellip;<\/p>\n","protected":false},"author":5,"featured_media":3739,"comment_status":"open","ping_status":"open","sticky":false,"template":"","format":"standard","meta":{"footnotes":""},"categories":[78],"tags":[],"class_list":["post-3735","post","type-post","status-publish","format-standard","has-post-thumbnail","","category-tocantinia"],"_links":{"self":[{"href":"https:\/\/focotocantinense.com.br\/index.php?rest_route=\/wp\/v2\/posts\/3735","targetHints":{"allow":["GET"]}}],"collection":[{"href":"https:\/\/focotocantinense.com.br\/index.php?rest_route=\/wp\/v2\/posts"}],"about":[{"href":"https:\/\/focotocantinense.com.br\/index.php?rest_route=\/wp\/v2\/types\/post"}],"author":[{"embeddable":true,"href":"https:\/\/focotocantinense.com.br\/index.php?rest_route=\/wp\/v2\/users\/5"}],"replies":[{"embeddable":true,"href":"https:\/\/focotocantinense.com.br\/index.php?rest_route=%2Fwp%2Fv2%2Fcomments&post=3735"}],"version-history":[{"count":1,"href":"https:\/\/focotocantinense.com.br\/index.php?rest_route=\/wp\/v2\/posts\/3735\/revisions"}],"predecessor-version":[{"id":3737,"href":"https:\/\/focotocantinense.com.br\/index.php?rest_route=\/wp\/v2\/posts\/3735\/revisions\/3737"}],"wp:featuredmedia":[{"embeddable":true,"href":"https:\/\/focotocantinense.com.br\/index.php?rest_route=\/wp\/v2\/media\/3739"}],"wp:attachment":[{"href":"https:\/\/focotocantinense.com.br\/index.php?rest_route=%2Fwp%2Fv2%2Fmedia&parent=3735"}],"wp:term":[{"taxonomy":"category","embeddable":true,"href":"https:\/\/focotocantinense.com.br\/index.php?rest_route=%2Fwp%2Fv2%2Fcategories&post=3735"},{"taxonomy":"post_tag","embeddable":true,"href":"https:\/\/focotocantinense.com.br\/index.php?rest_route=%2Fwp%2Fv2%2Ftags&post=3735"}],"curies":[{"name":"wp","href":"https:\/\/api.w.org\/{rel}","templated":true}]}}