{"id":3727,"date":"2023-01-26T17:56:57","date_gmt":"2023-01-26T20:56:57","guid":{"rendered":"https:\/\/focotocantinense.com.br\/?p=3727"},"modified":"2023-01-26T18:10:53","modified_gmt":"2023-01-26T21:10:53","slug":"jornalista-zacarias-martins-ministra-palestra-sobre-marketing-digital-para-professores-de-escolas-municipais-de-tocantinia","status":"publish","type":"post","link":"https:\/\/focotocantinense.com.br\/?p=3727","title":{"rendered":"Jornalista Zacarias Martins ministra palestra sobre marketing digital para professores de escolas municipais de Tocant\u00ednia"},"content":{"rendered":"\n<p><strong><em>Por Leontina Martins&nbsp;<\/em><\/strong><\/p>\n\n\n\n<p><em>Na tarde desta quinta-feira (26), na&nbsp;<\/em>Escola Municipal de Tempo Integral Ant\u00f4nio Benvindo,&nbsp;<em>os professores que atuam no Sistema Municipal de Educa\u00e7\u00e3o de Tocant\u00ednia, assistiram uma palestra sobre marketing digital com o destacado jornalista e escritor Zacarias Martins.<\/em><\/p>\n\n\n\n<p><em>Essa palestra integra&nbsp;<\/em><em>a movimentada<\/em><em>&nbsp;programa\u00e7\u00e3o da Jornada Pedag\u00f3gica,&nbsp;<\/em><em>que est\u00e1<\/em><em>&nbsp;sendo realizada&nbsp;<\/em><em>pela&nbsp;<\/em>Prefeitura de Tocant\u00ednia, por meio da Secretaria Municipal de Educa\u00e7\u00e3o (Semed), e prossegue at\u00e9 sexta-feira (27).<\/p>\n\n\n\n<p><em><strong>Revolu\u00e7\u00e3o tecnol\u00f3gica<\/strong><\/em><\/p>\n\n\n\n<p>Em sua palestra, Zacarias Martins argumentou que a globaliza\u00e7\u00e3o e a revolu\u00e7\u00e3o tecnol\u00f3gica t\u00eam causado um enorme impacto em todos os setores de nossa sociedade, criando um novo padr\u00e3o de conhecimento, ressaltando que todas as mudan\u00e7as ocorridas a partir desse novo cen\u00e1rio fizeram surgir muitas press\u00f5es sobre a Escola e sobre os profissionais que nela atuam, e, consequentemente, para o direcionamento das pol\u00edticas educacionais.<\/p>\n\n\n\n<p>De acordo com o jornalista, os professores precisam se adequar continuamente a essas novas tecnologias para n\u00e3o ficarem com&nbsp;&nbsp;&nbsp;os conhecimentos defasados, por isso, elogiou a iniciativa da Semed, na pessoa do secret\u00e1rio de Educa\u00e7\u00e3o, Andr\u00e9 Goveia,&nbsp;&nbsp;pela realiza\u00e7\u00e3o de mais&nbsp;&nbsp;essa Jornada Pedag\u00f3gica.<\/p>\n\n\n\n<p><strong>Credenciais do palestrante<\/strong><\/p>\n\n\n\n<p>Poeta, jornalista profissional, formado pela Universidade de Gurupi (UnirG), al\u00e9m de cronista, conferencista e ativista cultural, Zacarias Martins&nbsp; possui publicados seis&nbsp;livros&nbsp;de poesias e um de cr\u00f4nicas (Hist\u00f3rias da hist\u00f3ria de Gurupi), que foi indicado por duas vezes para o exame &nbsp;vestibular da UnirG. No ano passado publicou &nbsp;o seu primeiro livro infantil. \u00c9 membro efetivo da Academia Tocantinense de Letras e participa como membro correspondente em v\u00e1rias Academias de Letras pelo pa\u00eds afora.<\/p>\n\n\n\n<figure class=\"wp-block-image size-full is-resized\"><img loading=\"lazy\" decoding=\"async\" src=\"https:\/\/focotocantinense.com.br\/wp-content\/uploads\/2023\/01\/ccccccccccc.jpg\" alt=\"\" class=\"wp-image-3728\" width=\"835\" height=\"564\" srcset=\"https:\/\/focotocantinense.com.br\/wp-content\/uploads\/2023\/01\/ccccccccccc.jpg 540w, https:\/\/focotocantinense.com.br\/wp-content\/uploads\/2023\/01\/ccccccccccc-300x203.jpg 300w, https:\/\/focotocantinense.com.br\/wp-content\/uploads\/2023\/01\/ccccccccccc-110x75.jpg 110w\" sizes=\"auto, (max-width: 835px) 100vw, 835px\" \/><\/figure>\n\n\n\n<figure class=\"wp-block-image size-full is-resized\"><img loading=\"lazy\" decoding=\"async\" src=\"https:\/\/focotocantinense.com.br\/wp-content\/uploads\/2023\/01\/EEEEEE.jpg\" alt=\"\" class=\"wp-image-3733\" width=\"839\" height=\"545\" srcset=\"https:\/\/focotocantinense.com.br\/wp-content\/uploads\/2023\/01\/EEEEEE.jpg 623w, https:\/\/focotocantinense.com.br\/wp-content\/uploads\/2023\/01\/EEEEEE-300x195.jpg 300w\" sizes=\"auto, (max-width: 839px) 100vw, 839px\" \/><\/figure>\n","protected":false},"excerpt":{"rendered":"<p>Por Leontina Martins&nbsp; Na tarde desta quinta-feira (26), na&nbsp;Escola Municipal de Tempo Integral Ant\u00f4nio Benvindo,&nbsp;os professores que atuam no Sistema Municipal de Educa\u00e7\u00e3o de Tocant\u00ednia, assistiram uma palestra sobre marketing digital com o destacado jornalista e escritor Zacarias Martins. Essa palestra integra&nbsp;a movimentada&nbsp;programa\u00e7\u00e3o da Jornada Pedag\u00f3gica,&nbsp;que est\u00e1&nbsp;sendo realizada&nbsp;pela&nbsp;Prefeitura de Tocant\u00ednia, por meio da Secretaria Municipal &hellip;<\/p>\n","protected":false},"author":5,"featured_media":3731,"comment_status":"open","ping_status":"open","sticky":false,"template":"","format":"standard","meta":{"footnotes":""},"categories":[1,78],"tags":[],"class_list":["post-3727","post","type-post","status-publish","format-standard","has-post-thumbnail","","category-sem-categoria","category-tocantinia"],"_links":{"self":[{"href":"https:\/\/focotocantinense.com.br\/index.php?rest_route=\/wp\/v2\/posts\/3727","targetHints":{"allow":["GET"]}}],"collection":[{"href":"https:\/\/focotocantinense.com.br\/index.php?rest_route=\/wp\/v2\/posts"}],"about":[{"href":"https:\/\/focotocantinense.com.br\/index.php?rest_route=\/wp\/v2\/types\/post"}],"author":[{"embeddable":true,"href":"https:\/\/focotocantinense.com.br\/index.php?rest_route=\/wp\/v2\/users\/5"}],"replies":[{"embeddable":true,"href":"https:\/\/focotocantinense.com.br\/index.php?rest_route=%2Fwp%2Fv2%2Fcomments&post=3727"}],"version-history":[{"count":3,"href":"https:\/\/focotocantinense.com.br\/index.php?rest_route=\/wp\/v2\/posts\/3727\/revisions"}],"predecessor-version":[{"id":3734,"href":"https:\/\/focotocantinense.com.br\/index.php?rest_route=\/wp\/v2\/posts\/3727\/revisions\/3734"}],"wp:featuredmedia":[{"embeddable":true,"href":"https:\/\/focotocantinense.com.br\/index.php?rest_route=\/wp\/v2\/media\/3731"}],"wp:attachment":[{"href":"https:\/\/focotocantinense.com.br\/index.php?rest_route=%2Fwp%2Fv2%2Fmedia&parent=3727"}],"wp:term":[{"taxonomy":"category","embeddable":true,"href":"https:\/\/focotocantinense.com.br\/index.php?rest_route=%2Fwp%2Fv2%2Fcategories&post=3727"},{"taxonomy":"post_tag","embeddable":true,"href":"https:\/\/focotocantinense.com.br\/index.php?rest_route=%2Fwp%2Fv2%2Ftags&post=3727"}],"curies":[{"name":"wp","href":"https:\/\/api.w.org\/{rel}","templated":true}]}}