{"id":3721,"date":"2023-01-25T16:19:54","date_gmt":"2023-01-25T19:19:54","guid":{"rendered":"https:\/\/focotocantinense.com.br\/?p=3721"},"modified":"2023-01-25T16:37:19","modified_gmt":"2023-01-25T19:37:19","slug":"lagoa-da-confusao-vai-contar-com-um-posto-de-atendimento-do-inss","status":"publish","type":"post","link":"https:\/\/focotocantinense.com.br\/?p=3721","title":{"rendered":"Lagoa da Confus\u00e3o vai contar com um Posto de Atendimento do INSS"},"content":{"rendered":"\n<p><strong>Por Zacarias Martins<\/strong><\/p>\n\n\n\n<p>Dando sequ\u00eancia&nbsp; ao leque de a\u00e7\u00f5es empreendidas pelo prefeito de Lagoa da Confus\u00e3o, Thiago Carlos, visando ampliar os benef\u00edcios da administra\u00e7\u00e3o municipal para melhor atender a &nbsp;popula\u00e7\u00e3o lagoense, nesta quarta-feira, dia 25, a&nbsp; secret\u00e1ria &nbsp;de Assist\u00eancia Social do munic\u00edpio, Anna Fl\u00e1via Cardoso, esteve em Palmas, onde assinou um termo de coopera\u00e7\u00e3o t\u00e9cnica, visando a instala\u00e7\u00e3o de uma unidade do Instituto Nacional do Seguro Social&nbsp;(INSS), na cidade.<\/p>\n\n\n\n<p>Para consolidar a instala\u00e7\u00e3o do INSS em Lagoa da Confus\u00e3o, a secret\u00e1ria Anna Fl\u00e1via Cardoso esteve na sede da Associa\u00e7\u00e3o Tocantinense dos Munic\u00edpios (ATM), para celebrar uma parceria e, dessa forma, tornar realidade uma antiga aspira\u00e7\u00e3o dos moradores de Lagoa da Confus\u00e3o.<\/p>\n\n\n\n<p>Satisfeita com as conversa\u00e7\u00f5es realizadas na ATM, a secret\u00e1ria Anna Fl\u00e1via anunciou que em breve, a unidade do INSS em Lagoa da Confus\u00e3o estar\u00e1 em seu pleno funcionamento, devendo funcionar no Resolve Lagoa, localizado na Rua Firmino Lacerda, cujo pr\u00e9dio se encontra em fase de conclus\u00e3o da obra.<\/p>\n\n\n\n<p>Dentre os servi\u00e7os que poder\u00e3o ser&nbsp;disponibilizados para&nbsp; o atendimento \u00e0&nbsp; popula\u00e7\u00e3o lagoense est\u00e3o quest\u00f5es relacionadas a aux\u00edlio doen\u00e7a; aux\u00edlio reclus\u00e3o; pens\u00e3o por morte; sal\u00e1rio fam\u00edlia; sal\u00e1rio maternidade; benef\u00edcios assistenciais e por tempo de contribui\u00e7\u00e3o, al\u00e9m de agendamentos e extratos.&nbsp; No local, os moradores de Lagoa da Confus\u00e3o poder\u00e3o tamb\u00e9m realizar cadastros, pedidos de transfer\u00eancias e procura\u00e7\u00f5es, bem como, solicitar a emiss\u00e3o de extrato de seus dados do Cadastro Nacional de Informa\u00e7\u00f5es Sociais (CNIS) e extrato de pagamento de benef\u00edcios, dentre outros.<\/p>\n\n\n\n<figure class=\"wp-block-image size-full\"><img loading=\"lazy\" decoding=\"async\" width=\"720\" height=\"720\" src=\"https:\/\/focotocantinense.com.br\/wp-content\/uploads\/2023\/01\/241043979_10208445390928608_1999121170765038133_n.jpg\" alt=\"\" class=\"wp-image-3723\" srcset=\"https:\/\/focotocantinense.com.br\/wp-content\/uploads\/2023\/01\/241043979_10208445390928608_1999121170765038133_n.jpg 720w, https:\/\/focotocantinense.com.br\/wp-content\/uploads\/2023\/01\/241043979_10208445390928608_1999121170765038133_n-300x300.jpg 300w, https:\/\/focotocantinense.com.br\/wp-content\/uploads\/2023\/01\/241043979_10208445390928608_1999121170765038133_n-150x150.jpg 150w\" sizes=\"auto, (max-width: 720px) 100vw, 720px\" \/><\/figure>\n","protected":false},"excerpt":{"rendered":"<p>Por Zacarias Martins Dando sequ\u00eancia&nbsp; ao leque de a\u00e7\u00f5es empreendidas pelo prefeito de Lagoa da Confus\u00e3o, Thiago Carlos, visando ampliar os benef\u00edcios da administra\u00e7\u00e3o municipal para melhor atender a &nbsp;popula\u00e7\u00e3o lagoense, nesta quarta-feira, dia 25, a&nbsp; secret\u00e1ria &nbsp;de Assist\u00eancia Social do munic\u00edpio, Anna Fl\u00e1via Cardoso, esteve em Palmas, onde assinou um termo de coopera\u00e7\u00e3o t\u00e9cnica, &hellip;<\/p>\n","protected":false},"author":5,"featured_media":3723,"comment_status":"open","ping_status":"open","sticky":false,"template":"","format":"standard","meta":{"footnotes":""},"categories":[71],"tags":[],"class_list":["post-3721","post","type-post","status-publish","format-standard","has-post-thumbnail","","category-lagoa-da-confusao"],"_links":{"self":[{"href":"https:\/\/focotocantinense.com.br\/index.php?rest_route=\/wp\/v2\/posts\/3721","targetHints":{"allow":["GET"]}}],"collection":[{"href":"https:\/\/focotocantinense.com.br\/index.php?rest_route=\/wp\/v2\/posts"}],"about":[{"href":"https:\/\/focotocantinense.com.br\/index.php?rest_route=\/wp\/v2\/types\/post"}],"author":[{"embeddable":true,"href":"https:\/\/focotocantinense.com.br\/index.php?rest_route=\/wp\/v2\/users\/5"}],"replies":[{"embeddable":true,"href":"https:\/\/focotocantinense.com.br\/index.php?rest_route=%2Fwp%2Fv2%2Fcomments&post=3721"}],"version-history":[{"count":3,"href":"https:\/\/focotocantinense.com.br\/index.php?rest_route=\/wp\/v2\/posts\/3721\/revisions"}],"predecessor-version":[{"id":3726,"href":"https:\/\/focotocantinense.com.br\/index.php?rest_route=\/wp\/v2\/posts\/3721\/revisions\/3726"}],"wp:featuredmedia":[{"embeddable":true,"href":"https:\/\/focotocantinense.com.br\/index.php?rest_route=\/wp\/v2\/media\/3723"}],"wp:attachment":[{"href":"https:\/\/focotocantinense.com.br\/index.php?rest_route=%2Fwp%2Fv2%2Fmedia&parent=3721"}],"wp:term":[{"taxonomy":"category","embeddable":true,"href":"https:\/\/focotocantinense.com.br\/index.php?rest_route=%2Fwp%2Fv2%2Fcategories&post=3721"},{"taxonomy":"post_tag","embeddable":true,"href":"https:\/\/focotocantinense.com.br\/index.php?rest_route=%2Fwp%2Fv2%2Ftags&post=3721"}],"curies":[{"name":"wp","href":"https:\/\/api.w.org\/{rel}","templated":true}]}}