{"id":3711,"date":"2023-01-25T14:27:06","date_gmt":"2023-01-25T17:27:06","guid":{"rendered":"https:\/\/focotocantinense.com.br\/?p=3711"},"modified":"2023-01-25T14:34:21","modified_gmt":"2023-01-25T17:34:21","slug":"escritor-tocantinense-zacarias-martins-esta-presente-no-almanaque-santo-antonio-2023-da-editora-vozes","status":"publish","type":"post","link":"https:\/\/focotocantinense.com.br\/?p=3711","title":{"rendered":"<strong>Escritor \u00a0tocantinense Zacarias Martins est\u00e1 presente no Almanaque Santo Ant\u00f4nio-2023, da editora Vozes<\/strong>"},"content":{"rendered":"\n<figure class=\"wp-block-image size-full\"><img loading=\"lazy\" decoding=\"async\" width=\"394\" height=\"500\" src=\"https:\/\/focotocantinense.com.br\/wp-content\/uploads\/2023\/01\/AAA.webp\" alt=\"\" class=\"wp-image-3718\" srcset=\"https:\/\/focotocantinense.com.br\/wp-content\/uploads\/2023\/01\/AAA.webp 394w, https:\/\/focotocantinense.com.br\/wp-content\/uploads\/2023\/01\/AAA-236x300.webp 236w\" sizes=\"auto, (max-width: 394px) 100vw, 394px\" \/><\/figure>\n\n\n\n<p><\/p>\n\n\n\n<p><em>Publica\u00e7\u00e3o campe\u00e3 de vendas no Brasil pela Editora Vozes, uma das maiores editoras do pa\u00eds, o&nbsp;<strong>Almanaque Santo Ant\u00f4nio \u2013 2023<\/strong>, sob a coordena\u00e7\u00e3o de Frei Edrian Josu\u00e9 Pasini, traz colabora\u00e7\u00f5es do escritor,&nbsp; jornalista e ativista cultural&nbsp; tocantinense Zacarias Martins, de Gurupi, Membro Correspondente da Academia Imperatrizense de Letras.<\/em><\/p>\n\n\n\n<p>O livro \u00e9 publicado h\u00e1 46 anos e faz muito sucesso por ser uma esp\u00e9cie de mini biblioteca popular. Zacarias Martins, que participa da publica\u00e7\u00e3o h\u00e1 31 anos consecutivos informa que no Almanaque, o leitor vai encontrar de tudo um pouco: curiosidades, datas comemorativas, dicas de culin\u00e1ria, no\u00e7\u00f5es de ecologia, educa\u00e7\u00e3o, folclore, passatempo, sa\u00fade, al\u00e9m de fatos que marcaram a hist\u00f3ria brasileira e universal e muito mais.<\/p>\n\n\n\n<p>\u201c<em>Credita-se o sucesso da publica\u00e7\u00e3o \u00e0 sua linguagem l\u00fadica e de f\u00e1cil assimila\u00e7\u00e3o\u201d,&nbsp;<\/em>explica Martins, ressaltando sentir-se gratificado em participar dessa obra liter\u00e1ria por se tratar de uma publica\u00e7\u00e3o multitem\u00e1tica, rica em sabedoria cient\u00edfica e popular.&nbsp;<em>\u201cSempre novo e atual, o Almanaque Santo Ant\u00f4nio \u00e9 indicado para a fam\u00edlia, para o estudante e para o professor\u201d,&nbsp;<\/em>observa.<\/p>\n\n\n\n<p><strong>Sobre os Almanaques<\/strong><\/p>\n\n\n\n<p>Zacarias Martins destaca que a cultura de almanaque pode ser uma via facilitadora para a amplia\u00e7\u00e3o do conhecimento humano, j\u00e1 que trata de assuntos diversos, apresenta saberes e desperta a sede de curiosidade. \u201c<em>Ao abrirmos um exemplar temos contato com o seu rico conte\u00fado que nos diz muito em poucas palavras, mostra-nos a dire\u00e7\u00e3o e nos fala de coisas que auxiliam o nosso modo de viver. Sua utilidade consiste em nos ajudar a ver o mundo na \u00f3tica do bom saber, na \u00e9tica das boas escolha,\u201d<\/em>&nbsp;explica Zacarias Martins.<\/p>\n\n\n\n<figure class=\"wp-block-image size-large\"><img loading=\"lazy\" decoding=\"async\" width=\"1024\" height=\"576\" src=\"https:\/\/focotocantinense.com.br\/wp-content\/uploads\/2023\/01\/5-Zacarias-Martins-Foto-Rita-Salera-Almanaque-Santo-Antonio-1024x576.jpg\" alt=\"\" class=\"wp-image-3715\" srcset=\"https:\/\/focotocantinense.com.br\/wp-content\/uploads\/2023\/01\/5-Zacarias-Martins-Foto-Rita-Salera-Almanaque-Santo-Antonio-1024x576.jpg 1024w, https:\/\/focotocantinense.com.br\/wp-content\/uploads\/2023\/01\/5-Zacarias-Martins-Foto-Rita-Salera-Almanaque-Santo-Antonio-300x169.jpg 300w, https:\/\/focotocantinense.com.br\/wp-content\/uploads\/2023\/01\/5-Zacarias-Martins-Foto-Rita-Salera-Almanaque-Santo-Antonio-768x432.jpg 768w, https:\/\/focotocantinense.com.br\/wp-content\/uploads\/2023\/01\/5-Zacarias-Martins-Foto-Rita-Salera-Almanaque-Santo-Antonio-1536x864.jpg 1536w, https:\/\/focotocantinense.com.br\/wp-content\/uploads\/2023\/01\/5-Zacarias-Martins-Foto-Rita-Salera-Almanaque-Santo-Antonio.jpg 1600w\" sizes=\"auto, (max-width: 1024px) 100vw, 1024px\" \/><\/figure>\n","protected":false},"excerpt":{"rendered":"<p>Publica\u00e7\u00e3o campe\u00e3 de vendas no Brasil pela Editora Vozes, uma das maiores editoras do pa\u00eds, o&nbsp;Almanaque Santo Ant\u00f4nio \u2013 2023, sob a coordena\u00e7\u00e3o de Frei Edrian Josu\u00e9 Pasini, traz colabora\u00e7\u00f5es do escritor,&nbsp; jornalista e ativista cultural&nbsp; tocantinense Zacarias Martins, de Gurupi, Membro Correspondente da Academia Imperatrizense de Letras. O livro \u00e9 publicado h\u00e1 46 anos &hellip;<\/p>\n","protected":false},"author":5,"featured_media":3712,"comment_status":"open","ping_status":"open","sticky":false,"template":"","format":"standard","meta":{"footnotes":""},"categories":[104,38,91],"tags":[],"class_list":["post-3711","post","type-post","status-publish","format-standard","has-post-thumbnail","","category-cultura","category-gurupi","category-zacarias-martins"],"_links":{"self":[{"href":"https:\/\/focotocantinense.com.br\/index.php?rest_route=\/wp\/v2\/posts\/3711","targetHints":{"allow":["GET"]}}],"collection":[{"href":"https:\/\/focotocantinense.com.br\/index.php?rest_route=\/wp\/v2\/posts"}],"about":[{"href":"https:\/\/focotocantinense.com.br\/index.php?rest_route=\/wp\/v2\/types\/post"}],"author":[{"embeddable":true,"href":"https:\/\/focotocantinense.com.br\/index.php?rest_route=\/wp\/v2\/users\/5"}],"replies":[{"embeddable":true,"href":"https:\/\/focotocantinense.com.br\/index.php?rest_route=%2Fwp%2Fv2%2Fcomments&post=3711"}],"version-history":[{"count":4,"href":"https:\/\/focotocantinense.com.br\/index.php?rest_route=\/wp\/v2\/posts\/3711\/revisions"}],"predecessor-version":[{"id":3720,"href":"https:\/\/focotocantinense.com.br\/index.php?rest_route=\/wp\/v2\/posts\/3711\/revisions\/3720"}],"wp:featuredmedia":[{"embeddable":true,"href":"https:\/\/focotocantinense.com.br\/index.php?rest_route=\/wp\/v2\/media\/3712"}],"wp:attachment":[{"href":"https:\/\/focotocantinense.com.br\/index.php?rest_route=%2Fwp%2Fv2%2Fmedia&parent=3711"}],"wp:term":[{"taxonomy":"category","embeddable":true,"href":"https:\/\/focotocantinense.com.br\/index.php?rest_route=%2Fwp%2Fv2%2Fcategories&post=3711"},{"taxonomy":"post_tag","embeddable":true,"href":"https:\/\/focotocantinense.com.br\/index.php?rest_route=%2Fwp%2Fv2%2Ftags&post=3711"}],"curies":[{"name":"wp","href":"https:\/\/api.w.org\/{rel}","templated":true}]}}